{"id":16121,"date":"2014-11-11T13:59:14","date_gmt":"2014-11-11T18:59:14","guid":{"rendered":"https:\/\/arcoiris.com.co\/v3\/?p=16121"},"modified":"2019-08-26T15:08:53","modified_gmt":"2019-08-26T20:08:53","slug":"cartagena-heroica-viva-romero-abajo-vernon","status":"publish","type":"post","link":"https:\/\/arcoiris.com.co\/v3\/2014\/11\/cartagena-heroica-viva-romero-abajo-vernon\/","title":{"rendered":"Cartagena her\u00f3ica: \u00a1Viva Romero, abajo Vernon!"},"content":{"rendered":"<div id=\"attachment_16122\" style=\"width: 460px\" class=\"wp-caption aligncenter\"><a href=\"https:\/\/arcoiris.com.co\/v3\/wp-content\/uploads\/2014\/11\/ilemancipacion.gif\"><img loading=\"lazy\" decoding=\"async\" aria-describedby=\"caption-attachment-16122\" class=\"wp-image-16122 size-full\" src=\"https:\/\/arcoiris.com.co\/v3\/wp-content\/uploads\/2014\/11\/ilemancipacion.gif\" alt=\"ilemancipacion\" width=\"450\" height=\"166\" \/><\/a><p id=\"caption-attachment-16122\" class=\"wp-caption-text\">Foto: www.cartagenacaribe.com<\/p><\/div>\n<p style=\"text-align: justify;\">Guillermo Segovia Mora<\/p>\n<p style=\"text-align: justify;\">Hace unos treinta a\u00f1os, desde los tenderetes pestilentes alrededor del mercado de \u00a0Bazurto, los parlantes de los toldos de la playa o entre las callejuelas de la ciudad vieja, se escuchaba la voz sabrosa del getsemanisense Lucho Arga\u00edn con la Sonora Dinamita, cantando su preg\u00f3n, mientras las negras palenqueras con su batea de frutas en la cabeza meneaban las caderas y coreaban:<\/p>\n<p>\u201cAaaaaaaaaaaaaa!!!<br \/>\nBarrio de Getseman\u00ed<br \/>\ncon tus grandes deportistas<br \/>\nboxeadores, beisbolistas<br \/>\ncantantes y pregoneros.<br \/>\nQue lo sepa el mundo entero<br \/>\nque aqu\u00ed en la plaza del boze<br \/>\nfue que un cubano glorioso<br \/>\ndio el grito de independencia.<br \/>\nAqu\u00ed naci\u00f3 la insurgencia<br \/>\ndel pueblo cartagenero<br \/>\npara que los chapetones<br \/>\nse devuelvan de nuestro suelo.<br \/>\nSoy orgulloso de ser getsemanisense,<br \/>\nque dicha grande ser nacido en Cartagena.\u201d<\/p>\n<p style=\"text-align: justify;\">Era el homenaje popular al 11 de Noviembre de 1811, cuando ante la indecisi\u00f3n interesada del notablato de la Junta de Gobierno de Cartagena frente a la monarqu\u00eda espa\u00f1ola, el pueblo de artesanos pardos, negros, zambos y mulatos, proveniente de los arrabales de Getseman\u00ed, aliado con rebeldes momposinos, liderados por Gabriel Guti\u00e9rrez de Pi\u00f1eres, asalt\u00f3 la sala de armas de la Plaza de la Aduana y, respaldado por los \u00a0batallones populares Lanceros de Getseman\u00ed y Patriotas Pardos, plant\u00f3 guardia frente a la Gobernaci\u00f3n para exigir a voz en cuello: \u00a1Independencia ya!<\/p>\n<p style=\"text-align: justify;\">Al frente de esa tropa de descamisados estaba el herrero Pedro Romero, oriundo de Matanzas, Cuba, de donde fue tra\u00eddo para trabajar en los fuertes de la ciudad -seg\u00fan afirman los que han seguido sus huellas- quien dej\u00f3 fundido su sudor en varios campanarios de las iglesias de la ciudad. Ante los espa\u00f1oles gestionaba educaci\u00f3n y trabajo para sus familiares, mientras preparaba la marcha independentista a golpe de martillo. Como la junta, entre discursos, acusaciones y diferencias mayores y menores, alargaba el tiempo para no tomar la decisi\u00f3n de romper con la monarqu\u00eda, Romero y su gente asaltaron el sal\u00f3n y, con malas palabras y amenazas en serio, juraron \u00abderramar hasta la \u00faltima gota de sangre antes que faltar a tan sagrado comprometimiento\u00bb.<\/p>\n<p style=\"text-align: justify;\">Leer texto completo:<\/p>\n<p><iframe loading=\"lazy\" src=\"\/\/e.issuu.com\/embed.html#3692087\/10105556\" width=\"525\" height=\"340\" frameborder=\"0\" allowfullscreen=\"allowfullscreen\"><\/iframe><\/p>\n","protected":false},"excerpt":{"rendered":"<p>Guillermo Segovia Mora Hace unos treinta a\u00f1os, desde los tenderetes pestilentes alrededor del mercado de \u00a0Bazurto, los parlantes de los toldos de la playa o entre las callejuelas de la ciudad vieja, se escuchaba la voz sabrosa del getsemanisense Lucho Arga\u00edn con la Sonora Dinamita, cantando su preg\u00f3n, mientras las negras palenqueras con su batea [&hellip;]<\/p>\n","protected":false},"author":3,"featured_media":16122,"comment_status":"closed","ping_status":"closed","sticky":false,"template":"","format":"standard","meta":{"_et_pb_use_builder":"","_et_pb_old_content":"","_et_gb_content_width":"","footnotes":""},"categories":[1],"tags":[504,505],"class_list":["post-16121","post","type-post","status-publish","format-standard","has-post-thumbnail","hentry","category-uncategorized","tag-cartagena","tag-independencia"],"_links":{"self":[{"href":"https:\/\/arcoiris.com.co\/v3\/wp-json\/wp\/v2\/posts\/16121","targetHints":{"allow":["GET"]}}],"collection":[{"href":"https:\/\/arcoiris.com.co\/v3\/wp-json\/wp\/v2\/posts"}],"about":[{"href":"https:\/\/arcoiris.com.co\/v3\/wp-json\/wp\/v2\/types\/post"}],"author":[{"embeddable":true,"href":"https:\/\/arcoiris.com.co\/v3\/wp-json\/wp\/v2\/users\/3"}],"replies":[{"embeddable":true,"href":"https:\/\/arcoiris.com.co\/v3\/wp-json\/wp\/v2\/comments?post=16121"}],"version-history":[{"count":0,"href":"https:\/\/arcoiris.com.co\/v3\/wp-json\/wp\/v2\/posts\/16121\/revisions"}],"wp:featuredmedia":[{"embeddable":true,"href":"https:\/\/arcoiris.com.co\/v3\/wp-json\/wp\/v2\/media\/16122"}],"wp:attachment":[{"href":"https:\/\/arcoiris.com.co\/v3\/wp-json\/wp\/v2\/media?parent=16121"}],"wp:term":[{"taxonomy":"category","embeddable":true,"href":"https:\/\/arcoiris.com.co\/v3\/wp-json\/wp\/v2\/categories?post=16121"},{"taxonomy":"post_tag","embeddable":true,"href":"https:\/\/arcoiris.com.co\/v3\/wp-json\/wp\/v2\/tags?post=16121"}],"curies":[{"name":"wp","href":"https:\/\/api.w.org\/{rel}","templated":true}]}}