{"id":16148,"date":"2014-11-12T10:47:09","date_gmt":"2014-11-12T15:47:09","guid":{"rendered":"https:\/\/arcoiris.com.co\/v3\/?p=16148"},"modified":"2019-08-26T15:08:53","modified_gmt":"2019-08-26T20:08:53","slug":"incoherencia-del-gobierno-y-de-todos-en-tierras-y-territorios","status":"publish","type":"post","link":"https:\/\/arcoiris.com.co\/v3\/2014\/11\/incoherencia-del-gobierno-y-de-todos-en-tierras-y-territorios\/","title":{"rendered":"\u201cIncoherencia del Gobierno  y de todos en Tierras y Territorios\u201d"},"content":{"rendered":"<div id=\"attachment_16149\" style=\"width: 630px\" class=\"wp-caption alignleft\"><a href=\"https:\/\/arcoiris.com.co\/v3\/wp-content\/uploads\/2014\/11\/0-510.jpg\"><img loading=\"lazy\" decoding=\"async\" aria-describedby=\"caption-attachment-16149\" class=\"size-large wp-image-16149\" src=\"https:\/\/arcoiris.com.co\/v3\/wp-content\/uploads\/2014\/11\/0-510-640x320.jpg\" alt=\"Foto: http:\/\/www.cesarnoticias.com\/\" width=\"620\" height=\"310\" srcset=\"https:\/\/arcoiris.com.co\/v3\/wp-content\/uploads\/2014\/11\/0-510-640x320.jpg 640w, https:\/\/arcoiris.com.co\/v3\/wp-content\/uploads\/2014\/11\/0-510-300x150.jpg 300w, https:\/\/arcoiris.com.co\/v3\/wp-content\/uploads\/2014\/11\/0-510.jpg 679w\" sizes=\"(max-width: 620px) 100vw, 620px\" \/><\/a><p id=\"caption-attachment-16149\" class=\"wp-caption-text\">Foto: http:\/\/www.cesarnoticias.com\/<\/p><\/div>\n<p style=\"text-align: justify;\">Es una reflexi\u00f3n sobre la incoherencia en tierras y territorios \u00a0en medio de una coyuntura \u00a0nacional y prolongada, mediadas por:<\/p>\n<p style=\"text-align: justify;\">&#8211; \u00a0Marchas, paros y mingas de campesinos e ind\u00edgenas.<\/p>\n<p style=\"text-align: justify;\">&#8211; \u00a0Conflictos \u00a0en los territorios.<\/p>\n<p style=\"text-align: justify;\">&#8211; \u00a0Polarizaci\u00f3n \u00a0de las bancadas en el congreso.<\/p>\n<p style=\"text-align: justify;\">&#8211; \u00a0Intereses a gran escala \u00a0\u00a0de los bald\u00edos por los grandes empresarios.<\/p>\n<p style=\"text-align: justify;\">&#8211; \u00a0Trazada por lo que ocurra en \u00a0el propio proceso de paz.<\/p>\n<p style=\"text-align: justify;\"><strong>El gran bot\u00edn se llama los bald\u00edos,<\/strong> all\u00ed reposan \u00a0gran parte del agua dulce en Colombia, miner\u00eda y tierras f\u00e9rtiles. En esos lugares est\u00e1 la disputa territorial \u00a0incrementada por el actual Gobierno; debido a la no sincronizaci\u00f3n, previsi\u00f3n, planeaci\u00f3n territorial rural, descoordinaci\u00f3n \u00a0e incoherencia en las siguientes iniciativas.<\/p>\n<ol style=\"text-align: justify;\">\n<li>Tierras bald\u00edas para Ind\u00edgenas, mediante la protecci\u00f3n de los territorios ancestrales, compromiso del gobierno en la minga de octubre de 2103. El ministro Cristo se comprometi\u00f3 a decretar la protecci\u00f3n ancestral de los territorios ind\u00edgenas antes del 31 de octubre de 2014 y no cumpli\u00f3.<\/li>\n<li>Tierras bald\u00edas para peque\u00f1os y medianos campesinos, mediante las zonas de Reservas campesinas. Sumado a la propuesta de Reforma Rural Integral RRI y el Fondo de tierras, para campesinos\u00a0 sin tierras o con escaza tierras en la Habana. El Gobierno con las protestas del Catatumbo tampoco \u00a0le cumpli\u00f3 a los campesinos.<\/li>\n<li>Tierras bald\u00edas para ganader\u00eda, agro industria y miner\u00eda, \u00a0mediante la nueva \u00a0iniciativa denominada\u00a0Zonas de Inter\u00e9s de Desarrollo Rural y Econ\u00f3mico \u2013ZIDRE. \u00a0El Gobierno no puede cumplir esta\u00a0iniciativa, puesto que la Corte Constitucional en Sentencia C 317 de Julio de 2014, en Demanda que el suscrito present\u00f3, fue clara en decir que frente a la disputa de tierras bald\u00edas la prioridad la tienen los ind\u00edgenas y los afros.<\/li>\n<\/ol>\n<p style=\"text-align: justify;\">\u00a0Que incoherencia, las iniciativas del Gobierno son contentillo a todos y \u00a0se contraponen \u00a0unas con otras y \u00a0se anulan entre s\u00ed, no se complementan para nada. Pareciera que el Gobierno mirar\u00e1 a los ind\u00edgenas, a los campesinos y a los empresarios como tres peros hambrientos y para ello hay que contentarlos con pedacillos de pan para que en el territorio se despedacen\u00a0 y agudicen los problemas territoriales.<\/p>\n<p style=\"text-align: justify;\">Para completar las Zonas de Reserva Forestal, se han convertido en el tesoro escondido de la disputa territorial donde hay que vulnerar, debido a que cualquier medida que se tomen hay que hacer sustracci\u00f3n de zonas\u00a0 de reserva forestal. En Colombia todos los d\u00edas estas solicitudes y actos se dan sin ning\u00fan tipo de consideraciones t\u00e9cnicas y ambientales, No tenemos una pol\u00edtica de Estado \u00a0de\u00a0evaluaci\u00f3n, monitoreo\u00a0 de dichas zonas y mediciones de riesgos ambientales que justifiquen \u00a0las dir\u00edas sustracciones.\u00a0 Estas zonas son el futuro de todos los colombianos.<\/p>\n<p style=\"text-align: justify;\">En la Habana se menciona que hay que sustraer las zonas de reserva forestal para el \u00a0Fondo de Tierras de las zonas de Reserva Campesinas y para la \u201cgenial idea\u201d \u00a0de Zonas de Inter\u00e9s de Desarrollo Rural y Econ\u00f3mico \u2013ZIDRE promovida por el Gobierno tambi\u00e9n hay que sustraer zonas de Reserva Forestal. Pero la verdad sea dicha, ni los intelectuales del centro democr\u00e1tico en las observaciones o cr\u00edticas realizadas al Proceso de Paz le interes\u00f3 esta afectaci\u00f3n superior del Ecosistema, tampoco a los del POLO, Marcha Patri\u00f3tica, partido verde y AZNORC cuando critican las \u00a0Zonas de Inter\u00e9s de Desarrollo Rural y Econ\u00f3mico \u2013ZIDRE. \u00a0Preguntamos Por qu\u00e9? es muy sencillo no lo pueden hacer pues \u00a0contradecir esta figura con esta raz\u00f3n poderosa es cuchilla para la propia garganta.<\/p>\n<p style=\"text-align: justify;\">Colombia requiere un gran acuerdo nacional de Sistemas protegidos, tierras y territorios. Ello sobrepasa cualquier acuerdo con las FARC \u2013 EP y el ELN, campesinos e Ind\u00edgenas y empresarios, temas ideol\u00f3gicos, pol\u00edticos, culturales. Debe ser \u00a0la br\u00fajula \u00a0para que haya la paz \u00a0en el campo Colombiano..<\/p>\n<p style=\"text-align: justify;\">\n<p style=\"text-align: justify;\"><em>Edwar Alvarez Vacca<\/em><\/p>\n<p style=\"text-align: justify;\"><em>Experto en Tierras y Territorios, derechos humanos y ambientales.<\/em><\/p>\n<p style=\"text-align: justify;\">\n<p>&nbsp;<\/p>\n","protected":false},"excerpt":{"rendered":"<p>Es una reflexi\u00f3n sobre la incoherencia en tierras y territorios \u00a0en medio de una coyuntura \u00a0nacional y prolongada, mediadas por: &#8211; \u00a0Marchas, paros y mingas de campesinos e ind\u00edgenas. &#8211; \u00a0Conflictos \u00a0en los territorios. &#8211; \u00a0Polarizaci\u00f3n \u00a0de las bancadas en el congreso. &#8211; \u00a0Intereses a gran escala \u00a0\u00a0de los bald\u00edos por los grandes empresarios. &#8211; [&hellip;]<\/p>\n","protected":false},"author":3,"featured_media":16149,"comment_status":"closed","ping_status":"closed","sticky":false,"template":"","format":"standard","meta":{"_et_pb_use_builder":"","_et_pb_old_content":"","_et_gb_content_width":"","footnotes":""},"categories":[1],"tags":[513,57,86,83,512,510,511,338],"class_list":["post-16148","post","type-post","status-publish","format-standard","has-post-thumbnail","hentry","category-uncategorized","tag-aznorc","tag-farc","tag-marcha-patriotica","tag-polo","tag-rri","tag-tierras-baldias","tag-zidre","tag-zonas-de-reserva-campesina"],"_links":{"self":[{"href":"https:\/\/arcoiris.com.co\/v3\/wp-json\/wp\/v2\/posts\/16148","targetHints":{"allow":["GET"]}}],"collection":[{"href":"https:\/\/arcoiris.com.co\/v3\/wp-json\/wp\/v2\/posts"}],"about":[{"href":"https:\/\/arcoiris.com.co\/v3\/wp-json\/wp\/v2\/types\/post"}],"author":[{"embeddable":true,"href":"https:\/\/arcoiris.com.co\/v3\/wp-json\/wp\/v2\/users\/3"}],"replies":[{"embeddable":true,"href":"https:\/\/arcoiris.com.co\/v3\/wp-json\/wp\/v2\/comments?post=16148"}],"version-history":[{"count":0,"href":"https:\/\/arcoiris.com.co\/v3\/wp-json\/wp\/v2\/posts\/16148\/revisions"}],"wp:featuredmedia":[{"embeddable":true,"href":"https:\/\/arcoiris.com.co\/v3\/wp-json\/wp\/v2\/media\/16149"}],"wp:attachment":[{"href":"https:\/\/arcoiris.com.co\/v3\/wp-json\/wp\/v2\/media?parent=16148"}],"wp:term":[{"taxonomy":"category","embeddable":true,"href":"https:\/\/arcoiris.com.co\/v3\/wp-json\/wp\/v2\/categories?post=16148"},{"taxonomy":"post_tag","embeddable":true,"href":"https:\/\/arcoiris.com.co\/v3\/wp-json\/wp\/v2\/tags?post=16148"}],"curies":[{"name":"wp","href":"https:\/\/api.w.org\/{rel}","templated":true}]}}