{"id":16157,"date":"2014-11-12T14:51:38","date_gmt":"2014-11-12T19:51:38","guid":{"rendered":"https:\/\/arcoiris.com.co\/v3\/?p=16157"},"modified":"2019-08-26T15:08:53","modified_gmt":"2019-08-26T20:08:53","slug":"beca-para-estudios-universitarios-en-ciencias-sociales-o-comunicacion-manuel-cepeda-vargas","status":"publish","type":"post","link":"https:\/\/arcoiris.com.co\/v3\/2014\/11\/beca-para-estudios-universitarios-en-ciencias-sociales-o-comunicacion-manuel-cepeda-vargas\/","title":{"rendered":"BECA PARA ESTUDIOS UNIVERSITARIOS EN CIENCIAS SOCIALES O COMUNICACI\u00d3N \u201cMANUEL CEPEDA VARGAS\u201d\u00a0"},"content":{"rendered":"<div style=\"text-align: justify;\"><em>CONCURSO DE ENSAYO PARA J\u00d3VENES BACHILLERES\u00a0V\u00cdCTIMAS DE VIOLENCIA POL\u00cdTICA<\/em><\/div>\n<p style=\"text-align: justify;\">La Beca \u201cMANUEL CEPEDA VARGAS\u201d es un est\u00edmulo para j\u00f3venes v\u00edctimas de la violencia pol\u00edtica que deseen cursar estudios universitarios de pregrado en ciencias sociales o comunicaci\u00f3n.<br \/>\nEsta beca, que se otorgar\u00e1 por una sola vez, honra la memoria del periodista, hombre de paz y \u00faltimo senador electo de la Uni\u00f3n Patri\u00f3tica Manuel Cepeda Vargas, en cumplimiento de una orden de la Corte Interamericana de Derechos Humanos al Estado colombiano.<\/p>\n<p style=\"text-align: justify;\">En su Sentencia, la Corte Interamericana orden\u00f3 como medida de reparaci\u00f3n que:<\/p>\n<p style=\"text-align: justify;\">\u201c(\u2026) el Estado deber\u00e1 otorgar, por una sola vez, una beca con el nombre de Manuel Cepeda Vargas, la que ser\u00e1 administrada por la Fundaci\u00f3n Manuel Cepeda Vargas, para cubrir el costo integral, incluidos los gastos de manutenci\u00f3n, de una carrera profesional en ciencias de la comunicaci\u00f3n o periodismo en una universidad p\u00fablica de Colombia elegida por el beneficiario, durante el periodo de tales estudios. Dicha beca ser\u00e1 adjudicada y ejecutada a trav\u00e9s de un concurso de m\u00e9ritos, mediante un procedimiento que la Fundaci\u00f3n establezca, respetando criterios objetivos\u201d .<\/p>\n<p style=\"text-align: justify;\">Ver texto completo:<\/p>\n<p><iframe loading=\"lazy\" src=\"\/\/e.issuu.com\/embed.html#3692087\/10123125\" width=\"525\" height=\"679\" frameborder=\"0\" allowfullscreen=\"allowfullscreen\"><\/iframe><\/p>\n","protected":false},"excerpt":{"rendered":"<p>CONCURSO DE ENSAYO PARA J\u00d3VENES BACHILLERES\u00a0V\u00cdCTIMAS DE VIOLENCIA POL\u00cdTICA La Beca \u201cMANUEL CEPEDA VARGAS\u201d es un est\u00edmulo para j\u00f3venes v\u00edctimas de la violencia pol\u00edtica que deseen cursar estudios universitarios de pregrado en ciencias sociales o comunicaci\u00f3n. Esta beca, que se otorgar\u00e1 por una sola vez, honra la memoria del periodista, hombre de paz y \u00faltimo [&hellip;]<\/p>\n","protected":false},"author":3,"featured_media":16158,"comment_status":"closed","ping_status":"closed","sticky":false,"template":"","format":"standard","meta":{"_et_pb_use_builder":"","_et_pb_old_content":"","_et_gb_content_width":"","footnotes":""},"categories":[1,16,21,17,463],"tags":[515,8],"class_list":["post-16157","post","type-post","status-publish","format-standard","has-post-thumbnail","hentry","category-uncategorized","category-conflicto-armado","category-justicia","category-paz","category-por-temas","tag-manuel-cepeda","tag-victimas"],"_links":{"self":[{"href":"https:\/\/arcoiris.com.co\/v3\/wp-json\/wp\/v2\/posts\/16157","targetHints":{"allow":["GET"]}}],"collection":[{"href":"https:\/\/arcoiris.com.co\/v3\/wp-json\/wp\/v2\/posts"}],"about":[{"href":"https:\/\/arcoiris.com.co\/v3\/wp-json\/wp\/v2\/types\/post"}],"author":[{"embeddable":true,"href":"https:\/\/arcoiris.com.co\/v3\/wp-json\/wp\/v2\/users\/3"}],"replies":[{"embeddable":true,"href":"https:\/\/arcoiris.com.co\/v3\/wp-json\/wp\/v2\/comments?post=16157"}],"version-history":[{"count":0,"href":"https:\/\/arcoiris.com.co\/v3\/wp-json\/wp\/v2\/posts\/16157\/revisions"}],"wp:featuredmedia":[{"embeddable":true,"href":"https:\/\/arcoiris.com.co\/v3\/wp-json\/wp\/v2\/media\/16158"}],"wp:attachment":[{"href":"https:\/\/arcoiris.com.co\/v3\/wp-json\/wp\/v2\/media?parent=16157"}],"wp:term":[{"taxonomy":"category","embeddable":true,"href":"https:\/\/arcoiris.com.co\/v3\/wp-json\/wp\/v2\/categories?post=16157"},{"taxonomy":"post_tag","embeddable":true,"href":"https:\/\/arcoiris.com.co\/v3\/wp-json\/wp\/v2\/tags?post=16157"}],"curies":[{"name":"wp","href":"https:\/\/api.w.org\/{rel}","templated":true}]}}