{"id":16214,"date":"2014-11-19T11:16:56","date_gmt":"2014-11-19T16:16:56","guid":{"rendered":"https:\/\/arcoiris.com.co\/v3\/?p=16214"},"modified":"2019-08-26T15:08:51","modified_gmt":"2019-08-26T20:08:51","slug":"comunicado-de-la-escuela-de-cultura-de-paz-sobre-la-crisis-en-las-negociaciones-con-las-farc","status":"publish","type":"post","link":"https:\/\/arcoiris.com.co\/v3\/2014\/11\/comunicado-de-la-escuela-de-cultura-de-paz-sobre-la-crisis-en-las-negociaciones-con-las-farc\/","title":{"rendered":"Comunicado de la Escuela de Cultura de Paz sobre la crisis en las negociaciones con las FARC"},"content":{"rendered":"<p><strong><br \/>\nEscuela de Cultura de Paz<\/strong><\/p>\n<p><strong>(Universidad Aut\u00f3noma de Barcelona)<\/strong><\/p>\n<p><strong>\u00a0<\/strong><\/p>\n<p><strong>COMUNICADO SOBRE LA CRISIS DEL PROCESO DE PAZ<\/strong><\/p>\n<p>&nbsp;<\/p>\n<p>El director de la Escuela de Cultura de Paz de la UAB, y autor de los \u201canuarios de Procesos de Paz\u201d, Vicen\u00e7 Fisas, ante la crisis que se ha desatado en Colombia respecto al proceso de paz con las FARC, considera oportunas las siguientes reflexiones, en aras al pronto restablecimiento de las negociaciones:<\/p>\n<p>1 \u2013 Las reglas establecidas por el Gobierno y las FARC, para enmarcar las negociaciones, inclu\u00eda un punto con la siguiente redacci\u00f3n: \u201cLa mesa (de negociaci\u00f3n) es aut\u00f3noma; nada de lo que ocurra en el exterior, incluidos los eventos de la guerra, afecta a las discusiones\u201d. Eso significa que el proceso quedaba bloqueado, por com\u00fan acuerdo entre las partes, de cualquier acontecimiento relacionado con el enfrentamiento armado. Paralizar las negociaciones, por tanto, significa incumplir con este compromiso, habitual en los procesos de paz.<\/p>\n<p>2 \u2013 Al iniciarse las negociaciones, las FARC reclamaron un alto el fuego bilateral y tratar el tema del cese al fuego al inicio de las conversaciones, posibilidad que fue rechazada por el presidente. No procede, por tanto, lamentarse de las bajas o retenciones entre fuerzas militares cuando se ha rechazado la posibilidad de evitarlas desde el inicio.<\/p>\n<p>3 \u2013 En lo corrido del a\u00f1o 2014, y en base a las informaciones proporcionadas diariamente por El Tiempo, El Colombiano, El Espectador y Semana, el conflicto armado ha producido un m\u00ednimo de 126 v\u00edctimas mortales, de las que 69 (un 54.8%) corresponden a miembros de las FARC, y 35 a miembros del Ej\u00e9rcito o la Polic\u00eda (27.8%). Desde la perspectiva de la cultura de paz, hay que lamentar cada uno de los muertos, sean de un lado o de otro, cuando se habr\u00edan podido evitar con un alto el fuego. En cualquier caso, hay que considerar siempre a todas las v\u00edctimas, no s\u00f3lo a las de un lado.<\/p>\n<p>4 \u2013 En un enfrentamiento armado, sin alto el fuego de por medio, lamentablemente es l\u00f3gico que se produzcan combates con muertos y capturas de personal armado o de naturaleza militar, sin que ello sea considerado como \u201csecuestro\u201d, que es cuando se captura a civiles. Cuando se trata de fuerzas armadas es m\u00e1s razonable hablar de \u201ccapturas\u201d, \u201cretenciones\u201d, \u201cprisioneros de guerra\u201d o t\u00e9rminos equivalentes.<\/p>\n<p>5 \u2013 Para que estos sucesos no se multipliquen en el futuro, y en aras a preservar los beneficios que se derivar\u00e1n de un acuerdo final de paz, la Escuela de Cultura de Paz pide al Gobierno y a las FARC que avancen la discusi\u00f3n de alcanzar un alto el fuego y un cese de hostilidades, con la consiguiente liberaci\u00f3n de todas las personas retenidas.<\/p>\n<p>Barcelona,\u00a0 18 de noviembre de 2014<\/p>\n","protected":false},"excerpt":{"rendered":"<p>Escuela de Cultura de Paz (Universidad Aut\u00f3noma de Barcelona) \u00a0 COMUNICADO SOBRE LA CRISIS DEL PROCESO DE PAZ &nbsp; El director de la Escuela de Cultura de Paz de la UAB, y autor de los \u201canuarios de Procesos de Paz\u201d, Vicen\u00e7 Fisas, ante la crisis que se ha desatado en Colombia respecto al proceso de [&hellip;]<\/p>\n","protected":false},"author":3,"featured_media":16215,"comment_status":"closed","ping_status":"closed","sticky":false,"template":"","format":"standard","meta":{"_et_pb_use_builder":"","_et_pb_old_content":"","_et_gb_content_width":"","footnotes":""},"categories":[1],"tags":[],"class_list":["post-16214","post","type-post","status-publish","format-standard","has-post-thumbnail","hentry","category-uncategorized"],"_links":{"self":[{"href":"https:\/\/arcoiris.com.co\/v3\/wp-json\/wp\/v2\/posts\/16214","targetHints":{"allow":["GET"]}}],"collection":[{"href":"https:\/\/arcoiris.com.co\/v3\/wp-json\/wp\/v2\/posts"}],"about":[{"href":"https:\/\/arcoiris.com.co\/v3\/wp-json\/wp\/v2\/types\/post"}],"author":[{"embeddable":true,"href":"https:\/\/arcoiris.com.co\/v3\/wp-json\/wp\/v2\/users\/3"}],"replies":[{"embeddable":true,"href":"https:\/\/arcoiris.com.co\/v3\/wp-json\/wp\/v2\/comments?post=16214"}],"version-history":[{"count":0,"href":"https:\/\/arcoiris.com.co\/v3\/wp-json\/wp\/v2\/posts\/16214\/revisions"}],"wp:featuredmedia":[{"embeddable":true,"href":"https:\/\/arcoiris.com.co\/v3\/wp-json\/wp\/v2\/media\/16215"}],"wp:attachment":[{"href":"https:\/\/arcoiris.com.co\/v3\/wp-json\/wp\/v2\/media?parent=16214"}],"wp:term":[{"taxonomy":"category","embeddable":true,"href":"https:\/\/arcoiris.com.co\/v3\/wp-json\/wp\/v2\/categories?post=16214"},{"taxonomy":"post_tag","embeddable":true,"href":"https:\/\/arcoiris.com.co\/v3\/wp-json\/wp\/v2\/tags?post=16214"}],"curies":[{"name":"wp","href":"https:\/\/api.w.org\/{rel}","templated":true}]}}