{"id":16217,"date":"2014-11-19T11:22:53","date_gmt":"2014-11-19T16:22:53","guid":{"rendered":"https:\/\/arcoiris.com.co\/v3\/?p=16217"},"modified":"2019-08-26T15:08:51","modified_gmt":"2019-08-26T20:08:51","slug":"comunicado-de-prensa-naciones-unidas-colombia","status":"publish","type":"post","link":"https:\/\/arcoiris.com.co\/v3\/2014\/11\/comunicado-de-prensa-naciones-unidas-colombia\/","title":{"rendered":"COMUNICADO DE PRENSA NACIONES UNIDAS COLOMBIA"},"content":{"rendered":"<p style=\"text-align: justify;\"><a href=\"https:\/\/arcoiris.com.co\/v3\/wp-content\/uploads\/2014\/11\/unnamed-4.jpg\"><img loading=\"lazy\" decoding=\"async\" class=\"alignleft wp-image-16218 size-full\" src=\"https:\/\/arcoiris.com.co\/v3\/wp-content\/uploads\/2014\/11\/unnamed-4.jpg\" alt=\"unnamed (4)\" width=\"200\" height=\"202\" srcset=\"https:\/\/arcoiris.com.co\/v3\/wp-content\/uploads\/2014\/11\/unnamed-4.jpg 200w, https:\/\/arcoiris.com.co\/v3\/wp-content\/uploads\/2014\/11\/unnamed-4-100x100.jpg 100w, https:\/\/arcoiris.com.co\/v3\/wp-content\/uploads\/2014\/11\/unnamed-4-70x70.jpg 70w\" sizes=\"(max-width: 200px) 100vw, 200px\" \/><\/a>(Bogot\u00e1, 17 de noviembre) El Sistema de las Naciones Unidas en Colombia expresa su preocupaci\u00f3n por la situaci\u00f3n\u00a0del General\u00a0Rub\u00e9n Dar\u00edo Alzate Mora, del<strong>\u00a0<\/strong>cabo primero Jorge Rodr\u00edguez Contreras y de la abogada Gloria Urrego,\u00a0seg\u00fan el Gobierno colombiano en manos de las\u00a0FARC-EP, \u00a0en\u00a0hechos ocurridos el 16 de noviembre en el departamento de Choc\u00f3, y tambi\u00e9n por\u00a0los soldados\u00a0Paulo C\u00e9sar Rivera y Jonhatan Andr\u00e9s D\u00edaz,\u00a0en manos del mismo grupo guerrillero desde el pasado 9 de noviembre en Arauca.<\/p>\n<p style=\"text-align: justify;\">El Sistema de las Naciones Unidas expresa su solidaridad con las familias de las personas afectadas \u00a0y hace un llamado a que se cumplan\u00a0las obligaciones\u00a0previstas en el Derecho Internacional Humanitario\u00a0-DIH- frente el tratamiento de\u00a0las personas\u00a0privadas de la\u00a0libertad.<\/p>\n<p style=\"text-align: justify;\">Expresamos nuestra inquietud por el impacto que estos hechos tienen sobre\u00a0el proceso de paz. Dado el notable progreso realizado por las partes en los di\u00e1logos de La Habana, y considerando la importancia de construir sobre estos logros para completar la agenda de paz, las Naciones Unidas espera que la situaci\u00f3n sea resuelta lo m\u00e1s pronto posible y saluda los esfuerzos que\u00a0est\u00e1n\u00a0en curso para lograr este fin. El\u00a0Sistema de las Naciones Unidas en Colombia hace un llamado\u00a0a la pronta liberaci\u00f3n de los afectados\u00a0como un importante gesto de paz\u00a0que contribuir\u00e1 a la\u00a0reanudaci\u00f3n de los di\u00e1logos.<\/p>\n<p><a href=\"https:\/\/arcoiris.com.co\/v3\/wp-content\/uploads\/2014\/11\/unnamed-5.jpg\"><img loading=\"lazy\" decoding=\"async\" class=\"alignleft wp-image-16219 size-medium\" src=\"https:\/\/arcoiris.com.co\/v3\/wp-content\/uploads\/2014\/11\/unnamed-5-300x207.jpg\" alt=\"unnamed (5)\" width=\"300\" height=\"207\" srcset=\"https:\/\/arcoiris.com.co\/v3\/wp-content\/uploads\/2014\/11\/unnamed-5-300x207.jpg 300w, https:\/\/arcoiris.com.co\/v3\/wp-content\/uploads\/2014\/11\/unnamed-5.jpg 379w\" sizes=\"(max-width: 300px) 100vw, 300px\" \/><\/a><\/p>\n<p>&nbsp;<\/p>\n","protected":false},"excerpt":{"rendered":"<p>(Bogot\u00e1, 17 de noviembre) El Sistema de las Naciones Unidas en Colombia expresa su preocupaci\u00f3n por la situaci\u00f3n\u00a0del General\u00a0Rub\u00e9n Dar\u00edo Alzate Mora, del\u00a0cabo primero Jorge Rodr\u00edguez Contreras y de la abogada Gloria Urrego,\u00a0seg\u00fan el Gobierno colombiano en manos de las\u00a0FARC-EP, \u00a0en\u00a0hechos ocurridos el 16 de noviembre en el departamento de Choc\u00f3, y tambi\u00e9n por\u00a0los soldados\u00a0Paulo [&hellip;]<\/p>\n","protected":false},"author":3,"featured_media":16218,"comment_status":"closed","ping_status":"closed","sticky":false,"template":"","format":"standard","meta":{"_et_pb_use_builder":"","_et_pb_old_content":"","_et_gb_content_width":"","footnotes":""},"categories":[1],"tags":[509,406,57,207,529,527],"class_list":["post-16217","post","type-post","status-publish","format-standard","has-post-thumbnail","hentry","category-uncategorized","tag-dialogos-en-la-habana","tag-dih","tag-farc","tag-onu","tag-ruben-dario-alzate","tag-suspension-de-los-dialogos"],"_links":{"self":[{"href":"https:\/\/arcoiris.com.co\/v3\/wp-json\/wp\/v2\/posts\/16217","targetHints":{"allow":["GET"]}}],"collection":[{"href":"https:\/\/arcoiris.com.co\/v3\/wp-json\/wp\/v2\/posts"}],"about":[{"href":"https:\/\/arcoiris.com.co\/v3\/wp-json\/wp\/v2\/types\/post"}],"author":[{"embeddable":true,"href":"https:\/\/arcoiris.com.co\/v3\/wp-json\/wp\/v2\/users\/3"}],"replies":[{"embeddable":true,"href":"https:\/\/arcoiris.com.co\/v3\/wp-json\/wp\/v2\/comments?post=16217"}],"version-history":[{"count":0,"href":"https:\/\/arcoiris.com.co\/v3\/wp-json\/wp\/v2\/posts\/16217\/revisions"}],"wp:featuredmedia":[{"embeddable":true,"href":"https:\/\/arcoiris.com.co\/v3\/wp-json\/wp\/v2\/media\/16218"}],"wp:attachment":[{"href":"https:\/\/arcoiris.com.co\/v3\/wp-json\/wp\/v2\/media?parent=16217"}],"wp:term":[{"taxonomy":"category","embeddable":true,"href":"https:\/\/arcoiris.com.co\/v3\/wp-json\/wp\/v2\/categories?post=16217"},{"taxonomy":"post_tag","embeddable":true,"href":"https:\/\/arcoiris.com.co\/v3\/wp-json\/wp\/v2\/tags?post=16217"}],"curies":[{"name":"wp","href":"https:\/\/api.w.org\/{rel}","templated":true}]}}