{"id":16278,"date":"2014-11-27T11:02:05","date_gmt":"2014-11-27T16:02:05","guid":{"rendered":"https:\/\/arcoiris.com.co\/v3\/?p=16278"},"modified":"2019-08-26T15:08:51","modified_gmt":"2019-08-26T20:08:51","slug":"jaime-garzon-reportaje","status":"publish","type":"post","link":"https:\/\/arcoiris.com.co\/v3\/2014\/11\/jaime-garzon-reportaje\/","title":{"rendered":"Jaime Garz\u00f3n: Reportaje"},"content":{"rendered":"<p><iframe loading=\"lazy\" src=\"\/\/www.youtube.com\/embed\/wmSgZLt-Zzc\" width=\"560\" height=\"315\" frameborder=\"0\" allowfullscreen=\"allowfullscreen\"><\/iframe><\/p>\n<p style=\"text-align: justify;\">\n<p style=\"text-align: justify;\">Se\u00f1al Colombia conmemora la vida de Jaime Garz\u00f3n, un personaje que transform\u00f3 la manera de pensar de todo un pa\u00eds.<br \/>\nEsta producci\u00f3n original de Se\u00f1al Colombia da cuenta de qui\u00e9n era Jaime Garz\u00f3n para su familia y amigos. Unos abordar\u00e1n su faceta de irreverente, mientras otros lo recordar\u00e1n con su mirada distinta del mundo. Todos lo recordamos como el humorista, periodista, analista pol\u00edtico y sobre todo, como el hombre que dedic\u00f3 su vida a trabajar por construir una opini\u00f3n p\u00fablica consciente y activa.<br \/>\nM\u00e1s informaci\u00f3n <a class=\"yt-uix-redirect-link\" dir=\"ltr\" title=\"http:\/\/www.senalcolombia.tv\/garzon\" href=\"http:\/\/www.senalcolombia.tv\/garzon\" target=\"_blank\" rel=\"nofollow noopener noreferrer\">http:\/\/www.senalcolombia.tv\/garzon<\/a><\/p>\n","protected":false},"excerpt":{"rendered":"<p>Se\u00f1al Colombia conmemora la vida de Jaime Garz\u00f3n, un personaje que transform\u00f3 la manera de pensar de todo un pa\u00eds. Esta producci\u00f3n original de Se\u00f1al Colombia da cuenta de qui\u00e9n era Jaime Garz\u00f3n para su familia y amigos. Unos abordar\u00e1n su faceta de irreverente, mientras otros lo recordar\u00e1n con su mirada distinta del mundo. Todos [&hellip;]<\/p>\n","protected":false},"author":3,"featured_media":16279,"comment_status":"closed","ping_status":"closed","sticky":false,"template":"","format":"standard","meta":{"_et_pb_use_builder":"","_et_pb_old_content":"","_et_gb_content_width":"","footnotes":""},"categories":[1],"tags":[539,538],"class_list":["post-16278","post","type-post","status-publish","format-standard","has-post-thumbnail","hentry","category-uncategorized","tag-impunidad","tag-jaime-garzon"],"_links":{"self":[{"href":"https:\/\/arcoiris.com.co\/v3\/wp-json\/wp\/v2\/posts\/16278","targetHints":{"allow":["GET"]}}],"collection":[{"href":"https:\/\/arcoiris.com.co\/v3\/wp-json\/wp\/v2\/posts"}],"about":[{"href":"https:\/\/arcoiris.com.co\/v3\/wp-json\/wp\/v2\/types\/post"}],"author":[{"embeddable":true,"href":"https:\/\/arcoiris.com.co\/v3\/wp-json\/wp\/v2\/users\/3"}],"replies":[{"embeddable":true,"href":"https:\/\/arcoiris.com.co\/v3\/wp-json\/wp\/v2\/comments?post=16278"}],"version-history":[{"count":0,"href":"https:\/\/arcoiris.com.co\/v3\/wp-json\/wp\/v2\/posts\/16278\/revisions"}],"wp:featuredmedia":[{"embeddable":true,"href":"https:\/\/arcoiris.com.co\/v3\/wp-json\/wp\/v2\/media\/16279"}],"wp:attachment":[{"href":"https:\/\/arcoiris.com.co\/v3\/wp-json\/wp\/v2\/media?parent=16278"}],"wp:term":[{"taxonomy":"category","embeddable":true,"href":"https:\/\/arcoiris.com.co\/v3\/wp-json\/wp\/v2\/categories?post=16278"},{"taxonomy":"post_tag","embeddable":true,"href":"https:\/\/arcoiris.com.co\/v3\/wp-json\/wp\/v2\/tags?post=16278"}],"curies":[{"name":"wp","href":"https:\/\/api.w.org\/{rel}","templated":true}]}}