{"id":16297,"date":"2014-12-01T12:28:03","date_gmt":"2014-12-01T17:28:03","guid":{"rendered":"https:\/\/arcoiris.com.co\/v3\/?p=16297"},"modified":"2019-08-26T15:08:50","modified_gmt":"2019-08-26T20:08:50","slug":"indigenas-piden-proteccion-de-20-millones-de-hectareas-en-la-amazonia","status":"publish","type":"post","link":"https:\/\/arcoiris.com.co\/v3\/2014\/12\/indigenas-piden-proteccion-de-20-millones-de-hectareas-en-la-amazonia\/","title":{"rendered":"Ind\u00edgenas piden protecci\u00f3n de 20 millones de hect\u00e1reas en la Amazon\u00eda"},"content":{"rendered":"<div id=\"attachment_16298\" style=\"width: 610px\" class=\"wp-caption alignleft\"><a href=\"https:\/\/arcoiris.com.co\/v3\/wp-content\/uploads\/2014\/12\/liderazgo.jpg\"><img loading=\"lazy\" decoding=\"async\" aria-describedby=\"caption-attachment-16298\" class=\"size-full wp-image-16298\" src=\"https:\/\/arcoiris.com.co\/v3\/wp-content\/uploads\/2014\/12\/liderazgo.jpg\" alt=\"Foto: Foto: Iniciativa para la Conservaci\u00f3n en la Amazon\u00eda Andina \" width=\"600\" height=\"450\" srcset=\"https:\/\/arcoiris.com.co\/v3\/wp-content\/uploads\/2014\/12\/liderazgo.jpg 600w, https:\/\/arcoiris.com.co\/v3\/wp-content\/uploads\/2014\/12\/liderazgo-300x225.jpg 300w\" sizes=\"(max-width: 600px) 100vw, 600px\" \/><\/a><p id=\"caption-attachment-16298\" class=\"wp-caption-text\">Foto: Foto: Iniciativa para la Conservaci\u00f3n en la Amazon\u00eda Andina<\/p><\/div>\n<p style=\"text-align: justify;\">El principal reclamo de las comunidades ind\u00edgenas en la vig\u00e9sima cumbre mundial de las Naciones Unidas por el cambio clim\u00e1tico (COP20) ser\u00e1 la titulaci\u00f3n de 20 millones de hect\u00e1reas de selva amaz\u00f3nica para preservar sus territorios de la explotaci\u00f3n de hidrocarburos y de la tala ilegal.<\/p>\n<p style=\"text-align: justify;\">En una entrevista, el dirigente de la Asociaci\u00f3n Inter\u00e9tnica de Desarrollo de la Selva Peruana (Aidesep), Henderson Rengifo, afirm\u00f3 que los ind\u00edgenas podr\u00e1n contribuir \u00abmucho a favor del mundo\u00bb si los gobiernos les garantizan sus territorios y bosques, \u00abdonde los pueblos nativos siempre han vivido\u00bb.<\/p>\n<p style=\"text-align: justify;\">Rengifo particip\u00f3 en el \u00abDi\u00e1logo de Pueblos Ind\u00edgenas y Estados sobre el cambio clim\u00e1tico\u00bb, un encuentro desarrollado esta semana en Lima, para que asociaciones ind\u00edgenas de Am\u00e9rica, Asia, \u00c1frica y Ocean\u00eda trasladaran sus propuestas a las delegaciones de los diferentes pa\u00edses que participar\u00e1n en la COP20.<\/p>\n<p style=\"text-align: justify;\">Entre las organizaciones presentes destacaron la Coordinadora Andina de Organizaciones Ind\u00edgenas (CAOI), la Coordinadora Ind\u00edgena de la Cuenca Amaz\u00f3nica (COICA) y el Consejo Ind\u00edgena de Centroam\u00e9rica (CICA), quienes se reunieron con representantes de la Uni\u00f3n Europea, Francia, Noruega y Alemania, entre otros pa\u00edses.<\/p>\n<p style=\"text-align: justify;\">Como parte de la estrategia de defensa de los territorios nativos, tambi\u00e9n recomiendan incluir a las comunidades nativas dentro del programa de Reducci\u00f3n de Emisiones por Deforestaci\u00f3n y Degradaci\u00f3n de bosques (REDD+), un mecanismo que reconoce el servicio de los bosques como almacenes de carbono.<\/p>\n<p style=\"text-align: justify;\">\u00abRespaldamos la propuesta de la REDD+ Ind\u00edgena Amaz\u00f3nica (RIA), que es la iniciativa de los pueblos para asegurar m\u00e1s de cinco millones de hect\u00e1reas de bosque en cinco pa\u00edses: Per\u00fa, Ecuador, Colombia, Brasil y Venezuela\u00bb, explic\u00f3 Rengifo.<\/p>\n<p style=\"text-align: justify;\">El representante de los ind\u00edgenas peruanos record\u00f3 el caso de los cuatro l\u00edderes de la etnia ash\u00e1ninka que fueron asesinados por madereros ilegales a inicios de septiembre cerca de la frontera entre Per\u00fa y Brasil, y cuya comunidad nativa llevaba doce a\u00f1os esperando la titulaci\u00f3n de su territorio para defenderse de la tala ilegal.<\/p>\n<p style=\"text-align: justify;\">\u00abNo podemos permitir que sigan ocurriendo m\u00e1s asesinatos. Un ind\u00edgena solo no es nada, y los bosques solos tampoco son nada. Los bosques tienen que ser cuidados por los pueblos y por la gente que vive dentro de su territorio. La relaci\u00f3n entre hombre y naturaleza ha existido siempre\u00bb, a\u00f1adi\u00f3 Rengifo.<\/p>\n<p style=\"text-align: justify;\">Otra de las exigencias de las comunidades nativas es articular un fondo de financiaci\u00f3n directa a favor de los pueblos nativos para mitigar la contaminaci\u00f3n causada por la miner\u00eda o la extracci\u00f3n de petr\u00f3leo y de gas que se produce dentro de sus territorios.<\/p>\n<p style=\"text-align: justify;\">\u00abEsperamos que los gobiernos atiendan este pedido y se enfoquen en resolver los problemas que existen en los territorios de los pueblos ind\u00edgenas. Exigimos que, con esos fondos, se coordine un manejo grande de los bosques\u00bb, dese\u00f3 el dirigente de Aidesep.<\/p>\n<p style=\"text-align: justify;\">Los ind\u00edgenas tambi\u00e9n proponen un programa para extender la participaci\u00f3n de las mujeres en la toma de decisiones y en el manejo de la agricultura y la seguridad alimentaria, ya que reconocen la importancia del rol de la mujer dentro del gobierno de sus comunidades.<\/p>\n<p style=\"text-align: justify;\">La COP20 se celebrar\u00e1 en Lima del 1 al 12 de diciembre y tiene como objetivo pactar un borrador sobre un nuevo acuerdo mundial en la reducci\u00f3n de gases de efecto invernadero que deber\u00e1 ser aprobado el pr\u00f3ximo a\u00f1o en la COP21 de Par\u00eds, para que sustituya al protocolo de Kioto, suscrito en 1992.<\/p>\n<p style=\"text-align: justify;\">EFE<\/p>\n<p>Tomado de:<a href=\"http:\/\/www.senalradiocolombia.gov.co\/noticia\/indigenas-piden-proteccion-de-20-millones-de-hectareas-en-la-amazonia\" target=\"_blank\" rel=\"noopener\">\u00a0http:\/\/www.senalradiocolombia.gov.co\/noticia\/indigenas-piden-proteccion-de-20-millones-de-hectareas-en-la-amazonia<\/a><\/p>\n","protected":false},"excerpt":{"rendered":"<p>El principal reclamo de las comunidades ind\u00edgenas en la vig\u00e9sima cumbre mundial de las Naciones Unidas por el cambio clim\u00e1tico (COP20) ser\u00e1 la titulaci\u00f3n de 20 millones de hect\u00e1reas de selva amaz\u00f3nica para preservar sus territorios de la explotaci\u00f3n de hidrocarburos y de la tala ilegal. En una entrevista, el dirigente de la Asociaci\u00f3n Inter\u00e9tnica [&hellip;]<\/p>\n","protected":false},"author":3,"featured_media":16298,"comment_status":"closed","ping_status":"closed","sticky":false,"template":"","format":"standard","meta":{"_et_pb_use_builder":"","_et_pb_old_content":"","_et_gb_content_width":"","footnotes":""},"categories":[1],"tags":[543,85],"class_list":["post-16297","post","type-post","status-publish","format-standard","has-post-thumbnail","hentry","category-uncategorized","tag-amazonia","tag-indigenas"],"_links":{"self":[{"href":"https:\/\/arcoiris.com.co\/v3\/wp-json\/wp\/v2\/posts\/16297","targetHints":{"allow":["GET"]}}],"collection":[{"href":"https:\/\/arcoiris.com.co\/v3\/wp-json\/wp\/v2\/posts"}],"about":[{"href":"https:\/\/arcoiris.com.co\/v3\/wp-json\/wp\/v2\/types\/post"}],"author":[{"embeddable":true,"href":"https:\/\/arcoiris.com.co\/v3\/wp-json\/wp\/v2\/users\/3"}],"replies":[{"embeddable":true,"href":"https:\/\/arcoiris.com.co\/v3\/wp-json\/wp\/v2\/comments?post=16297"}],"version-history":[{"count":0,"href":"https:\/\/arcoiris.com.co\/v3\/wp-json\/wp\/v2\/posts\/16297\/revisions"}],"wp:featuredmedia":[{"embeddable":true,"href":"https:\/\/arcoiris.com.co\/v3\/wp-json\/wp\/v2\/media\/16298"}],"wp:attachment":[{"href":"https:\/\/arcoiris.com.co\/v3\/wp-json\/wp\/v2\/media?parent=16297"}],"wp:term":[{"taxonomy":"category","embeddable":true,"href":"https:\/\/arcoiris.com.co\/v3\/wp-json\/wp\/v2\/categories?post=16297"},{"taxonomy":"post_tag","embeddable":true,"href":"https:\/\/arcoiris.com.co\/v3\/wp-json\/wp\/v2\/tags?post=16297"}],"curies":[{"name":"wp","href":"https:\/\/api.w.org\/{rel}","templated":true}]}}