{"id":16303,"date":"2014-12-01T13:29:52","date_gmt":"2014-12-01T18:29:52","guid":{"rendered":"https:\/\/arcoiris.com.co\/v3\/?p=16303"},"modified":"2019-08-26T15:08:50","modified_gmt":"2019-08-26T20:08:50","slug":"alerta-por-presencia-de-bandas-criminales-en-bogota","status":"publish","type":"post","link":"https:\/\/arcoiris.com.co\/v3\/2014\/12\/alerta-por-presencia-de-bandas-criminales-en-bogota\/","title":{"rendered":"Alerta por presencia de bandas criminales en Bogot\u00e1"},"content":{"rendered":"<div id=\"attachment_16304\" style=\"width: 610px\" class=\"wp-caption alignleft\"><a href=\"https:\/\/arcoiris.com.co\/v3\/wp-content\/uploads\/2014\/12\/IMAGEN-14912153-2.jpg\"><img loading=\"lazy\" decoding=\"async\" aria-describedby=\"caption-attachment-16304\" class=\"size-full wp-image-16304\" src=\"https:\/\/arcoiris.com.co\/v3\/wp-content\/uploads\/2014\/12\/IMAGEN-14912153-2.jpg\" alt=\"Foto: Archivo \/ EL TIEMPO En Ciudad Bol\u00edvar y Bosa estar\u00edan camufladas las Bacrim.\" width=\"600\" height=\"300\" srcset=\"https:\/\/arcoiris.com.co\/v3\/wp-content\/uploads\/2014\/12\/IMAGEN-14912153-2.jpg 600w, https:\/\/arcoiris.com.co\/v3\/wp-content\/uploads\/2014\/12\/IMAGEN-14912153-2-300x150.jpg 300w\" sizes=\"(max-width: 600px) 100vw, 600px\" \/><\/a><p id=\"caption-attachment-16304\" class=\"wp-caption-text\">Foto: Archivo \/ EL TIEMPO<br \/>En Ciudad Bol\u00edvar y Bosa estar\u00edan camufladas las Bacrim.<\/p><\/div>\n<p style=\"text-align: justify;\">El director de alertas tempranas de la Defensor\u00eda del Pueblo, Jorge Calero, afirm\u00f3 que en Bogot\u00e1 s\u00ed hay bandas criminales organizadas (Bacrim), que operan en localidades como Ciudad Bol\u00edvar y Bosa, donde hay grupos residuales de paramilitares desmovilizados y milicias urbanas de las Farc y el Eln, que son responsables no solo por la extinci\u00f3n de las vidas de los j\u00f3venes, sino por los hostigamientos, amenazas, microextorsiones y microtr\u00e1fico.<\/p>\n<p style=\"text-align: justify;\">Sin embargo, apunt\u00f3, el Distrito y el Gobierno Nacional se niegan a admitir ese hecho en la ciudad, por razones pol\u00edticas, econ\u00f3micas y de imagen. (Lea tambi\u00e9n: <a href=\"http:\/\/www.eltiempo.com\/bogota\/el-colegio-que-se-resiste-a-la-violencia-en-el-sur-de-bogota\/14784615\" target=\"_blank\" rel=\"noopener\">Aulas para combatir el terror en Ciudad Bol\u00edvar<\/a>).<\/p>\n<p style=\"text-align: justify;\">Seg\u00fan el diagn\u00f3stico de la Defensor\u00eda, en la capital y Cundinamarca operan \u2018los Rastrojos\u2019, \u2018\u00c1guilas Negras\u2019, \u2018bloque Capital\u2019 y \u2018los Urabe\u00f1os\u2019, que estar\u00edan viviendo en \u201ccasas de familia sin portar uniformes, armas largas o distintivos que los identifiquen como Bacrim\u201d, afirm\u00f3.<\/p>\n<p style=\"text-align: justify;\">\u201cLa poblaci\u00f3n de Ciudad Bol\u00edvar es gente trabajadora y buena. No queremos estigmatizarlos, pero no debe desestimarse que hay grupos ilegales\u201d, expres\u00f3 Calero.<\/p>\n<p style=\"text-align: justify;\"><strong>\u00bfC\u00f3mo es la situaci\u00f3n de violencia y derechos humanos en Ciudad Bol\u00edvar y Bosa?<\/strong><\/p>\n<p style=\"text-align: justify;\">Hay influencia de grupos armados ilegales o \u2018Bacrim\u2019 como los autodenominados \u2018Rastrojos\u2019, comandos urbanos, \u2018\u00c1guilas Negras\u2019 y el \u2018bloque Capital\u2019. Tambi\u00e9n hay milicias urbanas de las Farc y del Eln. Protagonizan amenazas, reclutamiento forzado de menores, homicidios, microtr\u00e1fico y extorsiones.<\/p>\n<p style=\"text-align: justify;\">Arborizadora, San Francisco, El Tesoro, Ismael Perdomo y Jerusal\u00e9n son las UPZ donde m\u00e1s se concentra el riesgo de violaciones de derechos humanos, y cuatro de ellas son parte del plan 75 \/ 100, creado por la Alcald\u00eda de Bogot\u00e1.<\/p>\n<p style=\"text-align: justify;\"><strong>\u00bfQu\u00e9 tan vulnerables son los menores de edad?<\/strong><\/p>\n<p style=\"text-align: justify;\">Ante los \u00edndices de pobreza, desempleo, reducido mercado laboral, deserci\u00f3n escolar y condiciones de vivienda inapropiadas, los ni\u00f1os son seducidos con dinero para que cometan il\u00edcitos. Hay un esfuerzo de las autoridades por mantener la seguridad y el control, pero esos actores siguen influyendo.<\/p>\n<p style=\"text-align: justify;\"><strong>Pero el Distrito y la Polic\u00eda niegan que esto suceda\u2026<\/strong><\/p>\n<p style=\"text-align: justify;\">S\u00ed. Lo dicen porque no portan uniformes ni armas largas o distintivos. La Defensor\u00eda alerta sobre problemas reales como amenazas permanentes contra l\u00edderes sociales, dirigentes comunitarios, representantes de v\u00edctimas y hasta contra docentes que se oponen a que los ni\u00f1os sean usados en actividades il\u00edcitas.<\/p>\n<p style=\"text-align: justify;\">Esto evidencia que la intimidaci\u00f3n y eliminaci\u00f3n de los l\u00edderes es una forma que tienen los grupos armados ilegales a trav\u00e9s de combos y bandas para ganar control territorial, social y poblacional y evitar ser denunciados por los l\u00edderes sociales.<\/p>\n<p style=\"text-align: justify;\"><strong>\u00bfPor qu\u00e9 las autoridades niegan la situaci\u00f3n?<\/strong><\/p>\n<p style=\"text-align: justify;\">Esgrimen motivaciones pol\u00edticas, econ\u00f3micas o administrativas y no de car\u00e1cter humanitario. El Ministerio del Interior se ha opuesto a que se emitan alertas tempranas porque considera que afectar\u00eda la inversi\u00f3n, el turismo y la buena imagen de Bogot\u00e1. Dicen que son fen\u00f3menos de delincuencia com\u00fan. En cambio, cuando amenazaron al exsecretario de Gobierno Guillermo A. Jaramillo, ah\u00ed s\u00ed dijeron que eran \u2018los Rastrojos\u2019.<\/p>\n<p style=\"text-align: justify;\"><strong>\u00bfPor qu\u00e9 es tan dif\u00edcil saber si son grupos ilegales o no?<\/strong><\/p>\n<p style=\"text-align: justify;\">El conflicto armado en Colombia cambi\u00f3, sobre todo, en escenarios urbanos. En las ciudades es dif\u00edcil detectarlos porque las acciones ilegales son m\u00e1s sutiles. Los grupos de Bogot\u00e1 habitan en casas de familia sin portar uniformes, armas largas o distintivos que los identifiquen como \u2018Bacrim\u2019, pero eso no significa que no haya la incidencia. Hoy se mide la violencia de alto impacto (homicidios, lesiones y hurtos), pero no la que mina las libertades fundamentales, crea fronteras invisibles y toques de queda. Tampoco miden las intimidaciones y las amenazas.<\/p>\n<p style=\"text-align: justify;\"><strong>\u00bfLa negaci\u00f3n afecta pol\u00edticas y acciones de seguridad del Distrito y la Polic\u00eda?<\/strong><\/p>\n<p style=\"text-align: justify;\">S\u00ed. Negar las \u2018Bacrim\u2019 en Bogot\u00e1 permite que estos grupos ilegales se fortalezcan y que haya impunidad. As\u00ed exponen a la poblaci\u00f3n a las agresiones de esas estructuras y afectan pol\u00edticas de prevenci\u00f3n y protecci\u00f3n humanitaria.<\/p>\n<p style=\"text-align: justify;\">Subcontrataci\u00f3n entre pandillas de la capital<\/p>\n<p style=\"text-align: justify;\">El Gobierno Distrital ha negado la existencia de bandas criminales organizadas como tales en la ciudad y considera que lo que opera en Bogot\u00e1 son los grupos delincuenciales.<\/p>\n<p style=\"text-align: justify;\">Sin embargo, expertos en seguridad ciudadana como Hugo Acero dijeron que \u201cnegar las \u2018Bacrim\u2019 es desconocer que actividades delincuenciales como el microtr\u00e1fico \u2013que ha elevado el comercio y consumo de droga en Bogot\u00e1\u2013, la extorsi\u00f3n, trata de personas o el negocio de armas las hacen estructuras organizadas\u201d.<\/p>\n<p style=\"text-align: justify;\">Por su parte, el investigador de la Fundaci\u00f3n Paz y Reconciliaci\u00f3n, Ariel \u00c1vila, expres\u00f3 que en Bogot\u00e1 la presencia de las grandes bandas criminales se da mediante la subcontrataci\u00f3n de pandillas \u2013y en la ciudad hay 136\u2013 para que operen en los mercados de su inter\u00e9s, como el del microtr\u00e1fico.<\/p>\n<p style=\"text-align: justify;\">En Bogot\u00e1 tienen presencia indirecta \u2018los Rastrojos\u2019, \u2018Urabe\u00f1os\u2019, y de los Llanos Orientales \u2018los Libertadores\u2019 del Vichada y \u2018Bloque Meta\u2019. Estas tambi\u00e9n act\u00faan en otras poblaciones de Cundinamarca, seg\u00fan la Defensor\u00eda del Pueblo. En cambio, \u2018la Empresa\u2019, que opera en Buenaventura, s\u00ed tiene presencia directa en Soacha y l\u00edmites con Bogot\u00e1, seg\u00fan se inform\u00f3.<\/p>\n<p style=\"text-align: justify;\">\u00c1vila dijo que tampoco se puede negar que haya, por momentos, sicariato y \u201cotras estructuras organizadas como las de los fleteros y la pirater\u00eda urbana\u201d.<\/p>\n","protected":false},"excerpt":{"rendered":"<p>El director de alertas tempranas de la Defensor\u00eda del Pueblo, Jorge Calero, afirm\u00f3 que en Bogot\u00e1 s\u00ed hay bandas criminales organizadas (Bacrim), que operan en localidades como Ciudad Bol\u00edvar y Bosa, donde hay grupos residuales de paramilitares desmovilizados y milicias urbanas de las Farc y el Eln, que son responsables no solo por la extinci\u00f3n [&hellip;]<\/p>\n","protected":false},"author":3,"featured_media":16304,"comment_status":"closed","ping_status":"closed","sticky":false,"template":"","format":"standard","meta":{"_et_pb_use_builder":"","_et_pb_old_content":"","_et_gb_content_width":"","footnotes":""},"categories":[1],"tags":[75],"class_list":["post-16303","post","type-post","status-publish","format-standard","has-post-thumbnail","hentry","category-uncategorized","tag-bacrim"],"_links":{"self":[{"href":"https:\/\/arcoiris.com.co\/v3\/wp-json\/wp\/v2\/posts\/16303","targetHints":{"allow":["GET"]}}],"collection":[{"href":"https:\/\/arcoiris.com.co\/v3\/wp-json\/wp\/v2\/posts"}],"about":[{"href":"https:\/\/arcoiris.com.co\/v3\/wp-json\/wp\/v2\/types\/post"}],"author":[{"embeddable":true,"href":"https:\/\/arcoiris.com.co\/v3\/wp-json\/wp\/v2\/users\/3"}],"replies":[{"embeddable":true,"href":"https:\/\/arcoiris.com.co\/v3\/wp-json\/wp\/v2\/comments?post=16303"}],"version-history":[{"count":0,"href":"https:\/\/arcoiris.com.co\/v3\/wp-json\/wp\/v2\/posts\/16303\/revisions"}],"wp:featuredmedia":[{"embeddable":true,"href":"https:\/\/arcoiris.com.co\/v3\/wp-json\/wp\/v2\/media\/16304"}],"wp:attachment":[{"href":"https:\/\/arcoiris.com.co\/v3\/wp-json\/wp\/v2\/media?parent=16303"}],"wp:term":[{"taxonomy":"category","embeddable":true,"href":"https:\/\/arcoiris.com.co\/v3\/wp-json\/wp\/v2\/categories?post=16303"},{"taxonomy":"post_tag","embeddable":true,"href":"https:\/\/arcoiris.com.co\/v3\/wp-json\/wp\/v2\/tags?post=16303"}],"curies":[{"name":"wp","href":"https:\/\/api.w.org\/{rel}","templated":true}]}}