{"id":16346,"date":"2014-12-12T12:11:55","date_gmt":"2014-12-12T17:11:55","guid":{"rendered":"https:\/\/arcoiris.com.co\/v3\/?p=16346"},"modified":"2019-08-26T15:08:50","modified_gmt":"2019-08-26T20:08:50","slug":"carta-al-eln-y-la-gobierno-nacional","status":"publish","type":"post","link":"https:\/\/arcoiris.com.co\/v3\/2014\/12\/carta-al-eln-y-la-gobierno-nacional\/","title":{"rendered":"Carta al ELN y al Gobierno Nacional"},"content":{"rendered":"<p style=\"text-align: justify;\">Bogot\u00e1, 10 de diciembre de 2014.<\/p>\n<p style=\"text-align: justify;\">Se\u00f1ores:<\/p>\n<p style=\"text-align: justify;\"><strong>Miembros de los equipos negociadores<\/strong><\/p>\n<p style=\"text-align: justify;\">Fase exploratoria de los di\u00e1logos entre Gobierno Nacional y Ej\u00e9rcito de Liberaci\u00f3n Nacional ELN<\/p>\n<p style=\"text-align: justify;\">Quienes suscribimos esta carta lo hacemos con la preocupaci\u00f3n de que, no obstante el anuncio de la fase exploratoria de los di\u00e1logos entre el Gobierno Nacional y el Ej\u00e9rcito de Liberaci\u00f3n Nacional ELN hace seis meses, a\u00fan no se ha producido la instalaci\u00f3n formal de la mesa de conversaciones. Esa preocupaci\u00f3n proviene de nuestra convicci\u00f3n de que, sin un proceso con el ELN, la paz de Colombia no ser\u00e1 completa. Destacamos los adelantos significativos que se han logrado en los puntos de acuerdo con las Farc, sin embargo, no vemos conveniente que se profundice el desfase que provoca continuar avanzando con el proceso en La Habana, mientras se atrasa el comienzo de los di\u00e1logos con el ELN.<\/p>\n<p style=\"text-align: justify;\">Reconocemos la iniciativa del ELN de plantear la participaci\u00f3n social y ciudadana en los di\u00e1logos de paz, por ser uno de los temas cruciales para el pa\u00eds, no solo para el buen desarrollo de un proceso hacia el fin del conflicto, sino para el desarrollo de la democracia en Colombia. Estamos atentos y dispuestos a promover la intervenci\u00f3n activa de la poblaci\u00f3n civil en la b\u00fasqueda de la paz y consideramos que para que se produzca es indispensable, cuanto antes, la apertura de la mesa de conversaciones.<\/p>\n<p style=\"text-align: justify;\">Sabemos que en la fase exploratoria del proceso se han presentado obst\u00e1culos que pueden y deben ser superados con la buena voluntad de las partes para llegar al objetivo propuesto de una paz duradera para nuestro pa\u00eds. Por eso, esperamos que este llamado contribuya en \u00e9poca decembrina a estimular el arranque del proceso de paz que se ha anunciado, y ponemos a disposici\u00f3n nuestro trabajo en procura de alcanzar esa meta.<\/p>\n<p style=\"text-align: justify;\">FIRMAN LA CARTA:<\/p>\n<ol style=\"text-align: justify;\">\n<li>Iv\u00e1n Cepeda<\/li>\n<li>Roy Barreras<\/li>\n<li>Antonio Navarro<\/li>\n<li>Horacio Serpa<\/li>\n<li>\u00c1ngela Robledo<\/li>\n<li>Alirio Uribe<\/li>\n<\/ol>\n<p style=\"text-align: justify;\">SOCIEDAD CIVIL:<\/p>\n<p style=\"text-align: justify;\">Pilar Ramos<\/p>\n<p style=\"text-align: justify;\">Antonio Madariaga<\/p>\n<p style=\"text-align: justify;\">Corporaci\u00f3n Viva La Ciudadan\u00eda<\/p>\n<p style=\"text-align: justify;\">Jes\u00fas Vargas<\/p>\n<p style=\"text-align: justify;\">Gladys Mac\u00edas<\/p>\n<p style=\"text-align: justify;\">Luis Emil Sanabria<\/p>\n<p style=\"text-align: justify;\">Luis Sandoval<\/p>\n<p style=\"text-align: justify;\">Presidencia Colegiada de Redepaz<\/p>\n<p style=\"text-align: justify;\">Roberto Carlos Vidal<\/p>\n<p style=\"text-align: justify;\">Director Instituto Pensar (Universidad Javeriana)<\/p>\n<p style=\"text-align: justify;\">Alvaro Jim\u00e9nez<\/p>\n<p style=\"text-align: justify;\">Campa\u00f1a colombiana antiminas<\/p>\n<p style=\"text-align: justify;\">Luis Guillermo P\u00e9rez<\/p>\n<p style=\"text-align: justify;\">Presidente Colectivo Jos\u00e9 Alvear Restrepo<\/p>\n<p style=\"text-align: justify;\">Luis Guillermo Guerrero<\/p>\n<p style=\"text-align: justify;\">Director Cinep<\/p>\n<p style=\"text-align: justify;\">Marco Romero<\/p>\n<p style=\"text-align: justify;\">Director Codhes<\/p>\n<p style=\"text-align: justify;\">Alpher Rojas<\/p>\n<p style=\"text-align: justify;\">Acad\u00e9mico<\/p>\n<p style=\"text-align: justify;\">Alejo Vargas<\/p>\n<p style=\"text-align: justify;\">Carlos Medina Gallego<\/p>\n<p style=\"text-align: justify;\">Carlos Velandia<\/p>\n<p style=\"text-align: justify;\">Jenny Neme<\/p>\n<p style=\"text-align: justify;\">Juan Hougthon<\/p>\n<p style=\"text-align: justify;\">Maria Victoria Llorente<\/p>\n<p style=\"text-align: justify;\">Le\u00f3n Valencia<\/p>\n<p style=\"text-align: justify;\">Luis Guillermo Guerrero<\/p>\n<p style=\"text-align: justify;\">Luis Eduardo Celis<\/p>\n<p style=\"text-align: justify;\">Concejo Regional Ind\u00edgena del Cauca Cric<\/p>\n<p>Germ\u00e1n Roncancio<\/p>\n<p>Mario G\u00f3mez<\/p>\n<p>Gonzalo Arcila<\/p>\n<p>Fondo Lunaria<\/p>\n<p>&nbsp;<\/p>\n<p>Red Prodepaz<\/p>\n<p>&nbsp;<\/p>\n<p>Alonso Ojeda Awad<\/p>\n<p>Pedro Stucky<\/p>\n<p>Puentes para la paz<\/p>\n<p>Katherine Torres<\/p>\n<p>Pablo Stucky<\/p>\n<p>Iglesia Menonita<\/p>\n<p>&nbsp;<\/p>\n<p>Ricardo Esquivia<\/p>\n<p>Sembrando paz<\/p>\n","protected":false},"excerpt":{"rendered":"<p>Bogot\u00e1, 10 de diciembre de 2014. Se\u00f1ores: Miembros de los equipos negociadores Fase exploratoria de los di\u00e1logos entre Gobierno Nacional y Ej\u00e9rcito de Liberaci\u00f3n Nacional ELN Quienes suscribimos esta carta lo hacemos con la preocupaci\u00f3n de que, no obstante el anuncio de la fase exploratoria de los di\u00e1logos entre el Gobierno Nacional y el Ej\u00e9rcito [&hellip;]<\/p>\n","protected":false},"author":3,"featured_media":16347,"comment_status":"closed","ping_status":"closed","sticky":false,"template":"","format":"standard","meta":{"_et_pb_use_builder":"","_et_pb_old_content":"","_et_gb_content_width":"","footnotes":""},"categories":[1],"tags":[89,551,552],"class_list":["post-16346","post","type-post","status-publish","format-standard","has-post-thumbnail","hentry","category-uncategorized","tag-eln","tag-gobierno-nacional","tag-negociaciones-de-paz-con-el-eln"],"_links":{"self":[{"href":"https:\/\/arcoiris.com.co\/v3\/wp-json\/wp\/v2\/posts\/16346","targetHints":{"allow":["GET"]}}],"collection":[{"href":"https:\/\/arcoiris.com.co\/v3\/wp-json\/wp\/v2\/posts"}],"about":[{"href":"https:\/\/arcoiris.com.co\/v3\/wp-json\/wp\/v2\/types\/post"}],"author":[{"embeddable":true,"href":"https:\/\/arcoiris.com.co\/v3\/wp-json\/wp\/v2\/users\/3"}],"replies":[{"embeddable":true,"href":"https:\/\/arcoiris.com.co\/v3\/wp-json\/wp\/v2\/comments?post=16346"}],"version-history":[{"count":0,"href":"https:\/\/arcoiris.com.co\/v3\/wp-json\/wp\/v2\/posts\/16346\/revisions"}],"wp:featuredmedia":[{"embeddable":true,"href":"https:\/\/arcoiris.com.co\/v3\/wp-json\/wp\/v2\/media\/16347"}],"wp:attachment":[{"href":"https:\/\/arcoiris.com.co\/v3\/wp-json\/wp\/v2\/media?parent=16346"}],"wp:term":[{"taxonomy":"category","embeddable":true,"href":"https:\/\/arcoiris.com.co\/v3\/wp-json\/wp\/v2\/categories?post=16346"},{"taxonomy":"post_tag","embeddable":true,"href":"https:\/\/arcoiris.com.co\/v3\/wp-json\/wp\/v2\/tags?post=16346"}],"curies":[{"name":"wp","href":"https:\/\/api.w.org\/{rel}","templated":true}]}}