{"id":16353,"date":"2014-12-12T12:28:58","date_gmt":"2014-12-12T17:28:58","guid":{"rendered":"https:\/\/arcoiris.com.co\/v3\/?p=16353"},"modified":"2019-08-26T15:08:49","modified_gmt":"2019-08-26T20:08:49","slug":"jovenes-y-violencia-urbana-en-la-ciudad-de-cali","status":"publish","type":"post","link":"https:\/\/arcoiris.com.co\/v3\/2014\/12\/jovenes-y-violencia-urbana-en-la-ciudad-de-cali\/","title":{"rendered":"J\u00f3venes y violencia urbana en la ciudad de Cali."},"content":{"rendered":"<p style=\"text-align: justify;\"><a href=\"https:\/\/arcoiris.com.co\/v3\/wp-content\/uploads\/2014\/12\/GRUPO-ORGANIZADOR-Y-PONENTES-FORO-e1418405259139.jpg\"><img loading=\"lazy\" decoding=\"async\" class=\"alignleft wp-image-16354 size-medium\" src=\"https:\/\/arcoiris.com.co\/v3\/wp-content\/uploads\/2014\/12\/GRUPO-ORGANIZADOR-Y-PONENTES-FORO-300x225.jpg\" alt=\"GRUPO ORGANIZADOR Y PONENTES FORO\" width=\"300\" height=\"225\" \/><\/a>El d\u00eda 28 de Noviembre en la ciudad de Cali se\u00a0realiz\u00f3 el I Foro Juventud de Violencia Urbana\u00a0en Cali, organizado por la Universidad del Valle,\u00a0Departamento de Filosof\u00eda y la Corporaci\u00f3n\u00a0Nuevo Arco Iris.\u00a0La vinculaci\u00f3n del departamento de filosof\u00eda de la\u00a0Universidad del Valle en el tema de la juventud y\u00a0violencia urbana, significa para los asistentes, un\u00a0reto hacia una mirada cr\u00edtica y aprehensible, en el\u00a0compromiso de la academia, ante el tema de la\u00a0violencia en los j\u00f3venes. De manera expl\u00edcita, el\u00a0acad\u00e9mico Pedro Posada, jefe de departamento\u00a0de la facultad de filosof\u00eda signific\u00f3, -la vinculaci\u00f3n\u00a0academia desde una teor\u00eda cr\u00edtica con los\u00a0problemas sociales-, en articulaci\u00f3n con la\u00a0Corporaci\u00f3n Nuevo Arco Iris, contextualiza la\u00a0significaci\u00f3n y el inter\u00e9s activo sobre el fen\u00f3meno\u00a0de violencia urbana, entre la investigaci\u00f3n\u00a0acad\u00e9mica y los procesos sociales. En la\u00a0ma\u00f1ana del evento, se expusieron diversos\u00a0trabajos por parte de organizaciones, que se\u00a0caracterizaron de manera polis\u00e9mica e\u00a0interpretativa en el \u00e1rea sico\u2013social, hasta\u00a0investigaciones sociales de violencia urbana.<\/p>\n<p style=\"text-align: justify;\">Leer art\u00edculo completo:<\/p>\n<p><iframe loading=\"lazy\" src=\"\/\/e.issuu.com\/embed.html#3692087\/10542856\" width=\"525\" height=\"340\" frameborder=\"0\" allowfullscreen=\"allowfullscreen\"><\/iframe><\/p>\n","protected":false},"excerpt":{"rendered":"<p>El d\u00eda 28 de Noviembre en la ciudad de Cali se\u00a0realiz\u00f3 el I Foro Juventud de Violencia Urbana\u00a0en Cali, organizado por la Universidad del Valle,\u00a0Departamento de Filosof\u00eda y la Corporaci\u00f3n\u00a0Nuevo Arco Iris.\u00a0La vinculaci\u00f3n del departamento de filosof\u00eda de la\u00a0Universidad del Valle en el tema de la juventud y\u00a0violencia urbana, significa para los asistentes, un\u00a0reto hacia [&hellip;]<\/p>\n","protected":false},"author":3,"featured_media":16356,"comment_status":"closed","ping_status":"closed","sticky":false,"template":"","format":"standard","meta":{"_et_pb_use_builder":"","_et_pb_old_content":"","_et_gb_content_width":"","footnotes":""},"categories":[1],"tags":[554,553],"class_list":["post-16353","post","type-post","status-publish","format-standard","has-post-thumbnail","hentry","category-uncategorized","tag-pandillas","tag-violencia-en-cali"],"_links":{"self":[{"href":"https:\/\/arcoiris.com.co\/v3\/wp-json\/wp\/v2\/posts\/16353","targetHints":{"allow":["GET"]}}],"collection":[{"href":"https:\/\/arcoiris.com.co\/v3\/wp-json\/wp\/v2\/posts"}],"about":[{"href":"https:\/\/arcoiris.com.co\/v3\/wp-json\/wp\/v2\/types\/post"}],"author":[{"embeddable":true,"href":"https:\/\/arcoiris.com.co\/v3\/wp-json\/wp\/v2\/users\/3"}],"replies":[{"embeddable":true,"href":"https:\/\/arcoiris.com.co\/v3\/wp-json\/wp\/v2\/comments?post=16353"}],"version-history":[{"count":0,"href":"https:\/\/arcoiris.com.co\/v3\/wp-json\/wp\/v2\/posts\/16353\/revisions"}],"wp:featuredmedia":[{"embeddable":true,"href":"https:\/\/arcoiris.com.co\/v3\/wp-json\/wp\/v2\/media\/16356"}],"wp:attachment":[{"href":"https:\/\/arcoiris.com.co\/v3\/wp-json\/wp\/v2\/media?parent=16353"}],"wp:term":[{"taxonomy":"category","embeddable":true,"href":"https:\/\/arcoiris.com.co\/v3\/wp-json\/wp\/v2\/categories?post=16353"},{"taxonomy":"post_tag","embeddable":true,"href":"https:\/\/arcoiris.com.co\/v3\/wp-json\/wp\/v2\/tags?post=16353"}],"curies":[{"name":"wp","href":"https:\/\/api.w.org\/{rel}","templated":true}]}}