{"id":16377,"date":"2015-01-06T11:44:12","date_gmt":"2015-01-06T16:44:12","guid":{"rendered":"https:\/\/arcoiris.com.co\/v3\/?p=16377"},"modified":"2019-08-26T15:08:49","modified_gmt":"2019-08-26T20:08:49","slug":"proceso-de-negociacion-con-las-farc-en-punto-de-no-retorno","status":"publish","type":"post","link":"https:\/\/arcoiris.com.co\/v3\/2015\/01\/proceso-de-negociacion-con-las-farc-en-punto-de-no-retorno\/","title":{"rendered":"Proceso de negociaci\u00f3n con las Farc, en punto de no retorno"},"content":{"rendered":"<div id=\"attachment_16378\" style=\"width: 630px\" class=\"wp-caption alignleft\"><a href=\"https:\/\/arcoiris.com.co\/v3\/wp-content\/uploads\/2015\/01\/0-proceso-paz-sin-retorno.jpg\"><img loading=\"lazy\" decoding=\"async\" aria-describedby=\"caption-attachment-16378\" class=\"size-full wp-image-16378\" src=\"https:\/\/arcoiris.com.co\/v3\/wp-content\/uploads\/2015\/01\/0-proceso-paz-sin-retorno.jpg\" alt=\"Durante poco m\u00e1s de dos a\u00f1os, los representantes del gobierno y de las Farc han llegado a tres acuerdos. Se espera que los di\u00e1logos culminen en 2015. Foto: archivo Semana.\" width=\"620\" height=\"400\" srcset=\"https:\/\/arcoiris.com.co\/v3\/wp-content\/uploads\/2015\/01\/0-proceso-paz-sin-retorno.jpg 620w, https:\/\/arcoiris.com.co\/v3\/wp-content\/uploads\/2015\/01\/0-proceso-paz-sin-retorno-300x194.jpg 300w\" sizes=\"(max-width: 620px) 100vw, 620px\" \/><\/a><p id=\"caption-attachment-16378\" class=\"wp-caption-text\">Durante poco m\u00e1s de dos a\u00f1os, los representantes del gobierno y de las Farc han llegado a tres acuerdos. Se espera que los di\u00e1logos culminen en 2015. Foto: archivo Semana.<\/p><\/div>\n<p style=\"text-align: justify;\">El 2014 no fue nada f\u00e1cil para el proceso de paz. En t\u00e9rminos coloquiales, le midieron el aceite a las negociaciones las elecciones al Congreso y a la Presidencia, los viajes de las v\u00edctimas a La Habana y la discusi\u00f3n de temas como la participaci\u00f3n en pol\u00edtica de los guerrilleros de las Farc que dejen las armas y se desmovilicen.<\/p>\n<p style=\"text-align: justify;\">En medio de traspi\u00e9s como las interceptaciones telef\u00f3nicas y de correos electr\u00f3nicos tanto a los negociadores del gobierno como de la guerrilla, las constantes oposiciones a estos di\u00e1logos de algunos sectores pol\u00edticos y la suspensi\u00f3n generada por el secuestro del general Rub\u00e9n Dar\u00edo Alzate, el proceso alcanz\u00f3 un punto en el que ya es dif\u00edcil volver atr\u00e1s, marcando un hito hist\u00f3rico para el pa\u00eds en el proceso con este grupo subversivo.<\/p>\n<p style=\"text-align: justify;\">Por primera vez en el mundo, unas conversaciones de paz incluyen a las v\u00edctimas del conflicto, lo que se vio reflejado en el viaje a Cuba de cinco delegaciones compuesta cada una de doce personas, con el fin de plantear directamente en la Mesa de Negociaciones no solo sus tragedias, sino sus aportes al proceso.<\/p>\n<p style=\"text-align: justify;\">En medio de esa participaci\u00f3n, la guerrilla reconoci\u00f3 que parte de sus acciones hab\u00edan afectado a la poblaci\u00f3n civil, sin decir que ellos son victimarios, y despu\u00e9s declar\u00f3 su \u201cprofundo pesar\u201d por la masacre de Bojay\u00e1. En ese ataque, ocurrido el 2 de mayo de 2002, murieron 79 civiles como consecuencia de la explosi\u00f3n de un cilindro bomba lanzado por guerrilleros contra paramilitares que estaban en el casco urbano y por error cay\u00f3 en el templo, donde se refugiaban los pobladores.<\/p>\n<p style=\"text-align: justify;\">Adem\u00e1s, se pact\u00f3 el punto de drogas il\u00edcitas, el tercero de los seis temas a discutir; se avanz\u00f3 en otros aspectos de la agenda de negociaciones, entre ellos el relativo a las v\u00edctimas; y se conform\u00f3 una subcomisi\u00f3n conformada por representantes del gobierno y de las Farc para preparar el terreno que conduzca al fin del conflicto con ese grupo guerrillero.<\/p>\n<p style=\"text-align: justify;\">En Cuba, se avanza cada vez m\u00e1s m\u00e1s hacia una eventual firma de acuerdos, por ello han cobrado fuerza los debates son c\u00f3mo desescalar el conflicto y cu\u00e1l es el camino adecuado para la participaci\u00f3n de guerrilleros desmovilizados en pol\u00edtica. (Lea: <a href=\"http:\/\/www.verdadabierta.com\/procesos-de-paz\/farc\/5535-delito-politico-que-tanto-se-puede-estirar\" target=\"_blank\" rel=\"noopener noreferrer\">Delito pol\u00edtico: \u00bfQu\u00e9 tanto se puede estirar?<\/a>)<\/p>\n<p style=\"text-align: justify;\">Adicional a todo ello se acord\u00f3 la conformaci\u00f3n de la Comisi\u00f3n Hist\u00f3rica del Conflicto y sus V\u00edctimas, compuesta por doce reconocidos acad\u00e9micos y dos relatores, quienes trabajaron desde el 21 de agosto en la elaboraci\u00f3n de un documento confidencial que debi\u00f3 entregarse en diciembre pasado a la Mesa de Negociaci\u00f3n y que contiene una interpretaci\u00f3n consensuada de los or\u00edgenes del conflicto armado en Colombia, insumo que ser\u00e1 incorporado a los acuerdos finales.<\/p>\n<p style=\"text-align: justify;\">El proceso de paz est\u00e1 llegando a un punto de no retorno y el 2014 marc\u00f3 varios hitos en ese sentido que, se espera, se consoliden en este nuevo a\u00f1o. A continuaci\u00f3n VerdadAbierta.com aborda varios de esos hechos importantes, que se constituyen en retos para este a\u00f1o.<\/p>\n<p style=\"text-align: justify;\"><strong>La voz de las v\u00edctimas<br \/>\n<\/strong><span class=\"wf_caption\">De izquierda a derecha: Jos\u00e9 Antequera, Consuelo Gonz\u00e1lez de Perdomo, Luis Mendieta, Jineth Bedoya y Piedad C\u00f3rdoba Ruiz, integrantes de cada uno de los grupos de v\u00edctimas que viajaron a La Habana. Fotos: archivo Semana.<\/span><\/p>\n<p style=\"text-align: justify;\">El gobierno y las Farc escucharon los relatos de 60 personas sobre lo que ellas, y gran parte de los siete millones de v\u00edctimas de Colombia, han padecido en esta guerra ya ajust\u00f3 50 a\u00f1os. (Lea: <a href=\"http:\/\/www.verdadabierta.com\/procesos-de-paz\/farc\/5555-victimas-en-la-habana-los-que-fueron-y-los-que-faltaron\" target=\"_blank\" rel=\"noopener noreferrer\">V\u00edctimas en La Habana: los fueron y los que faltaron<\/a>)<\/p>\n<p style=\"text-align: justify;\">Al llamarlos a participar en la Mesa de Negociaciones, les abrieron un espacio que ning\u00fan otro sector tuvo en los puntos ya pactados, pues en el de tierras no se invit\u00f3 a los campesinos, en el participaci\u00f3n pol\u00edtica no estuvo ning\u00fan partido y en el de drogas il\u00edcitas no fueron a La Habana personas de las regiones donde proliferan los cultivos de hoja de coca para uso il\u00edcito y marihuana. Adem\u00e1s, en su visita, las v\u00edctimas llevaron propuestas concretas para ser incluidas en los acuerdos y que hasta ahora se desconocen.<\/p>\n<p style=\"text-align: justify;\">Pese a las cr\u00edticas de algunos sectores pol\u00edticos, los efectos de esas visitas a Cuba se vieron reflejados en los cambios mostrados por las Farc en su manera de ver a las personas que m\u00e1s han padecido el conflicto.<\/p>\n<p style=\"text-align: justify;\">En 2012 la primera manifestaci\u00f3n de la guerrilla acerca de las v\u00edctimas fue que \u201cquiz\u00e1s\u201d estaban preparados para pedir perd\u00f3n. Un a\u00f1o despu\u00e9s aceptaron por primera vez que han ocasionado dolor y v\u00edctimas, pero expresaron que el Estado tambi\u00e9n ha cometido excesos y que no se declarar\u00e1n victimarios de manera unilateral.<\/p>\n<p style=\"text-align: justify;\">Su discurso evolucion\u00f3 m\u00e1s en 2014. En octubre, la guerrilla acept\u00f3 que han afectado a civiles, pero afirm\u00f3 que estas acciones eran \u201cerrores involuntarios\u201d, y en diciembre, luego de la participaci\u00f3n del quinto y \u00faltimo grupo de v\u00edctimas, lamentaron la masacre de Bojay\u00e1 y explicaron que ya piensan en c\u00f3mo para reparar a esa comunidad. (Lea: <a href=\"http:\/\/www.verdadabierta.com\/procesos-de-paz\/farc\/5556-farc-reconocer-error-en-ataque-a-bojaya-choco\" target=\"_blank\" rel=\"noopener noreferrer\">Farc reconocen frente a v\u00edctimas da\u00f1o causado en Bojay\u00e1<\/a>)<\/p>\n<p style=\"text-align: justify;\">Se espera que para este a\u00f1o, los voceros de las Farc sean m\u00e1s consecuentes con sus cambios y acepten su responsabilidad en hechos que afectaron tanto a los colombianos como el secuestro de civiles, la desaparici\u00f3n forzada, la toma armada a poblaciones y los homicidios contra l\u00edderes sociales, ind\u00edgenas y afrodescendientes, entre otros.<\/p>\n<p style=\"text-align: justify;\"><strong>La negociaci\u00f3n, en puntos suspensivos<\/strong><br \/>\nEn los dos a\u00f1os de negociaciones se han presentado momentos tensos, sin que ello produjera efectos dr\u00e1sticos sobre el proceso. No obstante en noviembre de 2014 se produjo la primera suspensi\u00f3n oficial de las conversaciones, decretada por el gobierno nacional. La causa fue el secuestro del general Rub\u00e9n Dar\u00edo Alzate, comandante de la Fuerza de Tarea Conjunta Tit\u00e1n que opera en Choc\u00f3. El oficial viajaba con el cabo Jorge Rodr\u00edguez y la abogada Gloria Urrego en una embarcaci\u00f3n por el r\u00edo Atrato, vistiendo bermudas en vez del traje militar y completamente desarmados, cuando fueron retenidos por miembros del Frente 34 de las Farc. (Lea: <a href=\"http:\/\/www.verdadabierta.com\/victimas-seccion\/secuestrados\/5522-el-atrato-dos-decadas-de-guerra\" target=\"_blank\" rel=\"noopener noreferrer\">El Atrato: dos d\u00e9cadas de guerra<\/a>)<\/p>\n<p style=\"text-align: justify;\">Una vez se conoci\u00f3 el hecho, el presidente Juan Manuel Santos les orden\u00f3 a sus delegados que no viajaran a Cuba hasta que Alzate y sus acompa\u00f1antes fueran liberados. Trece d\u00edas despu\u00e9s, representantes de los pa\u00edses garantes de las negociaciones (Cuba y Noruega) y funcionarios del Comit\u00e9 Internacional de la Cruz Roja se desplazaron hasta el \u00e1rea donde ocurri\u00f3 la retenci\u00f3n para ayudar en la liberaci\u00f3n. Pero no eran los \u00fanicos presentes. Por orden del Secretariado de las Farc tambi\u00e9n estaba alias &#8216;Pastor Alape&#8217;, comandante del Bloque Iv\u00e1n R\u00edos, que ten\u00eda a los militares, y quien se desplaz\u00f3 desde La Habana.<\/p>\n<p style=\"text-align: justify;\">Durante el operativo, la guerrilla tom\u00f3 fotograf\u00edas y grab\u00f3 un video donde aparecen &#8216;Alape&#8217; y el general Alzate abrazados, d\u00e1ndose la mano y conversando. Estando en libertad, el militar pidi\u00f3 la baja del Ej\u00e9rcito.<\/p>\n<p style=\"text-align: justify;\">Leer art\u00edculo completo:\u00a0<a href=\"http:\/\/www.verdadabierta.com\/procesos-de-paz\/farc\/5562-proceso-de-negociacion-con-las-farc-en-punto-de-no-retorno\" target=\"_blank\" rel=\"noopener\">http:\/\/www.verdadabierta.com\/procesos-de-paz\/farc\/5562-proceso-de-negociacion-con-las-farc-en-punto-de-no-retorno<\/a><\/p>\n<p>&nbsp;<\/p>\n","protected":false},"excerpt":{"rendered":"<p>El 2014 no fue nada f\u00e1cil para el proceso de paz. En t\u00e9rminos coloquiales, le midieron el aceite a las negociaciones las elecciones al Congreso y a la Presidencia, los viajes de las v\u00edctimas a La Habana y la discusi\u00f3n de temas como la participaci\u00f3n en pol\u00edtica de los guerrilleros de las Farc que dejen [&hellip;]<\/p>\n","protected":false},"author":3,"featured_media":16378,"comment_status":"closed","ping_status":"closed","sticky":false,"template":"","format":"standard","meta":{"_et_pb_use_builder":"","_et_pb_old_content":"","_et_gb_content_width":"","footnotes":""},"categories":[1],"tags":[509],"class_list":["post-16377","post","type-post","status-publish","format-standard","has-post-thumbnail","hentry","category-uncategorized","tag-dialogos-en-la-habana"],"_links":{"self":[{"href":"https:\/\/arcoiris.com.co\/v3\/wp-json\/wp\/v2\/posts\/16377","targetHints":{"allow":["GET"]}}],"collection":[{"href":"https:\/\/arcoiris.com.co\/v3\/wp-json\/wp\/v2\/posts"}],"about":[{"href":"https:\/\/arcoiris.com.co\/v3\/wp-json\/wp\/v2\/types\/post"}],"author":[{"embeddable":true,"href":"https:\/\/arcoiris.com.co\/v3\/wp-json\/wp\/v2\/users\/3"}],"replies":[{"embeddable":true,"href":"https:\/\/arcoiris.com.co\/v3\/wp-json\/wp\/v2\/comments?post=16377"}],"version-history":[{"count":0,"href":"https:\/\/arcoiris.com.co\/v3\/wp-json\/wp\/v2\/posts\/16377\/revisions"}],"wp:featuredmedia":[{"embeddable":true,"href":"https:\/\/arcoiris.com.co\/v3\/wp-json\/wp\/v2\/media\/16378"}],"wp:attachment":[{"href":"https:\/\/arcoiris.com.co\/v3\/wp-json\/wp\/v2\/media?parent=16377"}],"wp:term":[{"taxonomy":"category","embeddable":true,"href":"https:\/\/arcoiris.com.co\/v3\/wp-json\/wp\/v2\/categories?post=16377"},{"taxonomy":"post_tag","embeddable":true,"href":"https:\/\/arcoiris.com.co\/v3\/wp-json\/wp\/v2\/tags?post=16377"}],"curies":[{"name":"wp","href":"https:\/\/api.w.org\/{rel}","templated":true}]}}