{"id":16380,"date":"2015-01-06T11:48:07","date_gmt":"2015-01-06T16:48:07","guid":{"rendered":"https:\/\/arcoiris.com.co\/v3\/?p=16380"},"modified":"2019-08-26T15:08:49","modified_gmt":"2019-08-26T20:08:49","slug":"reduccion-de-homicidios-indicador-de-reconciliacion","status":"publish","type":"post","link":"https:\/\/arcoiris.com.co\/v3\/2015\/01\/reduccion-de-homicidios-indicador-de-reconciliacion\/","title":{"rendered":"Reducci\u00f3n de homicidios, indicador de reconciliaci\u00f3n"},"content":{"rendered":"<div id=\"attachment_16381\" style=\"width: 372px\" class=\"wp-caption alignleft\"><a href=\"https:\/\/arcoiris.com.co\/v3\/wp-content\/uploads\/2015\/01\/4aaa6bf9fc006827f6422bd7e3d69d27.jpg\"><img loading=\"lazy\" decoding=\"async\" aria-describedby=\"caption-attachment-16381\" class=\"size-full wp-image-16381\" src=\"https:\/\/arcoiris.com.co\/v3\/wp-content\/uploads\/2015\/01\/4aaa6bf9fc006827f6422bd7e3d69d27.jpg\" alt=\"Foto: Archivo Semana.\" width=\"362\" height=\"298\" srcset=\"https:\/\/arcoiris.com.co\/v3\/wp-content\/uploads\/2015\/01\/4aaa6bf9fc006827f6422bd7e3d69d27.jpg 362w, https:\/\/arcoiris.com.co\/v3\/wp-content\/uploads\/2015\/01\/4aaa6bf9fc006827f6422bd7e3d69d27-300x247.jpg 300w\" sizes=\"(max-width: 362px) 100vw, 362px\" \/><\/a><p id=\"caption-attachment-16381\" class=\"wp-caption-text\">Foto: Archivo Semana.<\/p><\/div>\n<p><em>El n\u00famero de homicidios cometidos el a\u00f1o pasado estar\u00eda por debajo de los 13.000, la cifra m\u00e1s baja en 30 a\u00f1os.<\/em><\/p>\n<p><strong>Enero 4 de 2015<br \/>\nFoto: Archivo Semana.<\/strong><\/p>\n<p style=\"text-align: justify;\"><a href=\"http:\/\/www.reconciliacioncolombia.com\/prensa\/detalle\/292\/reduccion-de-homicidios-indicador-de-reconciliacion\" target=\"_blank\" rel=\"noopener noreferrer\">De acuerdo con un informe publicado en el diario El Tiempo<\/a>, aunque las cifras est\u00e1n a\u00fan en proceso de consolidaci\u00f3n, se calcula que el n\u00famero de homicidios cometido en 2014 estar\u00e1 por el orden de los 12.800.<\/p>\n<p style=\"text-align: justify;\">Este n\u00famero es un hito en la reducci\u00f3n de homicidios en el pa\u00eds, pues ser\u00eda cercana a la registrada en 1984, cuando empezaba en el pa\u00eds la \u00e9poca de la guerra contra el narcotr\u00e1fico.<\/p>\n<p style=\"text-align: justify;\">De acuerdo con esta informaci\u00f3n, la tasa nacional de homicidios (n\u00famero de casos por cada 100 mil habitantes), podr\u00eda estar por debajo de 30, lo que no se logra desde finales de los 70.<\/p>\n<p style=\"text-align: justify;\">La cifra sigue siendo alta frente a los est\u00e1ndares internacionales. La tasa mundial, de acuerdo con la ONU, es de 6,2, y en la regi\u00f3n solo pa\u00edses como Honduras, Venezuela, El Salvador y Guatemala tienen una tasa m\u00e1s alta que la de Colombia.<\/p>\n<p>Tomado de:\u00a0<a href=\"http:\/\/www.reconciliacioncolombia.com\/prensa\/detalle\/292\/reduccion-de-homicidios-indicador-de-reconciliacion\" target=\"_blank\" rel=\"noopener\">http:\/\/www.reconciliacioncolombia.com\/prensa\/detalle\/292\/reduccion-de-homicidios-indicador-de-reconciliacion<\/a><\/p>\n","protected":false},"excerpt":{"rendered":"<p>El n\u00famero de homicidios cometidos el a\u00f1o pasado estar\u00eda por debajo de los 13.000, la cifra m\u00e1s baja en 30 a\u00f1os. Enero 4 de 2015 Foto: Archivo Semana. De acuerdo con un informe publicado en el diario El Tiempo, aunque las cifras est\u00e1n a\u00fan en proceso de consolidaci\u00f3n, se calcula que el n\u00famero de homicidios [&hellip;]<\/p>\n","protected":false},"author":3,"featured_media":16381,"comment_status":"closed","ping_status":"closed","sticky":false,"template":"","format":"standard","meta":{"_et_pb_use_builder":"","_et_pb_old_content":"","_et_gb_content_width":"","footnotes":""},"categories":[1],"tags":[561,562],"class_list":["post-16380","post","type-post","status-publish","format-standard","has-post-thumbnail","hentry","category-uncategorized","tag-homicidos","tag-reconociliacion"],"_links":{"self":[{"href":"https:\/\/arcoiris.com.co\/v3\/wp-json\/wp\/v2\/posts\/16380","targetHints":{"allow":["GET"]}}],"collection":[{"href":"https:\/\/arcoiris.com.co\/v3\/wp-json\/wp\/v2\/posts"}],"about":[{"href":"https:\/\/arcoiris.com.co\/v3\/wp-json\/wp\/v2\/types\/post"}],"author":[{"embeddable":true,"href":"https:\/\/arcoiris.com.co\/v3\/wp-json\/wp\/v2\/users\/3"}],"replies":[{"embeddable":true,"href":"https:\/\/arcoiris.com.co\/v3\/wp-json\/wp\/v2\/comments?post=16380"}],"version-history":[{"count":0,"href":"https:\/\/arcoiris.com.co\/v3\/wp-json\/wp\/v2\/posts\/16380\/revisions"}],"wp:featuredmedia":[{"embeddable":true,"href":"https:\/\/arcoiris.com.co\/v3\/wp-json\/wp\/v2\/media\/16381"}],"wp:attachment":[{"href":"https:\/\/arcoiris.com.co\/v3\/wp-json\/wp\/v2\/media?parent=16380"}],"wp:term":[{"taxonomy":"category","embeddable":true,"href":"https:\/\/arcoiris.com.co\/v3\/wp-json\/wp\/v2\/categories?post=16380"},{"taxonomy":"post_tag","embeddable":true,"href":"https:\/\/arcoiris.com.co\/v3\/wp-json\/wp\/v2\/tags?post=16380"}],"curies":[{"name":"wp","href":"https:\/\/api.w.org\/{rel}","templated":true}]}}