{"id":16383,"date":"2015-01-06T12:01:37","date_gmt":"2015-01-06T17:01:37","guid":{"rendered":"https:\/\/arcoiris.com.co\/v3\/?p=16383"},"modified":"2019-08-26T15:08:49","modified_gmt":"2019-08-26T20:08:49","slug":"ser-este-grito-en-medio-de-la-muerte","status":"publish","type":"post","link":"https:\/\/arcoiris.com.co\/v3\/2015\/01\/ser-este-grito-en-medio-de-la-muerte\/","title":{"rendered":"Ser este grito en medio de la muerte"},"content":{"rendered":"<div id=\"attachment_16384\" style=\"width: 630px\" class=\"wp-caption alignleft\"><a href=\"https:\/\/arcoiris.com.co\/v3\/wp-content\/uploads\/2015\/01\/comunidaddepaz4.jpg\"><img loading=\"lazy\" decoding=\"async\" aria-describedby=\"caption-attachment-16384\" class=\"size-large wp-image-16384\" src=\"https:\/\/arcoiris.com.co\/v3\/wp-content\/uploads\/2015\/01\/comunidaddepaz4-640x259.jpg\" alt=\"San Jos\u00e9 de Apartad\u00f3 se declar\u00f3 comunidad de paz el 23 de marzo de 1997. Aproximadamente 500 campesinos, pertenecientes a 17 veredas, decidieron organizarse para sacar la guerra de su territorio, para no colaborar con ning\u00fan actor armado, para llevar adelante un proceso de neutralidad respecto del conflicto. Foto: www.nasaacin.org\" width=\"620\" height=\"251\" srcset=\"https:\/\/arcoiris.com.co\/v3\/wp-content\/uploads\/2015\/01\/comunidaddepaz4-640x259.jpg 640w, https:\/\/arcoiris.com.co\/v3\/wp-content\/uploads\/2015\/01\/comunidaddepaz4-300x122.jpg 300w, https:\/\/arcoiris.com.co\/v3\/wp-content\/uploads\/2015\/01\/comunidaddepaz4.jpg 950w\" sizes=\"(max-width: 620px) 100vw, 620px\" \/><\/a><p id=\"caption-attachment-16384\" class=\"wp-caption-text\">San Jos\u00e9 de Apartad\u00f3 se declar\u00f3 comunidad de paz el 23 de marzo de 1997. Aproximadamente 500 campesinos, pertenecientes a 17 veredas, decidieron organizarse para sacar la guerra de su territorio, para no colaborar con ning\u00fan actor armado, para llevar adelante un proceso de neutralidad respecto del conflicto.<br \/>Foto: www.nasaacin.org<\/p><\/div>\n<p style=\"text-align: justify;\">Se han construido en Urab\u00e1 dos caminos totalmente distintos con historias contadas y vividas de formas opuestas.<\/p>\n<p style=\"text-align: justify;\">Desde all\u00ed comenzar\u00edamos a descubrir y desentra\u00f1ar los dos estados que existen y que hoy m\u00e1s que nunca vivimos, un estado que se plasma en el papel y el otro que es el estado que vivimos diariamente. Desde hace mucho supimos que construir un espacio alternativo de dignidad era ir en contrav\u00eda a la l\u00f3gica real del Estado.<\/p>\n<p style=\"text-align: justify;\">Hemos podido apreciar en carne propia c\u00f3mo en estos largos a\u00f1os no se cambia para nada el libreto: se mata, se asesina y para ello se utilizan los medios m\u00e1s atroces y se valen de las artima\u00f1as mas c\u00ednicas y perversas.<\/p>\n<p style=\"text-align: justify;\">Al paramilitarismo lo hemos sufrido d\u00eda a d\u00eda, pero pudimos ver su evoluci\u00f3n total frente al exterminio, la impunidad total y la l\u00f3gica como el Estado lo implant\u00f3 en la sociedad urabaense y colombiana.<\/p>\n<p style=\"text-align: justify;\">Tal vez, lo mas rescatable de nuestro caminar, pese al horror, es que no nos han logrado callar y no lo har\u00e1n hasta que exterminen al \u00faltimo miembro de la comunidad.<\/p>\n<p style=\"text-align: justify;\">Creemos que en estos a\u00f1os hemos adquirido ese compromiso con la vida de no callar ante la muerte, ante el paramilitarismo que est\u00e1 mas vivo que nunca y contin\u00faa asesinando en Urab\u00e1 en las narices de la prensa y de las instituciones estatales que lo niegan todo. Sin embargo, el aliento de estas v\u00edctimas, en su silencio, nos dice que tenemos que seguir gritando y rechazando esta barbarie.<\/p>\n<p style=\"text-align: justify;\">Para el pa\u00eds, no solo han quedado en el olvido todos los hechos de horror perpetrados contra las comunidades, sino que adem\u00e1s el presente es necesario vivirlo sin decir nada y sobre todo imaginando que el horror que estamos viviendo es el pa\u00eds perfecto, de ah\u00ed que las muertes son ya cuesti\u00f3n de a\u00f1os que deben ser llevadas al olvido y que los asesinos ya no son paramilitares sino banditas emergentes; el robo de tierras es solo la redistribuci\u00f3n que se le hace a los victimarios y grandes terratenientes por su esp\u00edritu patri\u00f3tico, las riquezas naturales que se est\u00e1n explotando y generando desplazamiento es el progreso y el desarrollo que vive el pa\u00eds.<\/p>\n<p style=\"text-align: justify;\">Es evidente que a la realidad se le cambia de nombre, se le maquilla a la muerte como si fuera vida y el victimario resulta ser la v\u00edctima, eso es lo que nos ha ense\u00f1ado la seguridad democr\u00e1tica, esa que durante todos estos a\u00f1os de Comunidad de Paz, ha buscado aniquilarnos de todas las formas y para justificar su horror nos tachan de guerrilleros. La simplicidad del victimario y su total descaro.<\/p>\n<p style=\"text-align: justify;\">Por ello, no podemos olvidar que estas b\u00fasquedas solidarias, comunitarias que son fundamentales para nuestra comunidad han podido lograrse gracias a la solidaridad de cientos y cientos de personas en el mundo que creen que la injusticia y la impunidad no pueden ser el rumbo de la historia.<\/p>\n<p style=\"text-align: justify;\">Sabemos que entramos a otro a\u00f1o nuevo 2015 y lo hacemos en comunidad. Hubi\u00e9ramos querido que la realidad no fuera la misma de todos estos a\u00f1os de muerte y guerra, pero lamentablemente, como hemos ya expresado, es mucho peor.<\/p>\n<p style=\"text-align: justify;\">Ser este grito en medio de la muerte que ha generado el paramilitarismo, en acciones conjuntas con el Estado, nos ha costado enormemente. Sin embargo creemos que este compromiso con la verdad nos alienta para no ceder ante tanta barbarie.<\/p>\n<p style=\"text-align: justify;\">A cada persona que ha pasado por nuestra Comunidad de Paz, no s\u00f3lo en nuestros espacios, sino que ha tocado alguna vez con nosotros, en alg\u00fan documento, en una p\u00e1gina, en un video, en una foto o simplemente ha escuchado hablar de ella, gracias por esa expresi\u00f3n, entre todos podemos construir alternativas donde quiera que estemos y ser respetados por ello, eso es solidaridad.<\/p>\n<p style=\"text-align: justify;\">Nos reafirmamos nuevamente en nuestros principios de vida, a la vez extendemos un saludo fraterno y agradecimiento nacional e internacional a todos los que nos han acompa\u00f1ado, a todos los que caminan con nosotros desde distintas partes del mundo, a todos los que desde su coraz\u00f3n creen en el respeto de la poblaci\u00f3n civil en medio del conflicto.<\/p>\n<p style=\"text-align: justify;\">Tomado de:\u00a0<a href=\"http:\/\/prensarural.org\/spip\/spip.php?article15856\" target=\"_blank\" rel=\"noopener\">http:\/\/prensarural.org\/spip\/spip.php?article15856<\/a><\/p>\n<p>&nbsp;<\/p>\n","protected":false},"excerpt":{"rendered":"<p>Se han construido en Urab\u00e1 dos caminos totalmente distintos con historias contadas y vividas de formas opuestas. Desde all\u00ed comenzar\u00edamos a descubrir y desentra\u00f1ar los dos estados que existen y que hoy m\u00e1s que nunca vivimos, un estado que se plasma en el papel y el otro que es el estado que vivimos diariamente. Desde [&hellip;]<\/p>\n","protected":false},"author":3,"featured_media":16384,"comment_status":"closed","ping_status":"closed","sticky":false,"template":"","format":"standard","meta":{"_et_pb_use_builder":"","_et_pb_old_content":"","_et_gb_content_width":"","footnotes":""},"categories":[1],"tags":[563,564],"class_list":["post-16383","post","type-post","status-publish","format-standard","has-post-thumbnail","hentry","category-uncategorized","tag-comunidad-de-oaz","tag-san-jose-de-apartado"],"_links":{"self":[{"href":"https:\/\/arcoiris.com.co\/v3\/wp-json\/wp\/v2\/posts\/16383","targetHints":{"allow":["GET"]}}],"collection":[{"href":"https:\/\/arcoiris.com.co\/v3\/wp-json\/wp\/v2\/posts"}],"about":[{"href":"https:\/\/arcoiris.com.co\/v3\/wp-json\/wp\/v2\/types\/post"}],"author":[{"embeddable":true,"href":"https:\/\/arcoiris.com.co\/v3\/wp-json\/wp\/v2\/users\/3"}],"replies":[{"embeddable":true,"href":"https:\/\/arcoiris.com.co\/v3\/wp-json\/wp\/v2\/comments?post=16383"}],"version-history":[{"count":0,"href":"https:\/\/arcoiris.com.co\/v3\/wp-json\/wp\/v2\/posts\/16383\/revisions"}],"wp:featuredmedia":[{"embeddable":true,"href":"https:\/\/arcoiris.com.co\/v3\/wp-json\/wp\/v2\/media\/16384"}],"wp:attachment":[{"href":"https:\/\/arcoiris.com.co\/v3\/wp-json\/wp\/v2\/media?parent=16383"}],"wp:term":[{"taxonomy":"category","embeddable":true,"href":"https:\/\/arcoiris.com.co\/v3\/wp-json\/wp\/v2\/categories?post=16383"},{"taxonomy":"post_tag","embeddable":true,"href":"https:\/\/arcoiris.com.co\/v3\/wp-json\/wp\/v2\/tags?post=16383"}],"curies":[{"name":"wp","href":"https:\/\/api.w.org\/{rel}","templated":true}]}}