{"id":16417,"date":"2015-01-20T09:53:53","date_gmt":"2015-01-20T14:53:53","guid":{"rendered":"https:\/\/arcoiris.com.co\/v3\/?p=16417"},"modified":"2019-08-26T15:08:48","modified_gmt":"2019-08-26T20:08:48","slug":"atentado-contra-lider-afrocaucano-en-villa-rica","status":"publish","type":"post","link":"https:\/\/arcoiris.com.co\/v3\/2015\/01\/atentado-contra-lider-afrocaucano-en-villa-rica\/","title":{"rendered":"Atentado contra lider afrocaucano en Villa Rica"},"content":{"rendered":"<p style=\"text-align: justify;\">La UNIDAD DE ORGANIZACIONES AFRO CAUCANAS (UOAFROC), expresa su preocupaci\u00f3n y condena los hechos ocurridos contra el se\u00f1or Jes\u00fas Enrique Andrade, conductor de la organizaci\u00f3n, quien el pasado 8 de enero a las 7:20 p.m. en el Municipio de Villa Rica, fue atacado y herido a manos de dos (02) hombres desconocidos quienes le propinaron 3 disparos que impactaron en la cabeza, hoy el compa\u00f1ero Jes\u00fas se encuentra debati\u00e9ndose entre la vida y muerte. La UNIDAD DE ORGANIZACIONES AFRO CAUCANAS y sus miembros hemos sido declarados objetivo militar por personas que se identifican como miembros de LOS RASTROJOS, recibimos mensajes de texto amenazando nuestra vida e integridad f\u00edsica por defender el territorio y los derechos colectivos del pueblo de afro.<\/p>\n<p style=\"text-align: justify;\">UOAFROC exige se nos respete la vida y solicitamos a las autoridades competentes que nos suministren las medidas de protecci\u00f3n individuales y colectivas, exigimos al Gobierno Nacional su intervenci\u00f3n inmediata y efectiva en los temas de extracci\u00f3n de minerales en el territorio del Norte del Cauca y frente a la presencia de grupos ilegales que aterrorizan en nuestros territorios e intentan silenciar nuestras voces.<\/p>\n<p style=\"text-align: justify;\">Adem\u00e1s convocamos a la comunidad en general nacional e internacional, las organizaciones defensoras de derechos humanos, organizaciones defensoras del medio ambiente, la oficina del Alto Comisionado de Naciones Unidas para los Derechos Humanos; la Defensor\u00eda del Pueblo, los medios de comunicaci\u00f3n nacional e internacional a pronunciarse a favor de nuestra justa causa, apoyar la denuncia de estos hechos y acompa\u00f1ar permanentemente la exigencia al gobierno COLOMBIANO en estos momentos de la b\u00fasqueda de la paz, una protecci\u00f3n efectiva a nuestras comunidades, la defensa de nuestras vidas y nuestros territorios.<\/p>\n<p style=\"text-align: justify;\">\nUNIDAD DE ORGANIZACIONES AFROCAUCANAS &#8211; UOAFROC<br \/>\nCra 26 calle 9 Esquina \u2013 Piso 1 Barrio Santa Elena Telefax +2 8280019 Email: uoafrocauca@yahoo.es web: www.uoafroc.org Municipio de Puerto Tejada, Colombia. Am\u00e9rica del Sur.<\/p>\n","protected":false},"excerpt":{"rendered":"<p>La UNIDAD DE ORGANIZACIONES AFRO CAUCANAS (UOAFROC), expresa su preocupaci\u00f3n y condena los hechos ocurridos contra el se\u00f1or Jes\u00fas Enrique Andrade, conductor de la organizaci\u00f3n, quien el pasado 8 de enero a las 7:20 p.m. en el Municipio de Villa Rica, fue atacado y herido a manos de dos (02) hombres desconocidos quienes le propinaron [&hellip;]<\/p>\n","protected":false},"author":3,"featured_media":16435,"comment_status":"closed","ping_status":"closed","sticky":false,"template":"","format":"standard","meta":{"_et_pb_use_builder":"","_et_pb_old_content":"","_et_gb_content_width":"","footnotes":""},"categories":[1,28,18],"tags":[572],"class_list":["post-16417","post","type-post","status-publish","format-standard","has-post-thumbnail","hentry","category-uncategorized","category-regiones","category-victimas","tag-atentado-lider-afrocaucano"],"_links":{"self":[{"href":"https:\/\/arcoiris.com.co\/v3\/wp-json\/wp\/v2\/posts\/16417","targetHints":{"allow":["GET"]}}],"collection":[{"href":"https:\/\/arcoiris.com.co\/v3\/wp-json\/wp\/v2\/posts"}],"about":[{"href":"https:\/\/arcoiris.com.co\/v3\/wp-json\/wp\/v2\/types\/post"}],"author":[{"embeddable":true,"href":"https:\/\/arcoiris.com.co\/v3\/wp-json\/wp\/v2\/users\/3"}],"replies":[{"embeddable":true,"href":"https:\/\/arcoiris.com.co\/v3\/wp-json\/wp\/v2\/comments?post=16417"}],"version-history":[{"count":0,"href":"https:\/\/arcoiris.com.co\/v3\/wp-json\/wp\/v2\/posts\/16417\/revisions"}],"wp:featuredmedia":[{"embeddable":true,"href":"https:\/\/arcoiris.com.co\/v3\/wp-json\/wp\/v2\/media\/16435"}],"wp:attachment":[{"href":"https:\/\/arcoiris.com.co\/v3\/wp-json\/wp\/v2\/media?parent=16417"}],"wp:term":[{"taxonomy":"category","embeddable":true,"href":"https:\/\/arcoiris.com.co\/v3\/wp-json\/wp\/v2\/categories?post=16417"},{"taxonomy":"post_tag","embeddable":true,"href":"https:\/\/arcoiris.com.co\/v3\/wp-json\/wp\/v2\/tags?post=16417"}],"curies":[{"name":"wp","href":"https:\/\/api.w.org\/{rel}","templated":true}]}}