{"id":16423,"date":"2015-01-23T10:20:09","date_gmt":"2015-01-23T15:20:09","guid":{"rendered":"https:\/\/arcoiris.com.co\/v3\/?p=16423"},"modified":"2019-08-26T15:08:48","modified_gmt":"2019-08-26T20:08:48","slug":"el-proceso-de-paz-no-es-un-proceso-juridico","status":"publish","type":"post","link":"https:\/\/arcoiris.com.co\/v3\/2015\/01\/el-proceso-de-paz-no-es-un-proceso-juridico\/","title":{"rendered":"El proceso de paz no es un proceso jur\u00eddico"},"content":{"rendered":"<div style=\"text-align: justify;\"><em>\u00a0 La Habana, Cuba, sede de los di\u00e1logos de paz, Enero 22 de 2015<\/em><\/div>\n<div style=\"text-align: justify;\"><\/div>\n<div style=\"text-align: justify;\">Las conversaciones de paz que se desarrollan en La Habana se rigen por el Acuerdo del 26 de agosto de 2012; es decir, por el conjunto indisoluble de su pre\u00e1mbulo, y su Agenda, los cuales constituyen su \u00fanico Marco Jur\u00eddico y conceptual convenido. En consecuencia, todo lo que a la fecha se haya adelantado, acordado o aprobado por las ramas del Estado, por fuera de la agenda de La Habana, no tiene validez para los efectos del proceso. Debe considerarse sin valor alguno, y sin alcances vinculantes.<\/div>\n<div style=\"text-align: justify;\"><\/div>\n<div style=\"text-align: justify;\">En ning\u00fan ciclo o espacio oficial de conversaciones, se ha tratado sobre temas de una justicia, que anticipadamente descarte que, un proceso de paz es un hecho pol\u00edtico y no un proceso jur\u00eddico.<\/div>\n<div style=\"text-align: justify;\"><\/div>\n<div style=\"text-align: justify;\">La construcci\u00f3n de la paz es un asunto de la sociedad en su conjunto que requiere de la participaci\u00f3n de todos, sin distinci\u00f3n. Un acuerdo logrado por encima de cualquier inter\u00e9s particular o de grupo, si no apela al constituyente primario para efecto de su validez, nada podr\u00e1 garantizar a los colombianos. No queremos una paz convenida exclusivamente con poderes constituidos que no pueden propiciar la seguridad jur\u00eddica necesaria para que la reconciliaci\u00f3n nacional sea estable y duradera. Solo el poder constituyente, partero de los poderes constituidos, garantiza el buen rumbo de la paz buscada.<\/div>\n<div style=\"text-align: justify;\"><\/div>\n<div style=\"text-align: justify;\">Dentro de estos par\u00e1metros \u00a0a nadie se le puede ocurrir, que en un proceso que hemos concebido realizar de cara al pa\u00eds, se pueda prescindir de la participaci\u00f3n del pueblo en su construcci\u00f3n, y en su implementaci\u00f3n. En este contexto la refrendaci\u00f3n del Acuerdo Final es un paso fundamental si queremos lograr una paz estable y duradera.<\/div>\n<div style=\"text-align: justify;\"><\/div>\n<div style=\"text-align: justify;\">Siendo la paz, como derecho S\u00edntesis, el m\u00e1s elevado prop\u00f3sito humanitario, aspiramos a que prevalezca el compromiso \u00e9tico y el deber de no contaminarlo con las pasiones y las manipulaciones que suelen desatarse durante las campa\u00f1as electorales. Dentro de esta\u00a0 perspectiva, sobre los temas que apenas estamos explorando, no se puede sugerir al pa\u00eds que hay abismos infranqueables, solo para congraciar con quienes conciben las conversaciones de La Habana, como un proceso de sometimiento.<\/div>\n<div style=\"text-align: justify;\"><\/div>\n<div style=\"text-align: justify;\" align=\"center\"><strong>DELEGACI\u00d3N DE PAZ DE LAS FARC-EP<\/strong><\/div>\n<div style=\"text-align: justify;\" align=\"center\"><\/div>\n<div style=\"text-align: justify;\" align=\"center\">Tomado de:<a href=\"http:\/\/www.pazfarc-ep.org\/index.php\/noticias-comunicados-documentos-farc-ep\/delegacion-de-paz-farc-ep\/2375-el-proceso-de-paz-no-es-un-proceso-juridico\" target=\"_blank\" rel=\"noopener\">\u00a0http:\/\/www.pazfarc-ep.org\/index.php\/noticias-comunicados-documentos-farc-ep\/delegacion-de-paz-farc-ep\/2375-el-proceso-de-paz-no-es-un-proceso-juridico<\/a><\/div>\n<p>&nbsp;<\/p>\n","protected":false},"excerpt":{"rendered":"<p>\u00a0 La Habana, Cuba, sede de los di\u00e1logos de paz, Enero 22 de 2015 Las conversaciones de paz que se desarrollan en La Habana se rigen por el Acuerdo del 26 de agosto de 2012; es decir, por el conjunto indisoluble de su pre\u00e1mbulo, y su Agenda, los cuales constituyen su \u00fanico Marco Jur\u00eddico y [&hellip;]<\/p>\n","protected":false},"author":3,"featured_media":16433,"comment_status":"closed","ping_status":"closed","sticky":false,"template":"","format":"standard","meta":{"_et_pb_use_builder":"","_et_pb_old_content":"","_et_gb_content_width":"","footnotes":""},"categories":[1,29,3],"tags":[222,57],"class_list":["post-16423","post","type-post","status-publish","format-standard","has-post-thumbnail","hentry","category-uncategorized","category-nacional","category-pais","tag-dialogos-de-paz","tag-farc"],"_links":{"self":[{"href":"https:\/\/arcoiris.com.co\/v3\/wp-json\/wp\/v2\/posts\/16423","targetHints":{"allow":["GET"]}}],"collection":[{"href":"https:\/\/arcoiris.com.co\/v3\/wp-json\/wp\/v2\/posts"}],"about":[{"href":"https:\/\/arcoiris.com.co\/v3\/wp-json\/wp\/v2\/types\/post"}],"author":[{"embeddable":true,"href":"https:\/\/arcoiris.com.co\/v3\/wp-json\/wp\/v2\/users\/3"}],"replies":[{"embeddable":true,"href":"https:\/\/arcoiris.com.co\/v3\/wp-json\/wp\/v2\/comments?post=16423"}],"version-history":[{"count":0,"href":"https:\/\/arcoiris.com.co\/v3\/wp-json\/wp\/v2\/posts\/16423\/revisions"}],"wp:featuredmedia":[{"embeddable":true,"href":"https:\/\/arcoiris.com.co\/v3\/wp-json\/wp\/v2\/media\/16433"}],"wp:attachment":[{"href":"https:\/\/arcoiris.com.co\/v3\/wp-json\/wp\/v2\/media?parent=16423"}],"wp:term":[{"taxonomy":"category","embeddable":true,"href":"https:\/\/arcoiris.com.co\/v3\/wp-json\/wp\/v2\/categories?post=16423"},{"taxonomy":"post_tag","embeddable":true,"href":"https:\/\/arcoiris.com.co\/v3\/wp-json\/wp\/v2\/tags?post=16423"}],"curies":[{"name":"wp","href":"https:\/\/api.w.org\/{rel}","templated":true}]}}