{"id":16442,"date":"2015-01-26T10:41:38","date_gmt":"2015-01-26T15:41:38","guid":{"rendered":"https:\/\/arcoiris.com.co\/v3\/?p=16442"},"modified":"2019-08-26T15:08:48","modified_gmt":"2019-08-26T20:08:48","slug":"tienen-razon-pero","status":"publish","type":"post","link":"https:\/\/arcoiris.com.co\/v3\/2015\/01\/tienen-razon-pero\/","title":{"rendered":"Tienen raz\u00f3n, pero&#8230;"},"content":{"rendered":"<p style=\"text-align: justify;\">La deuda social que los economistas colombianos tienen con el pa\u00eds y especialmente con sus sectores m\u00e1s pobres, es absolutamente cierta. Esto lo plantea en un excelente art\u00edculo en El Espectador Jorge T\u00e9llez, ex editor econ\u00f3mico de este diario.<\/p>\n<p style=\"text-align: justify;\">Han dominado el panorama de las pol\u00edticas p\u00fablicas los economistas formados en universidades norteamericanas con sus colegas en altas posiciones en los organismos internacionales, de manera que la puerta giratoria ha sido la constante en las ultimas d\u00e9cadas. \u00bfY qui\u00e9n dictaba la t\u00f3nica, el contenido, los mecanismos? Pues obviamente el Banco Mundial, el Fondo Monetario Internacional y en tercer t\u00e9rmino el\u00a0BID, que perdi\u00f3 hace tiempo su autonom\u00eda y sigue al pie de la letra lo que afirman los otros dos, m\u00e1s poderosos y arrogantes.<\/p>\n<p style=\"text-align: justify;\">Los economistas no formados en el exterior han llevado del bulto porque se les subestima por dos razones. Primero porque no pueden ostentar t\u00edtulos de universidades gringas, o algunas europeas, con gran reconocimiento en ese mundo cerrado de los economistas ortodoxos. Segundo, porque siempre han tenido una seria preocupaci\u00f3n por las profundas desigualdades de nuestro pa\u00eds. Como economistas de segunda se ha considerado a muchos porque nunca creyeron en el tristemente c\u00e9lebre \u201cgoteo\u201d que plante\u00f3 durante mucho tiempo que el solo crecimiento de la econom\u00eda les llegar\u00eda despu\u00e9s a los pobres, quienes solo deber\u00edan tener paciencia. Despu\u00e9s se atrevieron a criticar a aquellos que afirmaron que lo b\u00e1sico era lograr los &#8216;fundamentals&#8217; bien, y lo social vendr\u00eda por a\u00f1adidura.<\/p>\n<p style=\"text-align: justify;\">Pero hay dos cosas en las que T\u00e9llez se equivoca. La primera de ellas es creer que las nuevas generaciones de economistas se encargar\u00e1n de cerrar las brechas sociales de este pa\u00eds, y segundo, que solo los economistas tienen la culpa de no haberse pagado, aunque fuera un poco, de la deuda social que persiste. Sobre lo primero, obviamente depende de donde salgan los nuevos economistas, pero la mayor\u00eda de los mejor calificados son los formados por los economistas que hoy se merecen las cr\u00edticas. Es m\u00e1s, aquellos que hemos criticado la formaci\u00f3n de estos nuevos profesionales en las universidades mejor reputadas en el pa\u00eds, nos hemos ganado el rechazo de muchos estudiantes que defienden a sus profesores. Es m\u00e1s, en alguna ocasi\u00f3n se les dijo que no eran para nada creativos y eso fue tomado muy mal. Solo si los\u00a0estudiantes de econom\u00eda de la Nacional o de pronto del Externado llegaran en masa, se podr\u00eda esperar alg\u00fan cambio.<\/p>\n<p style=\"text-align: justify;\">Con respecto al segundo punto, no se trata de excusar a los economistas, pero ellos pertenecen en su gran mayor\u00eda a este \u00e9lite colombiana que es de las m\u00e1s insolidarias del mundo. \u00bfCu\u00e1ntos ministros de Hacienda se han formado en la Universidad Nacional? De manera que esta deuda social que existe y que adem\u00e1s deber\u00eda ser la gran prioridad ahora \u2014de hecho lo es cada vez m\u00e1s en el mundo\u2014, tambi\u00e9n es culpa de quienes siempre han manejado este pa\u00eds. Antes eran solo los terratenientes, esos que quieren seguir viviendo en \u00e9pocas feudales. Ahora se les suman los nuevos ricos, dentro de los cuales hay algunos que han ganado su dinero honestamente, pero otros que se han hecho ricos con el conflicto armado o se han beneficiado o han sido actores de la inmensa corrupci\u00f3n que impera en el pa\u00eds. Pero el surgimiento de esta nueva clase no ha mostrado aun el cambio deseable en el pa\u00eds de poner la desigualdad en la prioridad que corresponde. Puede sonar muy duro, pero m\u00e1s que revolucionarios, muchos se muestran como arribistas.<\/p>\n<p style=\"text-align: justify;\">Creo que el art\u00edculo de T\u00e9llez es de gran relevancia, pero es posible que peque de ingenuo cuando cree que las pr\u00f3ximas generaciones lo har\u00e1n distinto o que los economistas no le responden tambi\u00e9n a la \u00e9lite social a la cual generalmente pertenecen o desean pertenecer.<\/p>\n<p style=\"text-align: justify;\">Cecilia L\u00f3pez Monta\u00f1o *<br \/>\n*Exministra, exdirectora del DNP y exsenadora.<\/p>\n<p style=\"text-align: justify;\">Tomado de:\u00a0<a href=\"http:\/\/www.elespectador.com\/opinion\/tienen-razon-columna-538345\" target=\"_blank\" rel=\"noopener\">http:\/\/www.elespectador.com\/opinion\/tienen-razon-columna-538345<\/a><\/p>\n","protected":false},"excerpt":{"rendered":"<p>La deuda social que los economistas colombianos tienen con el pa\u00eds y especialmente con sus sectores m\u00e1s pobres, es absolutamente cierta. Esto lo plantea en un excelente art\u00edculo en El Espectador Jorge T\u00e9llez, ex editor econ\u00f3mico de este diario. Han dominado el panorama de las pol\u00edticas p\u00fablicas los economistas formados en universidades norteamericanas con sus [&hellip;]<\/p>\n","protected":false},"author":3,"featured_media":16443,"comment_status":"closed","ping_status":"closed","sticky":false,"template":"","format":"standard","meta":{"_et_pb_use_builder":"","_et_pb_old_content":"","_et_gb_content_width":"","footnotes":""},"categories":[1],"tags":[577,575,576],"class_list":["post-16442","post","type-post","status-publish","format-standard","has-post-thumbnail","hentry","category-uncategorized","tag-deuda-externa","tag-economia-mundial","tag-economismas"],"_links":{"self":[{"href":"https:\/\/arcoiris.com.co\/v3\/wp-json\/wp\/v2\/posts\/16442","targetHints":{"allow":["GET"]}}],"collection":[{"href":"https:\/\/arcoiris.com.co\/v3\/wp-json\/wp\/v2\/posts"}],"about":[{"href":"https:\/\/arcoiris.com.co\/v3\/wp-json\/wp\/v2\/types\/post"}],"author":[{"embeddable":true,"href":"https:\/\/arcoiris.com.co\/v3\/wp-json\/wp\/v2\/users\/3"}],"replies":[{"embeddable":true,"href":"https:\/\/arcoiris.com.co\/v3\/wp-json\/wp\/v2\/comments?post=16442"}],"version-history":[{"count":0,"href":"https:\/\/arcoiris.com.co\/v3\/wp-json\/wp\/v2\/posts\/16442\/revisions"}],"wp:featuredmedia":[{"embeddable":true,"href":"https:\/\/arcoiris.com.co\/v3\/wp-json\/wp\/v2\/media\/16443"}],"wp:attachment":[{"href":"https:\/\/arcoiris.com.co\/v3\/wp-json\/wp\/v2\/media?parent=16442"}],"wp:term":[{"taxonomy":"category","embeddable":true,"href":"https:\/\/arcoiris.com.co\/v3\/wp-json\/wp\/v2\/categories?post=16442"},{"taxonomy":"post_tag","embeddable":true,"href":"https:\/\/arcoiris.com.co\/v3\/wp-json\/wp\/v2\/tags?post=16442"}],"curies":[{"name":"wp","href":"https:\/\/api.w.org\/{rel}","templated":true}]}}