{"id":16452,"date":"2015-01-26T13:06:50","date_gmt":"2015-01-26T18:06:50","guid":{"rendered":"https:\/\/arcoiris.com.co\/v3\/?p=16452"},"modified":"2019-08-26T15:08:48","modified_gmt":"2019-08-26T20:08:48","slug":"estos-son-los-125-municipios-del-posconflicto-segun-la-onu","status":"publish","type":"post","link":"https:\/\/arcoiris.com.co\/v3\/2015\/01\/estos-son-los-125-municipios-del-posconflicto-segun-la-onu\/","title":{"rendered":"Estos son los 125 municipios del posconflicto, seg\u00fan la ONU"},"content":{"rendered":"<div id=\"attachment_16453\" style=\"width: 630px\" class=\"wp-caption alignleft\"><a href=\"https:\/\/arcoiris.com.co\/v3\/wp-content\/uploads\/2015\/01\/65570436cfeb8da7fd0d1fb2e1cdd022.jpg\"><img loading=\"lazy\" decoding=\"async\" aria-describedby=\"caption-attachment-16453\" class=\"wp-image-16453 size-large\" src=\"https:\/\/arcoiris.com.co\/v3\/wp-content\/uploads\/2015\/01\/65570436cfeb8da7fd0d1fb2e1cdd022-640x366.jpg\" alt=\"Foto: Luis Angel Murcia. Archivo Semana.\" width=\"620\" height=\"355\" srcset=\"https:\/\/arcoiris.com.co\/v3\/wp-content\/uploads\/2015\/01\/65570436cfeb8da7fd0d1fb2e1cdd022-640x366.jpg 640w, https:\/\/arcoiris.com.co\/v3\/wp-content\/uploads\/2015\/01\/65570436cfeb8da7fd0d1fb2e1cdd022-300x172.jpg 300w, https:\/\/arcoiris.com.co\/v3\/wp-content\/uploads\/2015\/01\/65570436cfeb8da7fd0d1fb2e1cdd022.jpg 848w\" sizes=\"(max-width: 620px) 100vw, 620px\" \/><\/a><p id=\"caption-attachment-16453\" class=\"wp-caption-text\">Foto: Luis Angel Murcia. Archivo Semana.<\/p><\/div>\n<p style=\"text-align: justify;\"><strong>21 de enero de 2015<br \/>\nFoto: Luis Angel Murcia. Archivo Semana.<\/strong><\/p>\n<p style=\"text-align: justify;\">Son 125 de 1.122 municipios del pa\u00eds. Se trata de las poblaciones donde, seg\u00fan distintas agencias del Sistema de las Naciones Unidas, se concentrar\u00e1 el posconflicto en Colombia.<\/p>\n<p style=\"text-align: justify;\">Los departamentos donde estos municipios se concentran son Cauca (20 municipios); Antioquia (15 municipios); Caquet\u00e1 (14 municipios); Choc\u00f3 y Nari\u00f1o (con 12 municipios cada uno); Norte de Santander, Putumayo y Meta (con 8 municipios cada uno); Valle (6 municipios); Tolima (5 municipios); Arauca y Huila (4 municipios cada uno);\u00a0 Bol\u00edvar, Casanare, C\u00f3rdoba y Guaviare (con dos municipios cada territorio), y La Guajira (con un municipio). (Ver listado completo abajo).<\/p>\n<p style=\"text-align: justify;\">Fabrizio Hochschild, coordinador del Sistema de la ONU en Colombia, explic\u00f3 los criterios para esta priorizaci\u00f3n de la siguiente forma: \u201cHicimos un an\u00e1lisis de municipios de mayor prioridad seg\u00fan la presencia de las Farc, las acciones armadas con participaci\u00f3n de las Farc, desarrollo y pobreza, necesidades humanitarias y capacidades locales. Y de ah\u00ed salieron los 125 municipios\u201d.<\/p>\n<p style=\"text-align: justify;\">Lo hizo al presentar el informe sobre \u2018La construcci\u00f3n de una paz estable,\u00a0 duradera y sostenible\u2019 en la que invit\u00f3 a todos los sectores y ciudadanos del pa\u00eds a tener en cuenta que si no se trabaja en la implementaci\u00f3n de los acuerdos de paz con enfoque de desarrollo sostenible, Colombia puede correr el riesgo de incentivar la depredaci\u00f3n del medio ambiente que, parad\u00f3jicamente, ha sido \u2018protegido\u2019 por el conflicto, pues ha mantenido a reservas naturales, parques, bosques y gran biodiversidad lejos de la \u2018civilidad\u2019, de la industria extractiva y de las carreteras.<\/p>\n<p style=\"text-align: justify;\">Esta es la lista de municipios priorizados por Naciones Unidas como territorios donde deber\u00e1 trabajarse fuertemente el posconflicto:<\/p>\n<table border=\"0\" cellspacing=\"5\" cellpadding=\"5\">\n<tbody>\n<tr>\n<td>Puerto As\u00eds<\/td>\n<td>Leiva<\/td>\n<td>Amalfi<\/td>\n<td>Totor\u00f3<\/td>\n<td>Saravena<\/td>\n<\/tr>\n<tr>\n<td>San Andres de Tumaco<\/td>\n<td>Su\u00e1rez<\/td>\n<td>Arauca<\/td>\n<td>El Rosario<\/td>\n<td>La Llanada<\/td>\n<\/tr>\n<tr>\n<td>Valle del Guamuez<\/td>\n<td>Taraz\u00e1<\/td>\n<td>Policarpa<\/td>\n<td>San Jos\u00e9 del Fragua<\/td>\n<td>Cantagallo<\/td>\n<\/tr>\n<tr>\n<td>La Monta\u00f1ita<\/td>\n<td>Orito<\/td>\n<td>Caldono<\/td>\n<td>Yarumal<\/td>\n<td>Pasto<\/td>\n<\/tr>\n<tr>\n<td>San Vicente del Cagu\u00e1n<\/td>\n<td>Florencia<\/td>\n<td>Pradera<\/td>\n<td>N\u00f3vita<\/td>\n<td>Santa Rosa del Sur<\/td>\n<\/tr>\n<tr>\n<td>Barbacoas<\/td>\n<td>Curillo<\/td>\n<td>Vig\u00eda del Fuerte<\/td>\n<td>Ataco<\/td>\n<td>Villavicencio<\/td>\n<\/tr>\n<tr>\n<td>El Bagre<\/td>\n<td>Guapi<\/td>\n<td>Solano<\/td>\n<td>Colombia<\/td>\n<td>Palermo<\/td>\n<\/tr>\n<tr>\n<td>Arauquita<\/td>\n<td>Roberto Pay\u00e1n<\/td>\n<td>Puerto Guzm\u00e1n<\/td>\n<td>Solita<\/td>\n<td>Segovia<\/td>\n<\/tr>\n<tr>\n<td>Legu\u00edzamo<\/td>\n<td>Mesetas<\/td>\n<td>Piamonte<\/td>\n<td>Santander de Quilichao<\/td>\n<td>Puerto Libertador<\/td>\n<\/tr>\n<tr>\n<td>Tame<\/td>\n<td>Chaparral<\/td>\n<td>San Calixto<\/td>\n<td>Rovira<\/td>\n<td>Hato Corozal<\/td>\n<\/tr>\n<tr>\n<td>Timbiqu\u00ed<\/td>\n<td>Cartagena del Chair\u00e1<\/td>\n<td>Mocoa<\/td>\n<td>Buenos Aires<\/td>\n<td>Medio Atrato<\/td>\n<\/tr>\n<tr>\n<td>Puerto Caicedo<\/td>\n<td>Brice\u00f1o<\/td>\n<td>Tad\u00f3<\/td>\n<td>El Charco<\/td>\n<td>Jamund\u00ed<\/td>\n<\/tr>\n<tr>\n<td>El Tambo<\/td>\n<td>El Paujil<\/td>\n<td>Bagad\u00f3<\/td>\n<td>C\u00e1ceres<\/td>\n<td>Apartad\u00f3<\/td>\n<\/tr>\n<tr>\n<td>Quibd\u00f3<\/td>\n<td>Sardinata<\/td>\n<td>Jambal\u00f3<\/td>\n<td>Neiva<\/td>\n<td>El Litoral del San Juan<\/td>\n<\/tr>\n<tr>\n<td>El Tarra<\/td>\n<td>Corinto<\/td>\n<td>Teorama<\/td>\n<td>Ipiales<\/td>\n<td>Puerto Rico<\/td>\n<\/tr>\n<tr>\n<td>Tierralta<\/td>\n<td>Miranda<\/td>\n<td>Carmen del Darien<\/td>\n<td>San Andr\u00e9s de Cuerqu\u00eda<\/td>\n<td>El Carmen de Atrato<\/td>\n<\/tr>\n<tr>\n<td>Caloto(1)(3)<\/td>\n<td>L\u00f3pez<\/td>\n<td>Buenaventura<\/td>\n<td>Bojaya<\/td>\n<td>Toribio<\/td>\n<\/tr>\n<tr>\n<td>Vistahermosa<\/td>\n<td>Convenci\u00f3n<\/td>\n<td>Mag\u00fci<\/td>\n<td>Planadas<\/td>\n<td>Cajib\u00edo<\/td>\n<\/tr>\n<tr>\n<td>Ituango<\/td>\n<td>Puerto Rico<\/td>\n<td>Tulu\u00e1<\/td>\n<td>Florida<\/td>\n<td>Bel\u00e9n de Los Andaquies<\/td>\n<\/tr>\n<tr>\n<td>San Jos\u00e9 del Guaviare<\/td>\n<td>Mutat\u00e1<\/td>\n<td>Popay\u00e1n<\/td>\n<td>Villagarz\u00f3n<\/td>\n<td>La Macarena<\/td>\n<\/tr>\n<tr>\n<td>Anor\u00ed<\/td>\n<td>Argelia<\/td>\n<td>Algeciras<\/td>\n<td>Palmira<\/td>\n<td>Medell\u00edn<\/td>\n<\/tr>\n<tr>\n<td>El Doncello<\/td>\n<td>Lejan\u00edas<\/td>\n<td>Pat\u00eda<\/td>\n<td>Bah\u00eda Solano<\/td>\n<td>Istmina<\/td>\n<\/tr>\n<tr>\n<td>Mil\u00e1n<\/td>\n<td>Samaniego<\/td>\n<td>El Carmen<\/td>\n<td>Calamar<\/td>\n<td>Paz de Ariporo<\/td>\n<\/tr>\n<tr>\n<td>Tib\u00fa<\/td>\n<td>Uribe<\/td>\n<td>Rioblanco<\/td>\n<td>Riohacha<\/td>\n<td>Valpara\u00edso<\/td>\n<\/tr>\n<tr>\n<td>Riosucio(2)<\/td>\n<td>Valdivia<\/td>\n<td>Hacar\u00ed<\/td>\n<td>Puerto Gait\u00e1n<\/td>\n<td>Morales<\/td>\n<\/tr>\n<\/tbody>\n<\/table>\n<p>Tomado de:<a href=\"http:\/\/www.reconciliacioncolombia.com\/historias\/detalle\/644\/estos-son-los-125-municipios-del-posconflicto-segun-la-onu\" target=\"_blank\" rel=\"noopener\">\u00a0http:\/\/www.reconciliacioncolombia.com\/historias\/detalle\/644\/estos-son-los-125-municipios-del-posconflicto-segun-la-onu<\/a><\/p>\n","protected":false},"excerpt":{"rendered":"<p>21 de enero de 2015 Foto: Luis Angel Murcia. Archivo Semana. Son 125 de 1.122 municipios del pa\u00eds. Se trata de las poblaciones donde, seg\u00fan distintas agencias del Sistema de las Naciones Unidas, se concentrar\u00e1 el posconflicto en Colombia. Los departamentos donde estos municipios se concentran son Cauca (20 municipios); Antioquia (15 municipios); Caquet\u00e1 (14 [&hellip;]<\/p>\n","protected":false},"author":3,"featured_media":16453,"comment_status":"closed","ping_status":"closed","sticky":false,"template":"","format":"standard","meta":{"_et_pb_use_builder":"","_et_pb_old_content":"","_et_gb_content_width":"","footnotes":""},"categories":[1],"tags":[],"class_list":["post-16452","post","type-post","status-publish","format-standard","has-post-thumbnail","hentry","category-uncategorized"],"_links":{"self":[{"href":"https:\/\/arcoiris.com.co\/v3\/wp-json\/wp\/v2\/posts\/16452","targetHints":{"allow":["GET"]}}],"collection":[{"href":"https:\/\/arcoiris.com.co\/v3\/wp-json\/wp\/v2\/posts"}],"about":[{"href":"https:\/\/arcoiris.com.co\/v3\/wp-json\/wp\/v2\/types\/post"}],"author":[{"embeddable":true,"href":"https:\/\/arcoiris.com.co\/v3\/wp-json\/wp\/v2\/users\/3"}],"replies":[{"embeddable":true,"href":"https:\/\/arcoiris.com.co\/v3\/wp-json\/wp\/v2\/comments?post=16452"}],"version-history":[{"count":0,"href":"https:\/\/arcoiris.com.co\/v3\/wp-json\/wp\/v2\/posts\/16452\/revisions"}],"wp:featuredmedia":[{"embeddable":true,"href":"https:\/\/arcoiris.com.co\/v3\/wp-json\/wp\/v2\/media\/16453"}],"wp:attachment":[{"href":"https:\/\/arcoiris.com.co\/v3\/wp-json\/wp\/v2\/media?parent=16452"}],"wp:term":[{"taxonomy":"category","embeddable":true,"href":"https:\/\/arcoiris.com.co\/v3\/wp-json\/wp\/v2\/categories?post=16452"},{"taxonomy":"post_tag","embeddable":true,"href":"https:\/\/arcoiris.com.co\/v3\/wp-json\/wp\/v2\/tags?post=16452"}],"curies":[{"name":"wp","href":"https:\/\/api.w.org\/{rel}","templated":true}]}}