{"id":16506,"date":"2015-02-04T09:56:12","date_gmt":"2015-02-04T14:56:12","guid":{"rendered":"https:\/\/arcoiris.com.co\/v3\/?p=16506"},"modified":"2019-08-26T15:08:47","modified_gmt":"2019-08-26T20:08:47","slug":"procuraduria-destituye-a-11-miembros-de-armada-por-caso-falso-positivo","status":"publish","type":"post","link":"https:\/\/arcoiris.com.co\/v3\/2015\/02\/procuraduria-destituye-a-11-miembros-de-armada-por-caso-falso-positivo\/","title":{"rendered":"Procuradur\u00eda destituye a 11 miembros de Armada por caso &#8216;falso positivo&#8217;"},"content":{"rendered":"<p style=\"text-align: justify;\">La Procuradur\u00eda General de la Naci\u00f3n destituy\u00f3 e inhabilit\u00f3 por diez a\u00f1os a 11 miembros de la Armada Nacional por asesinar a un ciudadano que viv\u00eda en el municipio de El Carmen de Bol\u00edvar, en el departamento de Bol\u00edvar, y luego haberlo presentado como miembro de un grupo ilegal.<\/p>\n<p style=\"text-align: justify;\">\u00ab<em>Las pruebas documentales recaudadas por el ente de control evidenciaron que el fallecido s\u00ed ten\u00eda una familia con la cual viv\u00eda en el municipio de Carmen de Bol\u00edvar, tambi\u00e9n una ocupaci\u00f3n y amigos que declararon acerca de sus buenas costumbres, sobre el trabajo realizado en el campo y respecto de su lugar de residencia\u00bb, <\/em>se\u00f1ala la investigaci\u00f3n hecha por el Ministerio P\u00fablico.<em><br \/>\n<\/em><\/p>\n<p style=\"text-align: justify;\"><em>\u00abAsimismo, de acuerdo con los certificados expedidos por autoridad policial y judicial, qued\u00f3 probado que la v\u00edctima no registraba antecedentes judiciales ni requerimientos<\/em>\u00ab, agreg\u00f3.<\/p>\n<p style=\"text-align: justify;\">La Procuradur\u00eda indic\u00f3 que se trat\u00f3 de una violaci\u00f3n\u00a0 al derecho integral humanitario por lo que estos hechos fueron calificadas como grav\u00edsimas a t\u00edtulo de dolo.<\/p>\n<p style=\"text-align: justify;\">Cabe decir, que no se logr\u00f3 establecer que la v\u00edctima mortal hubiera participado en alguna actividad del conflicto armado en el pa\u00eds.<\/p>\n<p style=\"text-align: justify;\">Tomado de:<a href=\"http:\/\/www.hsbnoticias.com\/vernoticia.asp?ac=Procuraduria-destituye-a-11-miembros-de-Armada-por-caso-%27falso-positivo%27&amp;WPLACA=130220\" target=\"_blank\" rel=\"noopener\">\u00a0http:\/\/www.hsbnoticias.com\/vernoticia.asp?ac=Procuraduria-destituye-a-11-miembros-de-Armada-por-caso-%27falso-positivo%27&amp;WPLACA=130220<\/a><\/p>\n<p>&nbsp;<\/p>\n","protected":false},"excerpt":{"rendered":"<p>La Procuradur\u00eda General de la Naci\u00f3n destituy\u00f3 e inhabilit\u00f3 por diez a\u00f1os a 11 miembros de la Armada Nacional por asesinar a un ciudadano que viv\u00eda en el municipio de El Carmen de Bol\u00edvar, en el departamento de Bol\u00edvar, y luego haberlo presentado como miembro de un grupo ilegal. \u00abLas pruebas documentales recaudadas por el [&hellip;]<\/p>\n","protected":false},"author":3,"featured_media":16507,"comment_status":"closed","ping_status":"closed","sticky":false,"template":"","format":"standard","meta":{"_et_pb_use_builder":"","_et_pb_old_content":"","_et_gb_content_width":"","footnotes":""},"categories":[1],"tags":[158],"class_list":["post-16506","post","type-post","status-publish","format-standard","has-post-thumbnail","hentry","category-uncategorized","tag-falsos-positivos"],"_links":{"self":[{"href":"https:\/\/arcoiris.com.co\/v3\/wp-json\/wp\/v2\/posts\/16506","targetHints":{"allow":["GET"]}}],"collection":[{"href":"https:\/\/arcoiris.com.co\/v3\/wp-json\/wp\/v2\/posts"}],"about":[{"href":"https:\/\/arcoiris.com.co\/v3\/wp-json\/wp\/v2\/types\/post"}],"author":[{"embeddable":true,"href":"https:\/\/arcoiris.com.co\/v3\/wp-json\/wp\/v2\/users\/3"}],"replies":[{"embeddable":true,"href":"https:\/\/arcoiris.com.co\/v3\/wp-json\/wp\/v2\/comments?post=16506"}],"version-history":[{"count":0,"href":"https:\/\/arcoiris.com.co\/v3\/wp-json\/wp\/v2\/posts\/16506\/revisions"}],"wp:featuredmedia":[{"embeddable":true,"href":"https:\/\/arcoiris.com.co\/v3\/wp-json\/wp\/v2\/media\/16507"}],"wp:attachment":[{"href":"https:\/\/arcoiris.com.co\/v3\/wp-json\/wp\/v2\/media?parent=16506"}],"wp:term":[{"taxonomy":"category","embeddable":true,"href":"https:\/\/arcoiris.com.co\/v3\/wp-json\/wp\/v2\/categories?post=16506"},{"taxonomy":"post_tag","embeddable":true,"href":"https:\/\/arcoiris.com.co\/v3\/wp-json\/wp\/v2\/tags?post=16506"}],"curies":[{"name":"wp","href":"https:\/\/api.w.org\/{rel}","templated":true}]}}