{"id":16702,"date":"2015-05-05T10:52:09","date_gmt":"2015-05-05T15:52:09","guid":{"rendered":"https:\/\/arcoiris.com.co\/v3\/?p=16702"},"modified":"2019-08-26T15:08:44","modified_gmt":"2019-08-26T20:08:44","slug":"las-vueltas-de-la-oficina-de-envigado","status":"publish","type":"post","link":"https:\/\/arcoiris.com.co\/v3\/2015\/05\/las-vueltas-de-la-oficina-de-envigado\/","title":{"rendered":"Las vueltas de la oficina de envigado"},"content":{"rendered":"<div id=\"attachment_16703\" style=\"width: 630px\" class=\"wp-caption alignnone\"><a href=\"https:\/\/arcoiris.com.co\/v3\/wp-content\/uploads\/2015\/05\/Envigado.jpg\"><img loading=\"lazy\" decoding=\"async\" aria-describedby=\"caption-attachment-16703\" class=\"wp-image-16703 size-large\" src=\"https:\/\/arcoiris.com.co\/v3\/wp-content\/uploads\/2015\/05\/Envigado-640x364.jpg\" alt=\"28\u00ba Feria Internacional del libro de Bogot\u00e1 2015 Gustavo Mauricio Garc\u00eda Arenas director general de Icono Editorial. Juan Diego Restrepo, autor de &quot;las vueltas de la Oficina de Envigado&quot;. Fernando Hern\u00e1ndez Valencia, director de la CNAI. \" width=\"620\" height=\"353\" srcset=\"https:\/\/arcoiris.com.co\/v3\/wp-content\/uploads\/2015\/05\/Envigado-640x364.jpg 640w, https:\/\/arcoiris.com.co\/v3\/wp-content\/uploads\/2015\/05\/Envigado-300x171.jpg 300w, https:\/\/arcoiris.com.co\/v3\/wp-content\/uploads\/2015\/05\/Envigado.jpg 722w\" sizes=\"(max-width: 620px) 100vw, 620px\" \/><\/a><p id=\"caption-attachment-16703\" class=\"wp-caption-text\">28\u00ba Feria Internacional del libro de Bogot\u00e1 2015<br \/> Gustavo Mauricio Garc\u00eda Arenas, director general de Icono Editorial. Juan Diego Restrepo, autor de \u00ablas vueltas de la Oficina de Envigado\u00bb. Fernando Hern\u00e1ndez Valencia, director de la CNAI.<\/p><\/div>\n<p><strong><em>Un libro que \u201cno trae verdades reveladas, esta es mi versi\u00f3n de la historia\u201d<\/em><\/strong><\/p>\n<p>A puertas del cierre de la Feria Internacional del libro de Bogot\u00e1 2015, el 3 de mayo en la sala, Madre Josefa del Castillo de Corferias el periodista Juan Diego Restrepo, hizo la presentaci\u00f3n de su libro, \u201cLas vueltas de la oficina de Envigado\u201d.<\/p>\n<p>El evento se da inicio con la lectura del pr\u00f3logo de Mar\u00eda Teresa Ronderos a cargo del director general de Icono Editorial, Gustavo Mauricio Garc\u00eda Arenas, para luego dar la palabra tanto al director de la Corporaci\u00f3n Nuevo Arco Iris (CNAI), Fernando Hern\u00e1ndez Valencia, como al autor del libro, Juan Diego Restrepo.<\/p>\n<p>Luego de ser poco apreciado por otras casas editoriales, Icono Editorial marc\u00f3 la diferencia al realizar la publicaci\u00f3n de este libro que busca hacer memoria con documentos y datos veraces a lo largo de aproximadamente cuatro a\u00f1os (que es lo que dur\u00f3 esta investigaci\u00f3n). De igual forma \u00a0es publicado gracias al apoyo de la Corporaci\u00f3n, como bien lo dice el Periodista, \u201cQue crey\u00f3 en este trabajo; este proyecto naci\u00f3 hace mucho tiempo, tuvo unos ciclos muy interesantes que no voy a detallar pero en los cuales siempre estuvo la Corporaci\u00f3n Nuevo Arco Iris presente, y crey\u00f3, y digamos, fundament\u00f3 parte de este trabajo\u201d, en sus menciones de agradecimiento se encuentran, Fernando Cuervo Castillo, presidente de la corporaci\u00f3n, Fernando Hern\u00e1ndez Valencia, el director y Jos\u00e9 Aristiz\u00e1bal Garc\u00eda, coordinador del \u00e1rea de investigaci\u00f3n.<\/p>\n<p>En el evento los asistentes presenciaron una introducci\u00f3n hist\u00f3rica por parte del director de la CNAI, seguida de una exposici\u00f3n tanto del contexto como del contenido, con el que se puede encontrar el lector en esta obra, como cataloga Restrepo \u201cAparte de ser un libro de memoria tambi\u00e9n es un llamado de atenci\u00f3n a lo que se viene despu\u00e9s de las firmas a unos acuerdos con las guerrillas (\u2026)En s\u00edntesis este libro recopila, ordena una historia, muestra la forma en que de una u otra manera mutan las organizaciones ilegales, habla de unas impunidades que a\u00fan est\u00e1n vigentes, trata temas que no han sido investigados por la justicia y habla de un norte que no fue posible sin los v\u00ednculos con la legalidad, ese es el crimen organizado. El libro lo que hace es organizar la historia de la \u00b4Oficina\u00b4 de envigado, darle un hilo narrativo a trav\u00e9s de los 30 o 35 a\u00f1os\u201d de vigencia de \u00b4la Oficina\u00b4.<\/p>\n<p>En este orden, en un ameno conversatorio, Fernando Hern\u00e1ndez Valencia plantea un interrogante ya que como parte de la antigua guerrilla, que despu\u00e9s se transforma en la Corporaci\u00f3n Nuevo Arco Iris (y como \u00e9l dice, \u201cfuimos protagonistas y testigos\u201d de parte de la historia que narra el libro), \u201cestamos en un proceso de paz que supuestamente va a terminar con un conflicto armado de cincuenta a\u00f1os, por causas pol\u00edticas en Colombia, pero \u00bfQui\u00e9n garantiza que ese pos conflicto sea pac\u00edfico?\u201d.<\/p>\n<p>Para finalizar y luego de que el p\u00fablico expone sus preguntas; Juan Diego hace una sugerencia a leer este libro que se presenta precisamente en el d\u00eda mundial de la libertad de prensa, \u201cYo los invito a leerlo y a discutirlo. Lo que se hace con este libro es abrirnos a un dialogo, este no trae verdades reveladas, esto es otra versi\u00f3n y lo que yo siempre he dicho por ah\u00ed en redes sociales es que esta es mi versi\u00f3n de la historia, mi versi\u00f3n period\u00edstica, un poco mi versi\u00f3n acad\u00e9mica, una versi\u00f3n discutida con muchos sectores\u201d.<\/p>\n","protected":false},"excerpt":{"rendered":"<p>Un libro que \u201cno trae verdades reveladas, esta es mi versi\u00f3n de la historia\u201d A puertas del cierre de la Feria Internacional del libro de Bogot\u00e1 2015, el 3 de mayo en la sala, Madre Josefa del Castillo de Corferias el periodista Juan Diego Restrepo, hizo la presentaci\u00f3n de su libro, \u201cLas vueltas de la [&hellip;]<\/p>\n","protected":false},"author":51,"featured_media":16703,"comment_status":"closed","ping_status":"closed","sticky":false,"template":"","format":"standard","meta":{"_et_pb_use_builder":"","_et_pb_old_content":"","_et_gb_content_width":"","footnotes":""},"categories":[1,462],"tags":[],"class_list":["post-16702","post","type-post","status-publish","format-standard","has-post-thumbnail","hentry","category-uncategorized","category-destacado"],"_links":{"self":[{"href":"https:\/\/arcoiris.com.co\/v3\/wp-json\/wp\/v2\/posts\/16702","targetHints":{"allow":["GET"]}}],"collection":[{"href":"https:\/\/arcoiris.com.co\/v3\/wp-json\/wp\/v2\/posts"}],"about":[{"href":"https:\/\/arcoiris.com.co\/v3\/wp-json\/wp\/v2\/types\/post"}],"author":[{"embeddable":true,"href":"https:\/\/arcoiris.com.co\/v3\/wp-json\/wp\/v2\/users\/51"}],"replies":[{"embeddable":true,"href":"https:\/\/arcoiris.com.co\/v3\/wp-json\/wp\/v2\/comments?post=16702"}],"version-history":[{"count":0,"href":"https:\/\/arcoiris.com.co\/v3\/wp-json\/wp\/v2\/posts\/16702\/revisions"}],"wp:featuredmedia":[{"embeddable":true,"href":"https:\/\/arcoiris.com.co\/v3\/wp-json\/wp\/v2\/media\/16703"}],"wp:attachment":[{"href":"https:\/\/arcoiris.com.co\/v3\/wp-json\/wp\/v2\/media?parent=16702"}],"wp:term":[{"taxonomy":"category","embeddable":true,"href":"https:\/\/arcoiris.com.co\/v3\/wp-json\/wp\/v2\/categories?post=16702"},{"taxonomy":"post_tag","embeddable":true,"href":"https:\/\/arcoiris.com.co\/v3\/wp-json\/wp\/v2\/tags?post=16702"}],"curies":[{"name":"wp","href":"https:\/\/api.w.org\/{rel}","templated":true}]}}