{"id":16767,"date":"2015-05-20T14:53:38","date_gmt":"2015-05-20T19:53:38","guid":{"rendered":"https:\/\/arcoiris.com.co\/v3\/?p=16767"},"modified":"2019-08-26T15:08:43","modified_gmt":"2019-08-26T20:08:43","slug":"mensaje-de-la-x-asamblea-nacional-de-delegados-de-la-corporacion-nuevo-arco-iris-al-eln","status":"publish","type":"post","link":"https:\/\/arcoiris.com.co\/v3\/2015\/05\/mensaje-de-la-x-asamblea-nacional-de-delegados-de-la-corporacion-nuevo-arco-iris-al-eln\/","title":{"rendered":"Mensaje de la X Asamblea Nacional de delegados de la Corporaci\u00f3n Nuevo Arco Iris al ELN"},"content":{"rendered":"<p><strong><a href=\"https:\/\/arcoiris.com.co\/v3\/wp-content\/uploads\/2015\/05\/logo_cnai3.jpg\"><img loading=\"lazy\" decoding=\"async\" class=\"alignright wp-image-16774 \" src=\"https:\/\/arcoiris.com.co\/v3\/wp-content\/uploads\/2015\/05\/logo_cnai3-100x100.jpg\" alt=\"logo_cnai\" width=\"118\" height=\"118\" srcset=\"https:\/\/arcoiris.com.co\/v3\/wp-content\/uploads\/2015\/05\/logo_cnai3-100x100.jpg 100w, https:\/\/arcoiris.com.co\/v3\/wp-content\/uploads\/2015\/05\/logo_cnai3-70x70.jpg 70w\" sizes=\"(max-width: 118px) 100vw, 118px\" \/><\/a><\/strong><\/p>\n<p>&nbsp;<\/p>\n<p><strong>Comandante <\/strong>Nicol\u00e1s Rodr\u00edguez Bautista \u201cGabino\u201d<\/p>\n<p>Ej\u00e9rcito de Liberaci\u00f3n Nacional ELN<\/p>\n<p style=\"text-align: justify;\">Hace 20 a\u00f1os, en el a\u00f1o 1994, como Corriente de Renovaci\u00f3n Socialista (CRS), negociamos un acuerdo de paz con el Gobierno\u00a0 Colombiano para transitar, mediante la negociaci\u00f3n pol\u00edtica, de la lucha armada a la lucha pol\u00edtica. En ese camino no hubo claudicaci\u00f3n alguna sino la convicci\u00f3n\u00a0 que la lucha por la paz y los cambios pol\u00edticos y\u00a0 econ\u00f3micos en favor del pueblo,son el imperativo \u00e9tico de\u00a0 todoslos revolucionarios, independientemente del escenario de resistencia y lucha en el que cada organizaci\u00f3n decida asumirla.Si bien desde hace un cuarto de siglo decidimos dejar de usar las armas como medio de lucha pol\u00edtica, respetamos profundamente las \u00a0razones hist\u00f3ricas por las que el ELN ha continuado la resistencia armadadurante m\u00e1s de 50 a\u00f1os.<\/p>\n<p style=\"text-align: justify;\">Bajo este precepto, valoramos enormemente la decisi\u00f3n del ELN de dialogar con el Gobierno Nacional la posibilidad de poner fin al conflicto armado y la decisi\u00f3n de su V Congreso de \u201cempe\u00f1arse en lograr la paz paraColombia con transformaciones que den justicia,democracia, equidad y felicidad\u201d.<\/p>\n<p style=\"text-align: justify;\">Cuando en la Mesa de La Habana las Farc y el Gobierno avanzan en la negociaci\u00f3n para superar el conflicto armado interno de medio siglo, la apertura de un espacio igual para el ELN es necesaria con el prop\u00f3sito de\u00a0 consolidar el fin de la guerra por causas sociales y pol\u00edticas en Colombia.<\/p>\n<p style=\"text-align: justify;\">Ciertamente el modelo de \u201cdos mesas y un solo proceso\u201d no impide que en la negociaci\u00f3n con el ELN se exploren nuevas formas de participaci\u00f3n de la sociedad, pero la determinaci\u00f3n por parte de la insurgencia de dejar las armas para transitar a la lucha social y pol\u00edtica debe ser inequ\u00edvoca, al igual que debe ser inequ\u00edvoca la voluntad del Estado de proteger la vida y de garantizar las condiciones para el ejercicio legal de la pol\u00edtica de los nuevos movimientos surgidos de la negociaci\u00f3n de paz.<\/p>\n<p style=\"text-align: justify;\">Los delegados a la X Asamblea de la Corporaci\u00f3n Nuevo Arco iris,invitamos al ELN a que se sume desde la civilidad a la corriente popular, social y pol\u00edtica que busca construir, entre todos, los cambios urgentes que necesita el pa\u00eds y\u00a0 un futuro de paz y reconciliaci\u00f3n donde los conflictos se resuelvan mediante la movilizaci\u00f3n social, el di\u00e1logo y la profundizaci\u00f3n de la democracia.<\/p>\n<p style=\"text-align: justify;\"><strong>\u00a0<\/strong><\/p>\n<p>X Asamblea de delegados, Corporaci\u00f3n Nuevo Arco Iris, Bogot\u00e1 mayo 16 y 17 de 2015<\/p>\n<p>(Ac\u00e1 puede ver la carta abierta,\u00a0<a href=\"https:\/\/arcoiris.com.co\/v3\/wp-content\/uploads\/2015\/05\/Mensaje-al-ELN.pdf\">Mensaje al ELN<\/a>\u00a0)<\/p>\n","protected":false},"excerpt":{"rendered":"<p>&nbsp; Comandante Nicol\u00e1s Rodr\u00edguez Bautista \u201cGabino\u201d Ej\u00e9rcito de Liberaci\u00f3n Nacional ELN Hace 20 a\u00f1os, en el a\u00f1o 1994, como Corriente de Renovaci\u00f3n Socialista (CRS), negociamos un acuerdo de paz con el Gobierno\u00a0 Colombiano para transitar, mediante la negociaci\u00f3n pol\u00edtica, de la lucha armada a la lucha pol\u00edtica. En ese camino no hubo claudicaci\u00f3n alguna sino [&hellip;]<\/p>\n","protected":false},"author":51,"featured_media":16774,"comment_status":"closed","ping_status":"closed","sticky":false,"template":"","format":"standard","meta":{"_et_pb_use_builder":"","_et_pb_old_content":"","_et_gb_content_width":"","footnotes":""},"categories":[1,462],"tags":[],"class_list":["post-16767","post","type-post","status-publish","format-standard","has-post-thumbnail","hentry","category-uncategorized","category-destacado"],"_links":{"self":[{"href":"https:\/\/arcoiris.com.co\/v3\/wp-json\/wp\/v2\/posts\/16767","targetHints":{"allow":["GET"]}}],"collection":[{"href":"https:\/\/arcoiris.com.co\/v3\/wp-json\/wp\/v2\/posts"}],"about":[{"href":"https:\/\/arcoiris.com.co\/v3\/wp-json\/wp\/v2\/types\/post"}],"author":[{"embeddable":true,"href":"https:\/\/arcoiris.com.co\/v3\/wp-json\/wp\/v2\/users\/51"}],"replies":[{"embeddable":true,"href":"https:\/\/arcoiris.com.co\/v3\/wp-json\/wp\/v2\/comments?post=16767"}],"version-history":[{"count":0,"href":"https:\/\/arcoiris.com.co\/v3\/wp-json\/wp\/v2\/posts\/16767\/revisions"}],"wp:featuredmedia":[{"embeddable":true,"href":"https:\/\/arcoiris.com.co\/v3\/wp-json\/wp\/v2\/media\/16774"}],"wp:attachment":[{"href":"https:\/\/arcoiris.com.co\/v3\/wp-json\/wp\/v2\/media?parent=16767"}],"wp:term":[{"taxonomy":"category","embeddable":true,"href":"https:\/\/arcoiris.com.co\/v3\/wp-json\/wp\/v2\/categories?post=16767"},{"taxonomy":"post_tag","embeddable":true,"href":"https:\/\/arcoiris.com.co\/v3\/wp-json\/wp\/v2\/tags?post=16767"}],"curies":[{"name":"wp","href":"https:\/\/api.w.org\/{rel}","templated":true}]}}