{"id":16805,"date":"2015-05-22T14:01:02","date_gmt":"2015-05-22T19:01:02","guid":{"rendered":"https:\/\/arcoiris.com.co\/v3\/?p=16805"},"modified":"2019-08-26T15:08:43","modified_gmt":"2019-08-26T20:08:43","slug":"conclusiones-x-asamblea-nacional-ordinaria-de-la-cnai","status":"publish","type":"post","link":"https:\/\/arcoiris.com.co\/v3\/2015\/05\/conclusiones-x-asamblea-nacional-ordinaria-de-la-cnai\/","title":{"rendered":"Conclusiones X Asamblea Nacional ordinaria de la CNAI"},"content":{"rendered":"<div id=\"attachment_16806\" style=\"width: 630px\" class=\"wp-caption aligncenter\"><a href=\"https:\/\/arcoiris.com.co\/v3\/wp-content\/uploads\/2015\/05\/DSC00951.jpg\"><img loading=\"lazy\" decoding=\"async\" aria-describedby=\"caption-attachment-16806\" class=\"wp-image-16806 size-large\" src=\"https:\/\/arcoiris.com.co\/v3\/wp-content\/uploads\/2015\/05\/DSC00951-640x360.jpg\" alt=\"Foto CNAI\/ Mesa directiva de la X Asamblea Nacional 2015. Pedro Lucas Torres, Esperanza Paredes, Denis Dussan M\u00e1rquez, Martha Jenith Turriago.\" width=\"620\" height=\"349\" srcset=\"https:\/\/arcoiris.com.co\/v3\/wp-content\/uploads\/2015\/05\/DSC00951-640x360.jpg 640w, https:\/\/arcoiris.com.co\/v3\/wp-content\/uploads\/2015\/05\/DSC00951-300x169.jpg 300w\" sizes=\"(max-width: 620px) 100vw, 620px\" \/><\/a><p id=\"caption-attachment-16806\" class=\"wp-caption-text\">Foto CNAI\/ Mesa directiva de la X Asamblea Nacional 17 de mayo de 2015. Pedro Lucas Torres, Esperanza Paredes, Denis Dussan M\u00e1rquez, Martha Jenith Turriago.<\/p><\/div>\n<p style=\"text-align: justify;\">Como cada dos a\u00f1os, desde su fundaci\u00f3n en 1996, realizamos este 16 y 17 de Mayo de 2015 la Asamblea de la CNAI (Corporaci\u00f3n Nuevo Arco Iris), con la participaci\u00f3n de las y los socios de los Cap\u00edtulos de, Bol\u00edvar, Sucre, Santander, Antioquia, Eje Cafetero, Valle-Cauca, Nari\u00f1o y Bogot\u00e1.<\/p>\n<p style=\"text-align: justify;\">El evento se inaugur\u00f3 el viernes 15 con el Conversatorio, \u201cLa Paz s\u00ed es posible\u201d, convocado por la CNAI y la iniciativa de pa\u00eds Reconciliaci\u00f3n Colombia. Los panelistas del conversatorio fueron, Antonio Navarro (M19), \u00c1lvaro Villarraga (EPL), Enrique Fl\u00f3rez (PRT), Pablo Tattay (Quint\u00edn Lame), Jos\u00e9 Aristiz\u00e1bal (CRS) quienes encabezaron las negociaciones de los acuerdos de paz de los a\u00f1os 90; tambi\u00e9n participaron, el Sacerdote Jesuita, Francisco de Roux, y como moderador el profesor V\u00edctor Currea-Lugo.<\/p>\n<p style=\"text-align: justify;\">Los panelistas resaltaron que los principales logros de esas negociaciones fueron la Constituci\u00f3n del 91, sus aportes a las coaliciones pol\u00edticas de la izquierda y su apoyo permanente a la construcci\u00f3n de la paz dentro de la sociedad y a la soluci\u00f3n negociada del conflicto armado.<\/p>\n<p style=\"text-align: justify;\">El conversatorio plante\u00f3 la importancia de que la experiencia de esas negociaciones y sus procesos de reinserci\u00f3n sean tenidos en cuenta por la Mesa de La Habana y que de igual forma debe recoger sus aprendizajes. Se insisti\u00f3 en la necesidad de que se d\u00e9 inicio a la Mesa con el ELN para evitar que una paz parcelada perpet\u00fae la confrontaci\u00f3n armada; tambi\u00e9n se rescata el fortalecer la movilizaci\u00f3n social y pol\u00edtica; lograr materializar los acuerdos y avanzar hacia la construcci\u00f3n de la paz, la democracia y la reconciliaci\u00f3n en los territorios.<\/p>\n<p style=\"text-align: justify;\">Durante las deliberaciones de la Asamblea se discutieron: las Tesis de coyuntura pol\u00edtica y de la CNAI presentadas por el Director Ejecutivo; el Informe del Presidente; el informe de Administraci\u00f3n y Financiero\u00a0 para finalmente determinar las l\u00edneas generales de trabajo de la Corporaci\u00f3n para la siguiente etapa, 2015-2017. Vale resaltar en estas l\u00edneas la recuperaci\u00f3n de nuestra vocaci\u00f3n pol\u00edtica de origen, la importancia de fortalecer nuestra presencia en los territorios, en el marco del posconflicto armado, nuestro compromiso con \u00a0los movimientos sociales y una opci\u00f3n clara por las v\u00edctimas del conflicto armado y sus derechos de, reconocimiento, dignidad, verdad, justicia, reparaci\u00f3n y garant\u00edas de no repetici\u00f3n, como condiciones para la reconciliaci\u00f3n nacional. El empoderamiento de la sociedad civil como sujeto de derechos y la construcci\u00f3n de democracia desde lo local estar\u00e1 entre nuestras prioridades.<\/p>\n<p style=\"text-align: justify;\">La CNAI debe ganar en liderazgo colectivo y vocer\u00edas nacionales y regionales, consolidar su apuesta como centro de pensamiento, investigaci\u00f3n y acci\u00f3n social\u00a0 para la reconciliaci\u00f3n nacional. En la reflexi\u00f3n sobre el nuestro papel \u00a0en la actual coyuntura, la Corporaci\u00f3n debe asumir una discusi\u00f3n colectiva con las Ongs \u00a0afines y establecer una pol\u00edtica de alianzas.<\/p>\n<p style=\"text-align: justify;\">En esta fase, 2015-2017 se desarrollar\u00e1n los programas: Observatorio del Conflicto y del Posconflicto, Territorio\u00a0 Paz y Desarrollo y el Proyecto de Comunicaciones, adem\u00e1s del prop\u00f3sito por el fortalecimiento de los Cap\u00edtulos y sus planes en los territorios.<\/p>\n<div id=\"attachment_16808\" style=\"width: 461px\" class=\"wp-caption aligncenter\"><a href=\"https:\/\/arcoiris.com.co\/v3\/wp-content\/uploads\/2015\/05\/DSC00949.jpg\"><img loading=\"lazy\" decoding=\"async\" aria-describedby=\"caption-attachment-16808\" class=\"wp-image-16808\" src=\"https:\/\/arcoiris.com.co\/v3\/wp-content\/uploads\/2015\/05\/DSC00949-640x360.jpg\" alt=\"\" width=\"451\" height=\"254\" srcset=\"https:\/\/arcoiris.com.co\/v3\/wp-content\/uploads\/2015\/05\/DSC00949-640x360.jpg 640w, https:\/\/arcoiris.com.co\/v3\/wp-content\/uploads\/2015\/05\/DSC00949-300x169.jpg 300w\" sizes=\"(max-width: 451px) 100vw, 451px\" \/><\/a><p id=\"caption-attachment-16808\" class=\"wp-caption-text\">Foto CNAI\/ X Asamblea Nacional, 17 de mayo de 2015<\/p><\/div>\n<p style=\"text-align: justify;\">Finalmente, la Asamblea eligi\u00f3 la nueva Junta Directiva Nacional y \u00e9sta, de acuerdo con los Estatutos de la CNAI, tom\u00f3 la decisi\u00f3n un\u00e1nime de reelegir para el per\u00edodo 2015-2017 a Fernando Cuervo Castillo como Presidente y Fernando Hern\u00e1ndez Valencia como Director Ejecutivo.<\/p>\n<p style=\"text-align: justify;\">Al cierre, la Asamblea aprob\u00f3 un mensaje al ELN convoc\u00e1ndolo a la soluci\u00f3n negociada del conflicto armado interno el cual puede ver en:\u00a0https:\/\/arcoiris.com.co\/v3\/2015\/05\/mensaje-de-la-x-asamblea-nacional-de-delegados-de-la-corporacion-nuevo-arco-iris-al-eln\/<\/p>\n<p>Bogot\u00e1, Mayo de 2015.<\/p>\n","protected":false},"excerpt":{"rendered":"<p>Como cada dos a\u00f1os, desde su fundaci\u00f3n en 1996, realizamos este 16 y 17 de Mayo de 2015 la Asamblea de la CNAI (Corporaci\u00f3n Nuevo Arco Iris), con la participaci\u00f3n de las y los socios de los Cap\u00edtulos de, Bol\u00edvar, Sucre, Santander, Antioquia, Eje Cafetero, Valle-Cauca, Nari\u00f1o y Bogot\u00e1. El evento se inaugur\u00f3 el viernes [&hellip;]<\/p>\n","protected":false},"author":51,"featured_media":16806,"comment_status":"closed","ping_status":"closed","sticky":false,"template":"","format":"standard","meta":{"_et_pb_use_builder":"","_et_pb_old_content":"","_et_gb_content_width":"","footnotes":""},"categories":[1,462],"tags":[],"class_list":["post-16805","post","type-post","status-publish","format-standard","has-post-thumbnail","hentry","category-uncategorized","category-destacado"],"_links":{"self":[{"href":"https:\/\/arcoiris.com.co\/v3\/wp-json\/wp\/v2\/posts\/16805","targetHints":{"allow":["GET"]}}],"collection":[{"href":"https:\/\/arcoiris.com.co\/v3\/wp-json\/wp\/v2\/posts"}],"about":[{"href":"https:\/\/arcoiris.com.co\/v3\/wp-json\/wp\/v2\/types\/post"}],"author":[{"embeddable":true,"href":"https:\/\/arcoiris.com.co\/v3\/wp-json\/wp\/v2\/users\/51"}],"replies":[{"embeddable":true,"href":"https:\/\/arcoiris.com.co\/v3\/wp-json\/wp\/v2\/comments?post=16805"}],"version-history":[{"count":0,"href":"https:\/\/arcoiris.com.co\/v3\/wp-json\/wp\/v2\/posts\/16805\/revisions"}],"wp:featuredmedia":[{"embeddable":true,"href":"https:\/\/arcoiris.com.co\/v3\/wp-json\/wp\/v2\/media\/16806"}],"wp:attachment":[{"href":"https:\/\/arcoiris.com.co\/v3\/wp-json\/wp\/v2\/media?parent=16805"}],"wp:term":[{"taxonomy":"category","embeddable":true,"href":"https:\/\/arcoiris.com.co\/v3\/wp-json\/wp\/v2\/categories?post=16805"},{"taxonomy":"post_tag","embeddable":true,"href":"https:\/\/arcoiris.com.co\/v3\/wp-json\/wp\/v2\/tags?post=16805"}],"curies":[{"name":"wp","href":"https:\/\/api.w.org\/{rel}","templated":true}]}}