{"id":16870,"date":"2015-05-27T16:12:24","date_gmt":"2015-05-27T21:12:24","guid":{"rendered":"https:\/\/arcoiris.com.co\/v3\/?p=16870"},"modified":"2019-08-26T15:08:42","modified_gmt":"2019-08-26T20:08:42","slug":"nada-tiene-mas-fuerza-que-una-idea-cuando-le-ha-llegado-su-hora","status":"publish","type":"post","link":"https:\/\/arcoiris.com.co\/v3\/2015\/05\/nada-tiene-mas-fuerza-que-una-idea-cuando-le-ha-llegado-su-hora\/","title":{"rendered":"Nada tiene m\u00e1s fuerza que una idea cuando le ha llegado su hora"},"content":{"rendered":"<div id=\"attachment_16871\" style=\"width: 310px\" class=\"wp-caption alignleft\"><a href=\"https:\/\/arcoiris.com.co\/v3\/wp-content\/uploads\/2015\/05\/Juan-Carlos-Monedero.jpg\"><img loading=\"lazy\" decoding=\"async\" aria-describedby=\"caption-attachment-16871\" class=\"wp-image-16871 size-medium\" src=\"https:\/\/arcoiris.com.co\/v3\/wp-content\/uploads\/2015\/05\/Juan-Carlos-Monedero-300x225.jpg\" alt=\"Foto CNAI\/ Juan Carlos Monedero el 10 de abril de 2014 en el Centro de Memoria Hist\u00f3rica\" width=\"300\" height=\"225\" srcset=\"https:\/\/arcoiris.com.co\/v3\/wp-content\/uploads\/2015\/05\/Juan-Carlos-Monedero-300x225.jpg 300w, https:\/\/arcoiris.com.co\/v3\/wp-content\/uploads\/2015\/05\/Juan-Carlos-Monedero-640x480.jpg 640w\" sizes=\"(max-width: 300px) 100vw, 300px\" \/><\/a><p id=\"caption-attachment-16871\" class=\"wp-caption-text\">Foto CNAI\/ Juan Carlos Monedero el 10 de abril de 2014 en el Centro de Memoria Hist\u00f3rica<\/p><\/div>\n<p>A prop\u00f3sito del triunfo de la agrupaci\u00f3n \u2018PODEMOS\u2019 en las recientes elecciones espa\u00f1olas, rescatamos este texto de Juan Carlos Monedero que es uno de sus fundadores. A continuaci\u00f3n, su intervenci\u00f3n en el acto de conmemoraci\u00f3n\u00a0 de los veinte a\u00f1os de la firma del acuerdo de paz de la CRS, el\u00a0 10 de Abril del a\u00f1o pasado:<\/p>\n<p>Me gusta repetir una frase de Marx que dice: \u201cnada tiene m\u00e1s fuerza que una idea cuando le ha llegado su hora\u201d. No he dejado de preguntarme, por qu\u00e9 hace veinte a\u00f1os ustedes optaron por cambiar la lucha armada por la lucha pol\u00edtica y despu\u00e9s lograron poner en marcha esas mismas\u00a0 quimeras pol\u00edticas con el apoyo popular.\u00a0 Lo que quiero compartir con ustedes tiene que ver con los relatos que hacen que la mayor\u00eda de un pa\u00eds se identifique con unos objetivos pol\u00edticos.<\/p>\n<p>Las luchas de ayer son los derechos de hoy y las luchas de hoy ser\u00e1n los derechos de ma\u00f1ana. En Europa los movimientos sociales no peleamos nuestros derechos desde Mayo del \u00a068, al contrario, llevamos m\u00e1s de cuatro d\u00e9cadas perdiendo derechos, pues lo que no se pelea se pierde.<\/p>\n<p>La verdad es siempre la primera v\u00edctima en un conflicto. Hay un determinado grupo de personas a las que les molesta invariablemente la verdad, y a quien le molesta la verdad es porque tiene algo que ocultar. Como dec\u00eda Lenin, la verdad es revolucionaria y debemos asumir, insisto, en que todos aquellos que tienen algo que ocultar, son precisamente aquellos que no tienen un compromiso claro con la verdad.<\/p>\n<p>Ver la intervenci\u00f3n completa, a continuaci\u00f3n:<\/p>\n<div class=\"issuuembed\" style=\"width: 525px; height: 742px;\" data-configid=\"3692087\/13142096\"><\/div>\n<p><script src=\"\/\/e.issuu.com\/embed.js\" async=\"true\" type=\"text\/javascript\"><\/script><\/p>\n","protected":false},"excerpt":{"rendered":"<p>A prop\u00f3sito del triunfo de la agrupaci\u00f3n \u2018PODEMOS\u2019 en las recientes elecciones espa\u00f1olas, rescatamos este texto de Juan Carlos Monedero que es uno de sus fundadores. A continuaci\u00f3n, su intervenci\u00f3n en el acto de conmemoraci\u00f3n\u00a0 de los veinte a\u00f1os de la firma del acuerdo de paz de la CRS, el\u00a0 10 de Abril del a\u00f1o [&hellip;]<\/p>\n","protected":false},"author":51,"featured_media":16871,"comment_status":"closed","ping_status":"closed","sticky":false,"template":"","format":"standard","meta":{"_et_pb_use_builder":"","_et_pb_old_content":"","_et_gb_content_width":"","footnotes":""},"categories":[1],"tags":[],"class_list":["post-16870","post","type-post","status-publish","format-standard","has-post-thumbnail","hentry","category-uncategorized"],"_links":{"self":[{"href":"https:\/\/arcoiris.com.co\/v3\/wp-json\/wp\/v2\/posts\/16870","targetHints":{"allow":["GET"]}}],"collection":[{"href":"https:\/\/arcoiris.com.co\/v3\/wp-json\/wp\/v2\/posts"}],"about":[{"href":"https:\/\/arcoiris.com.co\/v3\/wp-json\/wp\/v2\/types\/post"}],"author":[{"embeddable":true,"href":"https:\/\/arcoiris.com.co\/v3\/wp-json\/wp\/v2\/users\/51"}],"replies":[{"embeddable":true,"href":"https:\/\/arcoiris.com.co\/v3\/wp-json\/wp\/v2\/comments?post=16870"}],"version-history":[{"count":0,"href":"https:\/\/arcoiris.com.co\/v3\/wp-json\/wp\/v2\/posts\/16870\/revisions"}],"wp:featuredmedia":[{"embeddable":true,"href":"https:\/\/arcoiris.com.co\/v3\/wp-json\/wp\/v2\/media\/16871"}],"wp:attachment":[{"href":"https:\/\/arcoiris.com.co\/v3\/wp-json\/wp\/v2\/media?parent=16870"}],"wp:term":[{"taxonomy":"category","embeddable":true,"href":"https:\/\/arcoiris.com.co\/v3\/wp-json\/wp\/v2\/categories?post=16870"},{"taxonomy":"post_tag","embeddable":true,"href":"https:\/\/arcoiris.com.co\/v3\/wp-json\/wp\/v2\/tags?post=16870"}],"curies":[{"name":"wp","href":"https:\/\/api.w.org\/{rel}","templated":true}]}}