{"id":16873,"date":"2015-05-28T16:17:52","date_gmt":"2015-05-28T21:17:52","guid":{"rendered":"https:\/\/arcoiris.com.co\/v3\/?p=16873"},"modified":"2019-08-26T15:08:42","modified_gmt":"2019-08-26T20:08:42","slug":"seminario-de-ecologia-politica","status":"publish","type":"post","link":"https:\/\/arcoiris.com.co\/v3\/2015\/05\/seminario-de-ecologia-politica\/","title":{"rendered":"Seminario de Ecolog\u00eda Pol\u00edtica"},"content":{"rendered":"<p><a href=\"https:\/\/arcoiris.com.co\/v3\/wp-content\/uploads\/2015\/05\/semecol1.jpg\"><br \/>\n<\/a><a href=\"https:\/\/arcoiris.com.co\/v3\/wp-content\/uploads\/2015\/05\/semecol1.jpg\"><img loading=\"lazy\" decoding=\"async\" class=\"aligncenter wp-image-16874 size-full\" src=\"https:\/\/arcoiris.com.co\/v3\/wp-content\/uploads\/2015\/05\/semecol1.jpg\" alt=\"semecol1\" width=\"730\" height=\"960\" srcset=\"https:\/\/arcoiris.com.co\/v3\/wp-content\/uploads\/2015\/05\/semecol1.jpg 730w, https:\/\/arcoiris.com.co\/v3\/wp-content\/uploads\/2015\/05\/semecol1-228x300.jpg 228w, https:\/\/arcoiris.com.co\/v3\/wp-content\/uploads\/2015\/05\/semecol1-487x640.jpg 487w\" sizes=\"(max-width: 730px) 100vw, 730px\" \/><\/a><\/p>\n<p>&nbsp;<\/p>\n<p>Convocado por la Uni\u00f3n Libre Ambiental, la Fundaci\u00f3n Confiar, la Corporaci\u00f3n Nuevo Arco Iris, Ilsa y La Plaza; se llevar\u00e1 a cabo desde el 20 de junio hasta el 22 de agosto, en la ciudad de Bogot\u00e1, este curso que tendr\u00e1 conferencias como: Territorio y ordenamiento territorial; Arte, comunicaci\u00f3n y medio ambiente; Cosmovisiones y experiencias ind\u00edgenas; Soberan\u00eda alimentaria y agroecolog\u00eda, Paz y medio ambiente, entre otros, que apelar\u00e1n a tres par\u00e1metros espec\u00edficos, el territorio, el agua y los movimiento sociales.<\/p>\n<p>La idea de realizar este seminario obedece\u00a0a la importancia que tiene el tema ambiental, no s\u00f3lo a nivel nacional sino a nivel internacional, en vista de la p\u00e9rdida que est\u00e1 sufriendo el planeta, tanto en nevados, oc\u00e9anos, montes, selvas, calidad del aire, el agua, los suelos, como en lo referente a la falta del sentido de pertenencia de cada uno de los organismos.<\/p>\n<p>Los conferencistas son personas que no solamente dominan\u00a0estas problem\u00e1ticas sino que han tenido una experiencia personal con respecto a los temas\u00a0a tratar.<\/p>\n<p>Para m\u00e1s informaci\u00f3n ver en el\u00a0blog: http:\/\/elaguanosmueve.blogspot.com \u00a0o escribir al correo: elaguanosmueve@gmail.com<\/p>\n<p>Para ver el cronograma de las conferencias con el conferencista encargado y la fecha puede ver <a href=\"https:\/\/arcoiris.com.co\/v3\/2015\/05\/cronograma-del-seminario-de-ecologia-politica\/\" target=\"_blank\" rel=\"noopener noreferrer\"><strong><em>completo aqu\u00ed<\/em><\/strong><\/a><\/p>\n","protected":false},"excerpt":{"rendered":"<p>&nbsp; Convocado por la Uni\u00f3n Libre Ambiental, la Fundaci\u00f3n Confiar, la Corporaci\u00f3n Nuevo Arco Iris, Ilsa y La Plaza; se llevar\u00e1 a cabo desde el 20 de junio hasta el 22 de agosto, en la ciudad de Bogot\u00e1, este curso que tendr\u00e1 conferencias como: Territorio y ordenamiento territorial; Arte, comunicaci\u00f3n y medio ambiente; Cosmovisiones y [&hellip;]<\/p>\n","protected":false},"author":51,"featured_media":16874,"comment_status":"closed","ping_status":"closed","sticky":false,"template":"","format":"standard","meta":{"_et_pb_use_builder":"","_et_pb_old_content":"","_et_gb_content_width":"","footnotes":""},"categories":[1,462],"tags":[],"class_list":["post-16873","post","type-post","status-publish","format-standard","has-post-thumbnail","hentry","category-uncategorized","category-destacado"],"_links":{"self":[{"href":"https:\/\/arcoiris.com.co\/v3\/wp-json\/wp\/v2\/posts\/16873","targetHints":{"allow":["GET"]}}],"collection":[{"href":"https:\/\/arcoiris.com.co\/v3\/wp-json\/wp\/v2\/posts"}],"about":[{"href":"https:\/\/arcoiris.com.co\/v3\/wp-json\/wp\/v2\/types\/post"}],"author":[{"embeddable":true,"href":"https:\/\/arcoiris.com.co\/v3\/wp-json\/wp\/v2\/users\/51"}],"replies":[{"embeddable":true,"href":"https:\/\/arcoiris.com.co\/v3\/wp-json\/wp\/v2\/comments?post=16873"}],"version-history":[{"count":0,"href":"https:\/\/arcoiris.com.co\/v3\/wp-json\/wp\/v2\/posts\/16873\/revisions"}],"wp:featuredmedia":[{"embeddable":true,"href":"https:\/\/arcoiris.com.co\/v3\/wp-json\/wp\/v2\/media\/16874"}],"wp:attachment":[{"href":"https:\/\/arcoiris.com.co\/v3\/wp-json\/wp\/v2\/media?parent=16873"}],"wp:term":[{"taxonomy":"category","embeddable":true,"href":"https:\/\/arcoiris.com.co\/v3\/wp-json\/wp\/v2\/categories?post=16873"},{"taxonomy":"post_tag","embeddable":true,"href":"https:\/\/arcoiris.com.co\/v3\/wp-json\/wp\/v2\/tags?post=16873"}],"curies":[{"name":"wp","href":"https:\/\/api.w.org\/{rel}","templated":true}]}}