{"id":16885,"date":"2015-05-29T12:15:10","date_gmt":"2015-05-29T17:15:10","guid":{"rendered":"https:\/\/arcoiris.com.co\/v3\/?p=16885"},"modified":"2019-08-26T15:08:42","modified_gmt":"2019-08-26T20:08:42","slug":"una-lectura-sensata-de-la-situacion","status":"publish","type":"post","link":"https:\/\/arcoiris.com.co\/v3\/2015\/05\/una-lectura-sensata-de-la-situacion\/","title":{"rendered":"Una lectura sensata de la situaci\u00f3n"},"content":{"rendered":"<div class=\"itemIntroText\">\n<div id=\"attachment_16886\" style=\"width: 566px\" class=\"wp-caption alignleft\"><a href=\"https:\/\/arcoiris.com.co\/v3\/wp-content\/uploads\/2015\/05\/Timochenco.jpg\"><img loading=\"lazy\" decoding=\"async\" aria-describedby=\"caption-attachment-16886\" class=\" wp-image-16886\" src=\"https:\/\/arcoiris.com.co\/v3\/wp-content\/uploads\/2015\/05\/Timochenco.jpg\" alt=\"Foto tomada del portal FARC-EP\/ TIMOLEON JIM\u00c9NEZ COMANDANTE DEL ESTADO MAYOR CENTRAL DE LAS FARC-EP\" width=\"556\" height=\"247\" srcset=\"https:\/\/arcoiris.com.co\/v3\/wp-content\/uploads\/2015\/05\/Timochenco.jpg 500w, https:\/\/arcoiris.com.co\/v3\/wp-content\/uploads\/2015\/05\/Timochenco-300x133.jpg 300w\" sizes=\"(max-width: 556px) 100vw, 556px\" \/><\/a><p id=\"caption-attachment-16886\" class=\"wp-caption-text\">Foto tomada del portal FARC-EP\/ TIMOLEON JIM\u00c9NEZ COMANDANTE DEL ESTADO MAYOR CENTRAL DE LAS FARC-EP<\/p><\/div>\n<p style=\"text-align: justify;\">Rodrigo Londo\u00f1o Echeverri, m\u00e1s conocido como &#8216;Timochenco&#8217;, env\u00eda una carta que se publica inicialmente en los comunicados de Estado Mayor Central de la p\u00e1gina FARC_EP, en la que muestra una preocupaci\u00f3n por los pronunciamientos, como dice \u00e9l, de \u00abla extrema derecha enferma de odio\u00bb, que han manifestado frente al cese unilateral; tambi\u00e9n hace menci\u00f3n de\u00a0la suspensi\u00f3n de los bombardeos a\u00e9reos mientras se mantiene en marcha las operaciones en tierra por parte del Gobierno y la percepci\u00f3n de la opini\u00f3n p\u00fablica frente al gobierno Santos, opini\u00f3n que se ha generado gracias a\u00a0los medios masivos de comunicaci\u00f3n; estos entre otros temas se ven plasmados en esta carta:<\/p>\n<p style=\"text-align: right;\"><em>Monta\u00f1as de Colombia, 29 de mayo de 2015<\/em><\/p>\n<p style=\"text-align: justify;\">Los desarrollos mismos del proceso de paz, as\u00ed como los reiterados gestos de nuestra parte, hicieron evidente para todos que hab\u00eda que bajarle intensidad a la confrontaci\u00f3n. Vigente el cese el fuego unilateral, reconocido por todos los sectores, salvo la extrema derecha enferma de odio, correspond\u00eda al gobierno nacional dar el paso correspondiente, y Santos lo hizo.<\/p>\n<\/div>\n<div class=\"itemFullText\">\n<p style=\"text-align: justify;\">Aunque de un modo ambivalente. Suspender los bombardeos a\u00e9reos y al mismo tiempo ordenar la intensificaci\u00f3n de las operaciones terrestres resultaba peligroso en extremo. Como qued\u00f3 demostrado con los hechos de Buenos Aires, Cauca. La patrulla golpeada all\u00ed hac\u00eda parte de un amplio despliegue de fuerza, en desarrollo de una operaci\u00f3n ofensiva, no cabe duda de eso.<\/p>\n<p style=\"text-align: justify;\">Aquellos desafortunados sucesos ocurr\u00edan en forma paralela a los encuentros entre los mandos militares de las dos fuerzas, en los que se buscaba perfeccionar f\u00f3rmulas de desescalamiento, que, entre otras cosas alentaban seriamente las esperanzas. El acuerdo de descontaminaci\u00f3n del territorio de artefactos explosivos era apenas el primero de ellos. Lo de hoy es, pues, un franco retroceso.<\/p>\n<p style=\"text-align: justify;\">La extrema derecha, con amplio eco en la gran prensa, la cual tampoco se muestra proclive al \u00e9xito de las conversaciones, dispar\u00f3 con todo su furor contra los avances alcanzados.<\/p>\n<p style=\"text-align: justify;\">Sin desconocer sus indecisiones, incoherencias y desaciertos, es evidente que hay una campa\u00f1a de desprestigio contra el gobierno de Santos dirigida a debilitarlo y obligarlo a romper el proceso de paz.<\/p>\n<p style=\"text-align: justify;\">La guerra misma tiene sus din\u00e1micas, que son as\u00ed, cruentas y dolorosas. Hablar de guerra es hablar de muertos, heridos, desmembrados, sin mencionar los terceros afectados, lo que parecen olvidar muchos de sus apologistas. Y eso vale para los dos bandos enfrentados. Hoy lloramos nuestros muertos, del mismo modo que lloran los suyos nuestros adversarios.<\/p>\n<p style=\"text-align: justify;\"><em><strong>Ver completo en <a href=\"http:\/\/www.pazfarc-ep.org\/index.php\/noticias-comunicados-documentos-farc-ep\/estado-mayor-central-emc\/2739-una-lectura-sensata-de-la-situacion\" target=\"_blank\" rel=\"noopener noreferrer\">FARC-EP<\/a><\/strong><\/em><\/p>\n<\/div>\n","protected":false},"excerpt":{"rendered":"<p>Rodrigo Londo\u00f1o Echeverri, m\u00e1s conocido como &#8216;Timochenco&#8217;, env\u00eda una carta que se publica inicialmente en los comunicados de Estado Mayor Central de la p\u00e1gina FARC_EP, en la que muestra una preocupaci\u00f3n por los pronunciamientos, como dice \u00e9l, de \u00abla extrema derecha enferma de odio\u00bb, que han manifestado frente al cese unilateral; tambi\u00e9n hace menci\u00f3n de\u00a0la [&hellip;]<\/p>\n","protected":false},"author":51,"featured_media":16886,"comment_status":"closed","ping_status":"closed","sticky":false,"template":"","format":"standard","meta":{"_et_pb_use_builder":"","_et_pb_old_content":"","_et_gb_content_width":"","footnotes":""},"categories":[1,16,14],"tags":[],"class_list":["post-16885","post","type-post","status-publish","format-standard","has-post-thumbnail","hentry","category-uncategorized","category-conflicto-armado","category-sala-de-medios"],"_links":{"self":[{"href":"https:\/\/arcoiris.com.co\/v3\/wp-json\/wp\/v2\/posts\/16885","targetHints":{"allow":["GET"]}}],"collection":[{"href":"https:\/\/arcoiris.com.co\/v3\/wp-json\/wp\/v2\/posts"}],"about":[{"href":"https:\/\/arcoiris.com.co\/v3\/wp-json\/wp\/v2\/types\/post"}],"author":[{"embeddable":true,"href":"https:\/\/arcoiris.com.co\/v3\/wp-json\/wp\/v2\/users\/51"}],"replies":[{"embeddable":true,"href":"https:\/\/arcoiris.com.co\/v3\/wp-json\/wp\/v2\/comments?post=16885"}],"version-history":[{"count":0,"href":"https:\/\/arcoiris.com.co\/v3\/wp-json\/wp\/v2\/posts\/16885\/revisions"}],"wp:featuredmedia":[{"embeddable":true,"href":"https:\/\/arcoiris.com.co\/v3\/wp-json\/wp\/v2\/media\/16886"}],"wp:attachment":[{"href":"https:\/\/arcoiris.com.co\/v3\/wp-json\/wp\/v2\/media?parent=16885"}],"wp:term":[{"taxonomy":"category","embeddable":true,"href":"https:\/\/arcoiris.com.co\/v3\/wp-json\/wp\/v2\/categories?post=16885"},{"taxonomy":"post_tag","embeddable":true,"href":"https:\/\/arcoiris.com.co\/v3\/wp-json\/wp\/v2\/tags?post=16885"}],"curies":[{"name":"wp","href":"https:\/\/api.w.org\/{rel}","templated":true}]}}