{"id":16949,"date":"2015-06-09T09:45:20","date_gmt":"2015-06-09T14:45:20","guid":{"rendered":"https:\/\/arcoiris.com.co\/v3\/?p=16949"},"modified":"2019-08-26T15:08:42","modified_gmt":"2019-08-26T20:08:42","slug":"la-creacion-de-la-comision-de-la-verdad","status":"publish","type":"post","link":"https:\/\/arcoiris.com.co\/v3\/2015\/06\/la-creacion-de-la-comision-de-la-verdad\/","title":{"rendered":"Creaci\u00f3n de la Comisi\u00f3n de la Verdad"},"content":{"rendered":"<div id=\"attachment_16950\" style=\"width: 570px\" class=\"wp-caption alignleft\"><a href=\"https:\/\/arcoiris.com.co\/v3\/wp-content\/uploads\/2015\/06\/247e8ef7df826310c6a461a22a39a052.jpg\"><img loading=\"lazy\" decoding=\"async\" aria-describedby=\"caption-attachment-16950\" class=\"wp-image-16950 size-full\" src=\"https:\/\/arcoiris.com.co\/v3\/wp-content\/uploads\/2015\/06\/247e8ef7df826310c6a461a22a39a052.jpg\" alt=\"Foto tomada del portal de El Espectador\/ Delegados del Gobierno y las Farc, junto a los representantes de los pa\u00edses garantes del proceso de paz, durante el cierre del ciclo 37 de di\u00e1logos\/\u00d3mar Nieto\" width=\"560\" height=\"372\" srcset=\"https:\/\/arcoiris.com.co\/v3\/wp-content\/uploads\/2015\/06\/247e8ef7df826310c6a461a22a39a052.jpg 560w, https:\/\/arcoiris.com.co\/v3\/wp-content\/uploads\/2015\/06\/247e8ef7df826310c6a461a22a39a052-300x199.jpg 300w\" sizes=\"(max-width: 560px) 100vw, 560px\" \/><\/a><p id=\"caption-attachment-16950\" class=\"wp-caption-text\">Foto tomada del portal de El Espectador\/ Delegados del Gobierno y las Farc, junto a los representantes de los pa\u00edses garantes del proceso de paz, durante el cierre del ciclo 37 de di\u00e1logos\/\u00d3mar Nieto<\/p><\/div>\n<p style=\"text-align: justify;\">Este jueves 4 de Junio de 2015 se dio fin al ciclo N\u00ba 37 de los di\u00e1logos de Paz en la Habana. El Gobierno y las Farc, al cierre del \u00faltimo ciclo de conversaciones en la Mesa del punto N\u00ba 5, v\u00edctimas, acordaron la creaci\u00f3n de \u201cLa Comisi\u00f3n para el esclarecimiento de la verdad, la convivencia y la no repetici\u00f3n\u201d que tendr\u00e1 una duraci\u00f3n de tres a\u00f1os a partir del momento en que se firme el acuerdo final de paz, de igual forma estar\u00e1 integrada por once representantes y empezar\u00e1 a actuar luego de dicha firma final.<\/p>\n<p style=\"text-align: justify;\">Es claro que la creaci\u00f3n de esta Comisi\u00f3n de la verdad, es un punto vital e importante en la historia debido a su valor en el proceso de reparaci\u00f3n de v\u00edctimas; \u201cAunque se trata de un mecanismo extrajudicial, destinado a elaborar una narraci\u00f3n hist\u00f3rica de lo ocurrido estos a\u00f1os, el anuncio que hacen las partes sobre la configuraci\u00f3n de esta Comisi\u00f3n sobresale en medio de un a\u00f1o que ha transcurrido sin que se conozcan acuerdos significativos\u201d, tema que no ha permitido llegar al punto final, el de terminar el conflicto (<em>Ver completo en <strong><a href=\"http:\/\/www.semana.com\/nacion\/articulo\/proceso-de-paz-las-verdades-incomodas-del-gobierno-las-farc\/430168-3\" target=\"_blank\" rel=\"noopener noreferrer\">Semana<\/a><\/strong><\/em>).<\/p>\n<p style=\"text-align: justify;\">Lo que hace este acuerdo es, que tanto el Gobierno como las Fuerzas Armadas Revolucionarias de Colombia, deben ponerse en frente y admitir su responsabilidad en todos los hechos que aquejan al pa\u00eds para as\u00ed, dar paso a la justicia transicional.<\/p>\n<p style=\"text-align: justify;\">Cuba y Noruega, que son los pa\u00edses garantes anunciaron que se encargar\u00e1n de velar porque esta Comisi\u00f3n, sea \u201cimparcial\u201d: \u201cEl Gobierno Nacional y las Farc hemos alcanzado un acuerdo para que se ponga en marcha, una vez firmado el Acuerdo Final, la comisi\u00f3n para el esclarecimiento de la verdad, la convivencia y la no repetici\u00f3n, que ser\u00e1 un mecanismo independiente e imparcial de car\u00e1cter extrajudicial. La comisi\u00f3n har\u00e1 parte del sistema integral de verdad, justicia, reparaci\u00f3n y no repetici\u00f3n que se ha de acordar en la mesa para satisfacer los derechos de las v\u00edctimas, terminar el conflicto y alcanzar la paz\u201d, detalla el texto que se dio a conocer en uno de los salones de protocolo del Palacio de Convenciones de La Habana, as\u00ed mismo comunicaron que se regir\u00e1 por tres objetivos:<\/p>\n<p style=\"text-align: justify;\">Primero: \u201cContribuir al esclarecimiento de lo ocurrido durante los a\u00f1os de conflicto armado en Colombia y, ofrecer una explicaci\u00f3n amplia de la complejidad del mismo de tal forma que se promueva un entendimiento de los aspectos menos conocidos\u201d.<\/p>\n<p style=\"text-align: justify;\">Segundo: \u201cPromover y contribuir al reconocimiento de las v\u00edctimas como ciudadanos que vieron sus derechos vulnerados, con una contribuci\u00f3n a la verdad la justicia y la reparaci\u00f3n, y el reconocimiento de toda la sociedad como algo que merece el rechazo de todos\u201d.<\/p>\n<p style=\"text-align: justify;\">Tercero: \u201cPromover la convivencia en los territorios, promover\u00e1 un ambiente de dialogo y crear\u00e1 un espacio en el que las v\u00edctimas se vean dignificadas\u201d (<em>Ver completo en <strong><a href=\"http:\/\/www.elespectador.com\/noticias\/paz\/un-acuerdo-de-verdad-articulo-564644\" target=\"_blank\" rel=\"noopener noreferrer\">El Espectador<\/a><\/strong><\/em>).<\/p>\n<p style=\"text-align: justify;\">Tal vez una de las cosas que se mal interpretan, es que en el momento de acudir a esta Comisi\u00f3n de la Verdad, los hechos de violencia quedar\u00e1n impunes. Esta percepci\u00f3n es errada ya que como dijo el jefe del equipo negociador del Gobierno, Humberto de la Calle, quien acude a esta Comisi\u00f3n tendr\u00eda derecho a tratamiento penal especial, \u201cEs necesario asumir las responsabilidades. El que quiere valerse de la justicia para tener un tratamiento penal debe acudir a esta comisi\u00f3n para reparar de esa manera y de otras a las v\u00edctimas\u201d, de igual forma explic\u00f3 que este mecanismo de ninguna manera \u201cmata la justicia\u201d (<em>Ver completo en <strong><a href=\"http:\/\/www.elespectador.com\/noticias\/paz\/quien-acude-comision-de-verdad-tendria-derecho-tratamie-articulo-564706\" target=\"_blank\" rel=\"noopener noreferrer\">El Espectador<\/a><\/strong><\/em>).<\/p>\n<p style=\"text-align: justify;\">Finalmente, con este nuevo espacio la idea es llegar a una verdad hist\u00f3rica, que en su esencia permita replantear la convivencia de la naci\u00f3n, la reconciliaci\u00f3n, y la no repetici\u00f3n.<\/p>\n<p style=\"text-align: justify;\">Por su parte la Delegaci\u00f3n de Paz de las FARC-EP en su p\u00e1gina asever\u00f3, \u201cLa Comisi\u00f3n har\u00e1 parte del sistema integral de verdad, justicia, reparaci\u00f3n y no repetici\u00f3n que se ha de acordar en la Mesa para satisfacer los derechos de las v\u00edctimas, terminar el conflicto y alcanzar la paz. Por ello, el acuerdo logrado sobre la Comisi\u00f3n no puede entenderse ni definitivamente cerrado, ni aislado del sistema que estamos comprometidos a construir y que a\u00fan no se ha concluido. Continuaremos trabajando para acordar otros mecanismos que nos permitan garantizar los derechos de las v\u00edctimas a la verdad, la justicia y la reparaci\u00f3n, adem\u00e1s de contribuir a garantizar a los colombianos y las colombianas la no repetici\u00f3n del conflicto. En el marco de la discusi\u00f3n sobre la integralidad del sistema y sus mecanismos judiciales y extrajudiciales, se acordar\u00e1n los temas cuya concreci\u00f3n depende de la relaci\u00f3n entre los diferentes mecanismos del sistema\u201d (<em>Ver completo en <strong><a href=\"http:\/\/www.pazfarc-ep.org\/index.php\/noticias-comunicados-documentos-farc-ep\/comunicado-conjunto\/2764-informe-conjunto-de-la-mesa-de-conversaciones-entre-el-gobierno-nacional-y-las-fuerzas-armadas-revolucionarias-de-colombia-ejercito-del-pueblo\" target=\"_blank\" rel=\"noopener noreferrer\">Paz FARC-EP<\/a><\/strong><\/em>).<\/p>\n<p style=\"text-align: justify;\">En este sentido vale la pena recordar lo afirmado por el entonces senador de la rep\u00fablica y hoy ministro del interior Juan Fernando Cristo, al momento de ser aprobado en el congreso, el Marco jur\u00eddico para la paz: \u201cDe nada sirve una ley estatutaria si no hay mucha verdad, mucha justicia, mucha reparaci\u00f3n, como v\u00edctima nadie puede entrar al coraz\u00f3n de las v\u00edctimas y saber qu\u00e9 quieren y sienten, pero s\u00e9 que lo principal que quieren es verdad\u201d.<\/p>\n<p style=\"text-align: justify;\">En conclusi\u00f3n, la creaci\u00f3n de la Comisi\u00f3n de la verdad como parte del sistema de justicia transicional, empieza a destrabar los puntos m\u00e1s duros de la agenda de la Habana, relacionados con v\u00edctimas, justicia y fin del conflicto, porque reafirma el car\u00e1cter pol\u00edtico del conflicto armado en nuestro pa\u00eds y busca que todos los actores involucrados en esta guerra reconozcan su responsabilidad individual, pero especialmente colectiva. Al hablar de responsabilidad colectiva, las instituciones del estado, la guerrilla, la empresa privada, las multinacionales, el sector bancario, el gremio ganadero, el gobierno de los EE. UU y de Israel, la iglesia, entre otros, deber\u00e1n contar la verdad sobre su participaci\u00f3n en el conflicto Colombiano y asumir compromisos concretos para que en Colombia no se repitan nunca m\u00e1s, cr\u00edmenes de guerra y violencia sistem\u00e1tica justificados por los intereses de poder de cada uno de ellos.<\/p>\n","protected":false},"excerpt":{"rendered":"<p>Este jueves 4 de Junio de 2015 se dio fin al ciclo N\u00ba 37 de los di\u00e1logos de Paz en la Habana. El Gobierno y las Farc, al cierre del \u00faltimo ciclo de conversaciones en la Mesa del punto N\u00ba 5, v\u00edctimas, acordaron la creaci\u00f3n de \u201cLa Comisi\u00f3n para el esclarecimiento de la verdad, la [&hellip;]<\/p>\n","protected":false},"author":51,"featured_media":16950,"comment_status":"closed","ping_status":"closed","sticky":false,"template":"","format":"standard","meta":{"_et_pb_use_builder":"","_et_pb_old_content":"","_et_gb_content_width":"","footnotes":""},"categories":[1,462],"tags":[],"class_list":["post-16949","post","type-post","status-publish","format-standard","has-post-thumbnail","hentry","category-uncategorized","category-destacado"],"_links":{"self":[{"href":"https:\/\/arcoiris.com.co\/v3\/wp-json\/wp\/v2\/posts\/16949","targetHints":{"allow":["GET"]}}],"collection":[{"href":"https:\/\/arcoiris.com.co\/v3\/wp-json\/wp\/v2\/posts"}],"about":[{"href":"https:\/\/arcoiris.com.co\/v3\/wp-json\/wp\/v2\/types\/post"}],"author":[{"embeddable":true,"href":"https:\/\/arcoiris.com.co\/v3\/wp-json\/wp\/v2\/users\/51"}],"replies":[{"embeddable":true,"href":"https:\/\/arcoiris.com.co\/v3\/wp-json\/wp\/v2\/comments?post=16949"}],"version-history":[{"count":0,"href":"https:\/\/arcoiris.com.co\/v3\/wp-json\/wp\/v2\/posts\/16949\/revisions"}],"wp:featuredmedia":[{"embeddable":true,"href":"https:\/\/arcoiris.com.co\/v3\/wp-json\/wp\/v2\/media\/16950"}],"wp:attachment":[{"href":"https:\/\/arcoiris.com.co\/v3\/wp-json\/wp\/v2\/media?parent=16949"}],"wp:term":[{"taxonomy":"category","embeddable":true,"href":"https:\/\/arcoiris.com.co\/v3\/wp-json\/wp\/v2\/categories?post=16949"},{"taxonomy":"post_tag","embeddable":true,"href":"https:\/\/arcoiris.com.co\/v3\/wp-json\/wp\/v2\/tags?post=16949"}],"curies":[{"name":"wp","href":"https:\/\/api.w.org\/{rel}","templated":true}]}}