{"id":17100,"date":"2015-06-19T12:03:30","date_gmt":"2015-06-19T17:03:30","guid":{"rendered":"https:\/\/arcoiris.com.co\/v3\/?p=17100"},"modified":"2019-08-26T15:08:41","modified_gmt":"2019-08-26T20:08:41","slug":"entrevista-en-orientese-tv-amor-y-politica-2","status":"publish","type":"post","link":"https:\/\/arcoiris.com.co\/v3\/2015\/06\/entrevista-en-orientese-tv-amor-y-politica-2\/","title":{"rendered":"Entrevista en Ori\u00e9ntese TV | \u00abAmor y Politica\u00bb"},"content":{"rendered":"<p style=\"text-align: justify;\">El <img loading=\"lazy\" decoding=\"async\" class=\"alignleft wp-image-17097 size-medium\" src=\"https:\/\/arcoiris.com.co\/v3\/wp-content\/uploads\/2015\/06\/Sin-t\u00edtulo2-300x175.png\" alt=\"Sin t\u00edtulo\" width=\"300\" height=\"175\" srcset=\"https:\/\/arcoiris.com.co\/v3\/wp-content\/uploads\/2015\/06\/Sin-t\u00edtulo2-300x175.png 300w, https:\/\/arcoiris.com.co\/v3\/wp-content\/uploads\/2015\/06\/Sin-t\u00edtulo2.png 526w\" sizes=\"(max-width: 300px) 100vw, 300px\" \/>pasado 13 de junio del presente a\u00f1o, Jos\u00e9 Aristiz\u00e1bal, Investigador Social y Coordinador del observatorio del conflicto armado y el pos conflicto (OCAP) de la Corporaci\u00f3n Nuevo Arco Iris, fue entrevistado en el programa period\u00edstico de opini\u00f3n \u201cOri\u00e9ntese\u201d, programa que se emite en\u00a0el departamento de Antioquia.<\/p>\n<p style=\"text-align: justify;\">En esta entrevista el investigador habl\u00f3 sobre el proceso de paz, la participaci\u00f3n de la sociedad frente al Proceso e hizo una presentaci\u00f3n de su libro \u201cAmor y pol\u00edtica\u201d, libro que lanz\u00f3 en el Centro de Memoria Hist\u00f3rica, en Bogot\u00e1, en el mes de mayo.<\/p>\n<p style=\"text-align: justify;\">La percepci\u00f3n que tiene Aristiz\u00e1bal frente a la Mesa de negociaci\u00f3n de la Habana, y sabiendo que esto es lo m\u00e1s lejos que ha llegado un Proceso de paz con las Fuerzas Armadas Revolucionarias de Colombia, es que \u201cEst\u00e1 en un momento crucial, hay un pulso muy fuerte en qu\u00e9 medida no s\u00f3lo las Farc, sino tambi\u00e9n los militares, paramilitares, empresarios y todos en general, ponen una dosis de verdad para que el conflicto no se repita, para que haya una verdadera reparaci\u00f3n\u201d, afirm\u00f3.<\/p>\n<p style=\"text-align: justify;\">Hay un tema claro y es la importancia de que la sociedad tenga una participaci\u00f3n activa por medio de movilizaciones y conversaciones que inviten a actuar y a opinar alrededor del tema de la paz pero que tambi\u00e9n el mismo Gobierno abra puertas a esta participaci\u00f3n.<\/p>\n<p style=\"text-align: justify;\">En cuanto a los di\u00e1logos con el ELN, Jos\u00e9 Aristiz\u00e1bal, quien lider\u00f3 la negociaci\u00f3n de la Corriente de Renovaci\u00f3n Socialista (CRS), plantea dos puntos, el primero hace \u00e9nfasis en \u00bfC\u00f3mo van a participar todos los movimientos sociales? Y el segundo est\u00e1 enfocado en \u00bfC\u00f3mo se debate la agenda referente al tema de las armas?, seg\u00fan \u00e9l, estos dos puntos est\u00e1n retrasando la Mesa con los Elenos.<\/p>\n<p style=\"text-align: justify;\">Una de las cosas con las que Jos\u00e9 Aristiz\u00e1bal cree que el ELN se reivindicar\u00eda, es si esa negociaci\u00f3n generar\u00e1 un debate enfocado en el medio ambiente, como la posibilidad de las energ\u00edas renovables y el tema del ordenamiento territorial.<\/p>\n<p style=\"text-align: justify;\">Como mensaje para el p\u00fablico, es necesario \u201cApoyar la movilizaci\u00f3n social por la paz, apoyar la paz en reformas y apoyar la indignaci\u00f3n global contra la guerra y que la paz se convierta en un problema de toda la sociedad\u201d, viendo una esperanza en medio de una sociedad de caos basada en que, \u201cmientras el ser humano perviva y haya una conciencia y haya amor, hay posibilidades de cambiar esta sociedad\u201d, concluy\u00f3.<\/p>\n<p style=\"text-align: justify;\"><em>Los invitamos a ver la entrevista completa a continuaci\u00f3n<\/em><\/p>\n<p><iframe loading=\"lazy\" title=\"Ori\u00e9ntese TV | &quot;Amor y Politica&quot; | T9P21\" width=\"1080\" height=\"608\" src=\"https:\/\/www.youtube.com\/embed\/ZdoruTf6ino?feature=oembed\"  allow=\"accelerometer; autoplay; clipboard-write; encrypted-media; gyroscope; picture-in-picture; web-share\" referrerpolicy=\"strict-origin-when-cross-origin\" allowfullscreen><\/iframe><\/p>\n","protected":false},"excerpt":{"rendered":"<p>El pasado 13 de junio del presente a\u00f1o, Jos\u00e9 Aristiz\u00e1bal, Investigador Social y Coordinador del observatorio del conflicto armado y el pos conflicto (OCAP) de la Corporaci\u00f3n Nuevo Arco Iris, fue entrevistado en el programa period\u00edstico de opini\u00f3n \u201cOri\u00e9ntese\u201d, programa que se emite en\u00a0el departamento de Antioquia. En esta entrevista el investigador habl\u00f3 sobre el [&hellip;]<\/p>\n","protected":false},"author":51,"featured_media":17097,"comment_status":"closed","ping_status":"closed","sticky":false,"template":"","format":"standard","meta":{"_et_pb_use_builder":"","_et_pb_old_content":"","_et_gb_content_width":"","footnotes":""},"categories":[1,16,17,619],"tags":[],"class_list":["post-17100","post","type-post","status-publish","format-standard","has-post-thumbnail","hentry","category-uncategorized","category-conflicto-armado","category-paz","category-video"],"_links":{"self":[{"href":"https:\/\/arcoiris.com.co\/v3\/wp-json\/wp\/v2\/posts\/17100","targetHints":{"allow":["GET"]}}],"collection":[{"href":"https:\/\/arcoiris.com.co\/v3\/wp-json\/wp\/v2\/posts"}],"about":[{"href":"https:\/\/arcoiris.com.co\/v3\/wp-json\/wp\/v2\/types\/post"}],"author":[{"embeddable":true,"href":"https:\/\/arcoiris.com.co\/v3\/wp-json\/wp\/v2\/users\/51"}],"replies":[{"embeddable":true,"href":"https:\/\/arcoiris.com.co\/v3\/wp-json\/wp\/v2\/comments?post=17100"}],"version-history":[{"count":0,"href":"https:\/\/arcoiris.com.co\/v3\/wp-json\/wp\/v2\/posts\/17100\/revisions"}],"wp:featuredmedia":[{"embeddable":true,"href":"https:\/\/arcoiris.com.co\/v3\/wp-json\/wp\/v2\/media\/17097"}],"wp:attachment":[{"href":"https:\/\/arcoiris.com.co\/v3\/wp-json\/wp\/v2\/media?parent=17100"}],"wp:term":[{"taxonomy":"category","embeddable":true,"href":"https:\/\/arcoiris.com.co\/v3\/wp-json\/wp\/v2\/categories?post=17100"},{"taxonomy":"post_tag","embeddable":true,"href":"https:\/\/arcoiris.com.co\/v3\/wp-json\/wp\/v2\/tags?post=17100"}],"curies":[{"name":"wp","href":"https:\/\/api.w.org\/{rel}","templated":true}]}}