{"id":17168,"date":"2015-07-06T16:55:29","date_gmt":"2015-07-06T21:55:29","guid":{"rendered":"https:\/\/arcoiris.com.co\/v3\/?p=17168"},"modified":"2019-08-26T15:08:40","modified_gmt":"2019-08-26T20:08:40","slug":"condenan-en-colombia-a-3-militares-por-ejecuciones-extrajudiciales-telesur","status":"publish","type":"post","link":"https:\/\/arcoiris.com.co\/v3\/2015\/07\/condenan-en-colombia-a-3-militares-por-ejecuciones-extrajudiciales-telesur\/","title":{"rendered":"Condenan en Colombia a 3 militares por ejecuciones extrajudiciales\/ TeleSUR"},"content":{"rendered":"<p style=\"text-align: justify;\"><a href=\"https:\/\/arcoiris.com.co\/v3\/wp-content\/uploads\/2015\/07\/Sin-t\u00edtulo.png\"><img loading=\"lazy\" decoding=\"async\" class=\"  wp-image-17192 alignleft\" src=\"https:\/\/arcoiris.com.co\/v3\/wp-content\/uploads\/2015\/07\/Sin-t\u00edtulo.png\" alt=\"Sin t\u00edtulo\" width=\"260\" height=\"199\" srcset=\"https:\/\/arcoiris.com.co\/v3\/wp-content\/uploads\/2015\/07\/Sin-t\u00edtulo.png 442w, https:\/\/arcoiris.com.co\/v3\/wp-content\/uploads\/2015\/07\/Sin-t\u00edtulo-300x229.png 300w\" sizes=\"(max-width: 260px) 100vw, 260px\" \/><\/a>A finales\u00a0del mes de junio\u00a0del presente a\u00f1o teleSUR,\u00a0una cadena de televisi\u00f3n con sede central en Caracas (Venezuela) que transmite en se\u00f1al libre, emite la noticcia\u00a0que\u00a0despu\u00e9s de 22 a\u00f1os de impunidad, la Corte Suprema de Justicia de Colombia conden\u00f3 a tres militares por la ejecuci\u00f3n extrajudicial de dos comandantes de la entonces insurgencia, Corriente de Renovaci\u00f3n Socialista. Los dos comandantes de la organizaci\u00f3n social, se encontraban realizando una misi\u00f3n de paz cuando fueron capturados por el ej\u00e9rcito y asesinados, despu\u00e9s fueron mostrados como si hubieran muerto en combate. Este es un caso de lo que en el pa\u00eds suramericano se conoce como falsos positivos.<\/p>\n<p style=\"text-align: justify;\">En la\u00a0entrevista \u00a0a Fernando Hern\u00e1ndez Valencia, director ejecutivo de la Corporaci\u00f3n Nuevo Arco Iris, \u00a0ser recordaba c\u00f3mo fue el momento que se vivi\u00f3 en el campamento el 23 de septiembre de 1993. Hern\u00e1ndez Valencia denuncia\u00a0que lo ocurrido con sus compa\u00f1eros \u00abes una especie de falso positivo inicial que se hace en aquellos tiempos\u00bb, de m\u00e1s de cinco mil casos que se puedan encontrar en la actualidad.<\/p>\n<p style=\"text-align: justify;\">La Coalici\u00f3n colombiana contra la tortura, explica que en sus informes se destacan como principales\u00a0perpetradores de estos casos de tortura, a la fuerza p\u00fablica, las fuerzas militares y a los paramilitares, entendiendo que la gran responsabilidad es del Estado.<\/p>\n<p style=\"text-align: justify;\">El llamado que hace la poblaci\u00f3n es que se frenen los cr\u00edmenes de Estado para poder avanzar en los temas de paz.<\/p>\n<p>https:\/\/www.youtube.com\/watch?v=ksQXgpXLyfg<\/p>\n<p><em>ver tambi\u00e9n en el\u00a0<a href=\"http:\/\/multimedia.telesurtv.net\/web\/telesur\/#!es\/video\/condenan-en-colombia-a-3-militares-por-ejecuciones-extrajudiciales\" target=\"_blank\" rel=\"noopener noreferrer\">canal de teleSUR<\/a><\/em><\/p>\n","protected":false},"excerpt":{"rendered":"<p>A finales\u00a0del mes de junio\u00a0del presente a\u00f1o teleSUR,\u00a0una cadena de televisi\u00f3n con sede central en Caracas (Venezuela) que transmite en se\u00f1al libre, emite la noticcia\u00a0que\u00a0despu\u00e9s de 22 a\u00f1os de impunidad, la Corte Suprema de Justicia de Colombia conden\u00f3 a tres militares por la ejecuci\u00f3n extrajudicial de dos comandantes de la entonces insurgencia, Corriente de Renovaci\u00f3n [&hellip;]<\/p>\n","protected":false},"author":51,"featured_media":17192,"comment_status":"closed","ping_status":"closed","sticky":false,"template":"","format":"standard","meta":{"_et_pb_use_builder":"","_et_pb_old_content":"","_et_gb_content_width":"","footnotes":""},"categories":[1,16,21,17,18,619],"tags":[],"class_list":["post-17168","post","type-post","status-publish","format-standard","has-post-thumbnail","hentry","category-uncategorized","category-conflicto-armado","category-justicia","category-paz","category-victimas","category-video"],"_links":{"self":[{"href":"https:\/\/arcoiris.com.co\/v3\/wp-json\/wp\/v2\/posts\/17168","targetHints":{"allow":["GET"]}}],"collection":[{"href":"https:\/\/arcoiris.com.co\/v3\/wp-json\/wp\/v2\/posts"}],"about":[{"href":"https:\/\/arcoiris.com.co\/v3\/wp-json\/wp\/v2\/types\/post"}],"author":[{"embeddable":true,"href":"https:\/\/arcoiris.com.co\/v3\/wp-json\/wp\/v2\/users\/51"}],"replies":[{"embeddable":true,"href":"https:\/\/arcoiris.com.co\/v3\/wp-json\/wp\/v2\/comments?post=17168"}],"version-history":[{"count":0,"href":"https:\/\/arcoiris.com.co\/v3\/wp-json\/wp\/v2\/posts\/17168\/revisions"}],"wp:featuredmedia":[{"embeddable":true,"href":"https:\/\/arcoiris.com.co\/v3\/wp-json\/wp\/v2\/media\/17192"}],"wp:attachment":[{"href":"https:\/\/arcoiris.com.co\/v3\/wp-json\/wp\/v2\/media?parent=17168"}],"wp:term":[{"taxonomy":"category","embeddable":true,"href":"https:\/\/arcoiris.com.co\/v3\/wp-json\/wp\/v2\/categories?post=17168"},{"taxonomy":"post_tag","embeddable":true,"href":"https:\/\/arcoiris.com.co\/v3\/wp-json\/wp\/v2\/tags?post=17168"}],"curies":[{"name":"wp","href":"https:\/\/api.w.org\/{rel}","templated":true}]}}