{"id":17186,"date":"2015-07-03T12:08:23","date_gmt":"2015-07-03T17:08:23","guid":{"rendered":"https:\/\/arcoiris.com.co\/v3\/?p=17186"},"modified":"2019-08-26T15:08:40","modified_gmt":"2019-08-26T20:08:40","slug":"los-periodistas-y-la-guerra","status":"publish","type":"post","link":"https:\/\/arcoiris.com.co\/v3\/2015\/07\/los-periodistas-y-la-guerra\/","title":{"rendered":"Los periodistas y la guerra"},"content":{"rendered":"<div id=\"attachment_17188\" style=\"width: 906px\" class=\"wp-caption alignleft\"><a href=\"https:\/\/arcoiris.com.co\/v3\/wp-content\/uploads\/2015\/07\/foto-juio-arenas.jpg\"><img loading=\"lazy\" decoding=\"async\" aria-describedby=\"caption-attachment-17188\" class=\"wp-image-17188 \" src=\"https:\/\/arcoiris.com.co\/v3\/wp-content\/uploads\/2015\/07\/foto-juio-arenas.jpg\" alt=\"El 27 de mayo de 2015, el Consejo de Seguridad de la ONU adopta la resoluci\u00f3n 2222 sobre la protecci\u00f3n de los periodistas en zonas de combate, resoluci\u00f3n adoptada por unanimidad \u00fanicamente porque no tiene en cuenta lo que realmente hacen muchos periodistas en estos tiempos de televisiones globales y guerras de cuarta generaci\u00f3n\/ Foto tomada del portal Voltairenet.org\" width=\"896\" height=\"672\" srcset=\"https:\/\/arcoiris.com.co\/v3\/wp-content\/uploads\/2015\/07\/foto-juio-arenas.jpg 400w, https:\/\/arcoiris.com.co\/v3\/wp-content\/uploads\/2015\/07\/foto-juio-arenas-300x225.jpg 300w\" sizes=\"(max-width: 896px) 100vw, 896px\" \/><\/a><p id=\"caption-attachment-17188\" class=\"wp-caption-text\">El 27 de mayo de 2015, el Consejo de Seguridad de la ONU adopta la resoluci\u00f3n 2222 sobre la protecci\u00f3n de los periodistas en zonas de combate, resoluci\u00f3n adoptada por unanimidad \u00fanicamente porque no tiene en cuenta lo que realmente hacen muchos periodistas en estos tiempos de televisiones globales y guerras de cuarta generaci\u00f3n\/ Foto tomada del portal Voltairenet.org<\/p><\/div>\n<p style=\"text-align: justify;\">Estimando que los periodistas est\u00e1n al servicio de la paz, el Consejo de Seguridad de la ONU adopt\u00f3 por unanimidad una resoluci\u00f3n sobre su protecci\u00f3n en las zonas de combate. Dos semanas despu\u00e9s, el Departamento de Defensa de Estados Unidos public\u00f3 instrucciones que permiten arrestar a los trabajadores de la prensa que realizan espionaje. Thierry Meyssan observa que esa decisi\u00f3n podr\u00eda acabar volvi\u00e9ndose como un boomerang contra los periodistas de los Estados miembros de la OTAN.<\/p>\n<p style=\"text-align: justify;\">El reciente debate del Consejo de Seguridad sobre la protecci\u00f3n de los periodistas en las zonas de combate no trajo mucho progreso en la materia<a href=\"#_ftn1\" name=\"_ftnref1\">[1]<\/a>. Los diplom\u00e1ticos acusaron a diversos Estados de haber matado o de haber permitido matar periodistas sin precisar que la categor\u00eda de \u00abperiodista\u00bb\u00a0puede abarcar actividades de naturaleza muy diferente al trabajo de un informador, incluyendo el espionaje, el sabotaje y el terrorismo.<\/p>\n<p style=\"text-align: justify;\">Hasta ahora se consideraba que para gozar de la protecci\u00f3n que merecen los periodistas era necesario:<\/p>\n<ul style=\"text-align: justify;\">\n<li>Disponer de una acreditaci\u00f3n de prensa concedida por la autoridad competente del pa\u00eds del titular o del pa\u00eds donde el titular est\u00e1 trabajando.<\/li>\n<li>No participar en los combates.<\/li>\n<li>No violar la censura militar.<\/li>\n<\/ul>\n<p style=\"text-align: justify;\">De acuerdo a \u00abLos medios globales\u00bb, la redacci\u00f3n de CNN se hallaba \u2013y esto se hizo definitivo a partir de 1998\u2013 bajo control de una unidad militar, la United States Army\u2019s Psychological Operations Unit, instalada en los propios locales de la televisora. Lo que transmit\u00eda no eran los hechos sino un espect\u00e1culo montado por la CIA y el Pent\u00e1gono. Basta recordar el descubrimiento de la fosa com\u00fan de Timisoara. El mundo entero pudo ver las im\u00e1genes de los cad\u00e1veres de m\u00e1s de 4 500 j\u00f3venes<a href=\"#_ftn2\" name=\"_ftnref2\">[2]<\/a>, desangrados para alimentar al dictador de los C\u00e1rpatos, que padec\u00eda de leucemia, o asesinados durante la represi\u00f3n de manifestaciones. Los rostros hab\u00edan sido desfigurados con \u00e1cido para que nadie pudiera identificarlos. Aquello demostraba los horrores que NicolaeCeausescu, el \u00abDr\u00e1cula rumano\u00bb inflig\u00eda a su pueblo<a href=\"#_ftn3\" name=\"_ftnref3\">[3]<\/a>. M\u00e1s tarde nos enterar\u00edamos de que s\u00f3lo eran cad\u00e1veres desenterrados del cementerio de la ciudad.<\/p>\n<p style=\"text-align: justify;\">Durante las guerras de Yugoslavia, Irak, Afganist\u00e1n, nuevamente Irak, Libia y Siria, la OTAN ha fabricado constantemente manipulaciones como la de Timisoara<a href=\"#_ftn4\" name=\"_ftnref4\">[4]<\/a><\/p>\n<p style=\"text-align: justify;\">En \u00abLa incorporaci\u00f3n de los periodistas de guerra\u00bb, la publicaci\u00f3n, esta semana, del Manual del Derecho de la Guerra del Departamento de Defensa estadounidense expresa claramente la evoluci\u00f3n de la guerra al afirmar que ciertos periodistas en realidad son combatientes<a href=\"#_ftn5\" name=\"_ftnref5\">[5]<\/a>.<\/p>\n<p style=\"text-align: justify;\">Mientras Estados Unidos negociaba con Rusia un posible reparto del \u00abMedio Oriente ampliado\u00bb, en junio de 2012, la OTAN planeaba recurrir nuevamente a la difusi\u00f3n de im\u00e1genes falsas para quebrar la resistencia del Estado sirio y arrebatarle el poder. Washington hizo desconectar las transmisiones de las televisoras sirias que depend\u00edan del sat\u00e9lite ArabSat y se dispon\u00eda a hacer lo mismo con el sat\u00e9lite NileSat. Mientras tanto, un pool de televisiones satelitales c\u00f3mplices de la OTAN (Al-Arabiya, Al-Jazeera, BBC, CNN, Fox, France24, Future TV, MTV) se preparaba para transmitir im\u00e1genes filmadas en estudios montados en Qatar que \u201cmostraban\u201d la huida del presidente sirio Bachar al-Assad<a href=\"#_ftn6\" name=\"_ftnref6\">[6]<\/a>. La se\u00f1al de los falsos canales sirios que iba transmitirse llegar\u00eda a los sat\u00e9lites desde la base de la NSA<a href=\"#_ftn7\" name=\"_ftnref7\">[7]<\/a> en Australia. Pero en\u00e9rgicas protestas internacionales provocaron finalmente la anulaci\u00f3n de aquella operaci\u00f3n, justo antes de la conferencia Ginebra 1.<\/p>\n<p>A continuaci\u00f3n puede ver el texto completo<\/p>\n<div class=\"issuuembed\" style=\"width: 525px; height: 340px;\" data-configid=\"3692087\/13942644\"><\/div>\n<p><script src=\"\/\/e.issuu.com\/embed.js\" async=\"true\" type=\"text\/javascript\"><\/script><\/p>\n<h5><a href=\"#_ftnref1\" name=\"_ftn1\">[1]<\/a> \u00ab<a href=\"http:\/\/www.voltairenet.org\/article187832.html\" target=\"_blank\" rel=\"noopener\">R\u00e9solution 2222 et d\u00e9bats (journalistes en zones de conflit<\/a>\u00bb, R\u00e9seau Voltaire, 27 de mayo de 2015.<br \/>\n<a href=\"#_ftnref2\" name=\"_ftn2\">[2]<\/a> \u201cMass Graves Found in Rumania; Relatives of MissingDigThem Up\u201d, AssociatedPress, 22 de diciembre de 1989.<br \/>\n<a href=\"#_ftnref3\" name=\"_ftn3\">[3]<\/a> \u00abLes vautours de Timisoara\u00bb, por SergeHalimi, La Vache folle, agosto de 2000.<br \/>\n<a href=\"#_ftnref4\" name=\"_ftn4\">[4]<\/a> \u00ab<a href=\"http:\/\/www.voltairenet.org\/article125917.html\" target=\"_blank\" rel=\"noopener\">El efecto CNN<\/a> \u00bb, conferencia de Thierry Meyssan en la AccademiaNazionaledellaPolitica (Palermo, Italia), Red Voltaire, 20 de junio de 2003.<br \/>\n<a href=\"#_ftnref5\" name=\"_ftn5\">[5]<\/a><a href=\"http:\/\/www.defense.gov\/pubs\/Law-of-War-Manual-June-2015.pdf\" target=\"_blank\" rel=\"noopener\">Law of War Manuel<\/a>, US DefenseDepartment, junio de 2015.<br \/>\n<a href=\"#_ftnref6\" name=\"_ftn6\">[6]<\/a> \u00ab<a href=\"http:\/\/www.voltairenet.org\/article174581.html\" target=\"_blank\" rel=\"noopener\">La OTAN prepara la mayor operaci\u00f3n de intoxicaci\u00f3n de la Historia<\/a>\u00bb, por Thierry Meyssan, KomsomolskayaPravda (Rusia), Red Voltaire, 12 de junio de 2012.<br \/>\n<a href=\"#_ftnref7\" name=\"_ftn7\">[7]<\/a> La NSA es la National Security Agency estadounidense, cuyas actividades de espionaje electr\u00f3nico y escuchas telef\u00f3nicas a escala mundial fueron reveladas en junio de 2013 por el ex contratista Edward Snowden.<\/h5>\n<h5>Fuente : \u00abLos periodistas y la guerra\u00bb, por Thierry Meyssan, <i><span class=\"org fn\">Red Voltaire <\/span><\/i>, 29 de junio de 2015, <a href=\"http:\/\/www.voltairenet.org\/article187991.html\" target=\"_blank\" rel=\"noopener\">www.voltairenet.org\/article187991.html<\/a><\/h5>\n","protected":false},"excerpt":{"rendered":"<p>Estimando que los periodistas est\u00e1n al servicio de la paz, el Consejo de Seguridad de la ONU adopt\u00f3 por unanimidad una resoluci\u00f3n sobre su protecci\u00f3n en las zonas de combate. Dos semanas despu\u00e9s, el Departamento de Defensa de Estados Unidos public\u00f3 instrucciones que permiten arrestar a los trabajadores de la prensa que realizan espionaje. Thierry [&hellip;]<\/p>\n","protected":false},"author":51,"featured_media":17188,"comment_status":"closed","ping_status":"closed","sticky":false,"template":"","format":"standard","meta":{"_et_pb_use_builder":"","_et_pb_old_content":"","_et_gb_content_width":"","footnotes":""},"categories":[1,16,20,18],"tags":[],"class_list":["post-17186","post","type-post","status-publish","format-standard","has-post-thumbnail","hentry","category-uncategorized","category-conflicto-armado","category-seguridad","category-victimas"],"_links":{"self":[{"href":"https:\/\/arcoiris.com.co\/v3\/wp-json\/wp\/v2\/posts\/17186","targetHints":{"allow":["GET"]}}],"collection":[{"href":"https:\/\/arcoiris.com.co\/v3\/wp-json\/wp\/v2\/posts"}],"about":[{"href":"https:\/\/arcoiris.com.co\/v3\/wp-json\/wp\/v2\/types\/post"}],"author":[{"embeddable":true,"href":"https:\/\/arcoiris.com.co\/v3\/wp-json\/wp\/v2\/users\/51"}],"replies":[{"embeddable":true,"href":"https:\/\/arcoiris.com.co\/v3\/wp-json\/wp\/v2\/comments?post=17186"}],"version-history":[{"count":0,"href":"https:\/\/arcoiris.com.co\/v3\/wp-json\/wp\/v2\/posts\/17186\/revisions"}],"wp:featuredmedia":[{"embeddable":true,"href":"https:\/\/arcoiris.com.co\/v3\/wp-json\/wp\/v2\/media\/17188"}],"wp:attachment":[{"href":"https:\/\/arcoiris.com.co\/v3\/wp-json\/wp\/v2\/media?parent=17186"}],"wp:term":[{"taxonomy":"category","embeddable":true,"href":"https:\/\/arcoiris.com.co\/v3\/wp-json\/wp\/v2\/categories?post=17186"},{"taxonomy":"post_tag","embeddable":true,"href":"https:\/\/arcoiris.com.co\/v3\/wp-json\/wp\/v2\/tags?post=17186"}],"curies":[{"name":"wp","href":"https:\/\/api.w.org\/{rel}","templated":true}]}}