{"id":17267,"date":"2015-07-13T11:48:17","date_gmt":"2015-07-13T16:48:17","guid":{"rendered":"https:\/\/arcoiris.com.co\/v3\/?p=17267"},"modified":"2019-08-26T15:08:39","modified_gmt":"2019-08-26T20:08:39","slug":"el-estado-colombiano-encarcela-a-la-oposicion-politica","status":"publish","type":"post","link":"https:\/\/arcoiris.com.co\/v3\/2015\/07\/el-estado-colombiano-encarcela-a-la-oposicion-politica\/","title":{"rendered":"El Estado colombiano encarcela a la oposici\u00f3n pol\u00edtica"},"content":{"rendered":"<div id=\"attachment_17268\" style=\"width: 224px\" class=\"wp-caption alignleft\"><a href=\"https:\/\/arcoiris.com.co\/v3\/wp-content\/uploads\/2015\/07\/Prisioneros-pol\u00edticos.jpg\"><img loading=\"lazy\" decoding=\"async\" aria-describedby=\"caption-attachment-17268\" class=\"wp-image-17268 size-full\" src=\"https:\/\/arcoiris.com.co\/v3\/wp-content\/uploads\/2015\/07\/Prisioneros-pol\u00edticos.jpg\" alt=\"Imagen tomada del blog, Solidaridad y Defensa \" width=\"214\" height=\"320\" srcset=\"https:\/\/arcoiris.com.co\/v3\/wp-content\/uploads\/2015\/07\/Prisioneros-pol\u00edticos.jpg 214w, https:\/\/arcoiris.com.co\/v3\/wp-content\/uploads\/2015\/07\/Prisioneros-pol\u00edticos-201x300.jpg 201w\" sizes=\"(max-width: 214px) 100vw, 214px\" \/><\/a><p id=\"caption-attachment-17268\" class=\"wp-caption-text\">Imagen tomada del blog, Solidaridad y Defensa<\/p><\/div>\n<p style=\"text-align: justify;\">Las detenciones que se realizaron en Bogot\u00e1 el d\u00eda mi\u00e9rcoles 06 de julio en las que fueron encarcelados 13 activistas y dirigentes sociales del movimiento Congreso de los Pueblos, acusados de pertenecer al ELN y de ser los autores de los atentados perpetrados en la ciudad de Bogot\u00e1 desde el pasado 20 de Mayo, son la punta del iceberg de una estrategia de detenciones masivas\u00a0 que sistem\u00e1ticamente se vienen presentando a lo largo de todo el pa\u00eds y que ha sido especialmente grave en el primer semestre de 2015.<\/p>\n<div style=\"text-align: justify;\">Las caracter\u00edsticas son similares y la forma como la informan los medios de comunicaci\u00f3n, con base en los informes de polic\u00eda o ej\u00e9rcito, se repiten: \u201cCapturados presuntos colaboradores de las Farc en Guaviare \u201d, \u201cPolic\u00eda capturo a 16 colaboradores del frente 48 de las Farc en Putumayo \u201d, \u201cencarcelados presuntos colaboradores de las Farc en Baraya Huila\u201d, \u201ccapturados los salchichas colaboradores del frente 25 de las Farc en el sur del Tolima\u201d, \u201cla Polic\u00eda Nacional detuvo 15 presuntos miembros de las milicias urbanas del ELN, quienes estar\u00edan detr\u00e1s de los ataques que conmocionaron a la capital del pa\u00eds\u201d, \u201cCapturaron a dos presuntos milicianos del Eln en Cerrito, norte de Santander \u201d. Todos estos sucesos se refieren a detenciones realizadas entre Febrero y julio de 2015, es decir en el primer semestre del a\u00f1o nuevamente se han incrementado las detenciones de personas sindicadas de colaborar con las FARC-EP y el ELN en Colombia. Estas capturas se realizan en territorios donde se presentan combates o acciones insurgentes contra miembros de las fuerzas militares o la infraestructura econ\u00f3mica y por lo general las \u00f3rdenes de captura las emiten los jueces despu\u00e9s que se presenta un atentado por parte de los grupos guerrilleros o un choque armado con las fuerzas militares.<\/p>\n<\/div>\n<div style=\"text-align: justify;\"><\/div>\n<div style=\"text-align: justify;\">En este libreto, las capturas son presentadas como un golpe a la subversi\u00f3n, pero por lo general los capturados no se les vincula a los procesos penales como combatientes de la guerrilla, sino como colaboradores de la insurgencia; y es all\u00ed donde aparecen\u00a0 las zonas grises en el acerbo probatorio que presenta la fiscal\u00eda para sustentar sus casos.<\/p>\n<\/div>\n<div style=\"text-align: justify;\"><\/div>\n<div style=\"text-align: justify;\">Es recurrente que a los detenidos se les acuse de \u201cllevar informaci\u00f3n a la guerrilla\u201d, \u201csuministrarle v\u00edveres, brindarles alimentaci\u00f3n y techo\u201d, \u201cextorsionar a los habitantes de la zona\u201d, \u201drealizar labores de mensajer\u00eda para los grupos armados\u201d o \u201carticularse para realizar acciones terroristas\u201d, como el caso de los detenidos en la ciudad de Bogot\u00e1. Estas detenciones se han realizado en\u00a0 el Guaviare, sur del Tolima, Cauca, Putumayo, Huila, Santander, Bogot\u00e1 entre otras regiones en tan solo 5 meses. Lo que suma m\u00e1s de 100 personas detenidas acusadas de rebeli\u00f3n en el primer semestre del 2015.<\/p>\n<\/div>\n<div style=\"text-align: justify;\"><\/div>\n<div style=\"text-align: justify;\">En la mayor\u00eda de estos operativos, el perfil de los detenidos es similar: Campesinos de zonas donde existen cultivos il\u00edcitos, miner\u00eda, o conflictos por la tierra y zonas de colonizaci\u00f3n campesina de regiones como Cauca, Caquet\u00e1,\u00a0 Arauca, Guaviare, Catatumbo, Nari\u00f1o,\u00a0 o habitantes de los cascos urbanos de barrios de invasi\u00f3n de municipios como Tumaco, Mocoa, Guapi, el Tarra, Caloto, Dolores, Florencia, etc, en los que se han incrementado los ataques de la insurgencia. En las grandes ciudades como Bogot\u00e1 los detenidos son preferentemente: Estudiantes, defensores de DD HH, profesores, militantes de organizaciones de izquierda o activistas de ONGs.<\/p>\n<\/div>\n<div style=\"text-align: justify;\"><\/div>\n<div style=\"text-align: justify;\">El objetivo de estas masivas detenciones, es confirmar la estrategia de consolidaci\u00f3n militar de las zonas en conflicto y golpear el tejido org\u00e1nico del movimiento social en el pa\u00eds, bajo el ropaje justificatorio de combatir el terrorismo. La fiscal\u00eda de la mano con el ej\u00e9rcito y la polic\u00eda fabrica artificiosamente casos en contra de l\u00edderes\u00a0 comunitarios para demostrar que los organismos militares y el aparato judicial est\u00e1n golpeando de manera efectiva\u00a0 a la insurgencia y en especial\u00a0 a sus redes de apoyo; con esta l\u00f3gica neutralizan cualquier cr\u00edtica a sus procedimientos.<\/p>\n<\/div>\n<div style=\"text-align: justify;\"><\/div>\n<div style=\"text-align: justify;\">A los sospechosos los encartan con acusaciones aparentemente solidas que incluyen grabaciones, interceptaciones, declaraciones de supuestos desmovilizados de la guerrilla, retratos hablados, entre otros artilugios penales. Con este conjunto prefabricado de indicios, los fiscales de cualquier seccional del pa\u00eds construyen \u201cla teor\u00eda del caso\u201d, no hay diferencias en las audiencias de captura que se realizan en Guaviare de las que se realizan en el Tarra o las recientemente realizadas en Paloquemao en Bogot\u00e1, los roles son los mismos, los actores tambi\u00e9n: solo cambia el rostro y el nombre del acusado, condenado de antemano por jueces y fiscales que bostezan mientras repiten la letan\u00eda jur\u00eddica que legaliza las capturas y define a que c\u00e1rcel enviaran a otro prisionero pol\u00edtico m\u00e1s, que por supuesto no aceptara los cargos, para que espere la condena tras las rejas.<\/p>\n<\/div>\n<div style=\"text-align: justify;\"><\/div>\n<div style=\"text-align: justify;\">De un lado la fiscal\u00eda de la mano de la polic\u00eda y ej\u00e9rcito, presentado la acusaci\u00f3n para demostrar la responsabilidad y culpabilidad de los acusados y exigiendo la detenci\u00f3n intramural (la pena de c\u00e1rcel) sin beneficio de fianza o prisi\u00f3n domiciliaria \u00b4para los sindicados. De otro lado la defensa sin garant\u00edas procesales ni recursos t\u00e9cnicos para ejercer a cabalidad su labor y en el centro los jueces que en la mayor\u00eda de los casos ordenan prisi\u00f3n inmediata a los sindicados, so pena que de no hacerlo sean demandados por la fiscal\u00eda ante la judicatura por no velar por la seguridad ciudadana y dejar libres a terroristas.<\/p>\n<\/div>\n<div style=\"text-align: justify;\"><\/div>\n<div style=\"text-align: justify;\">Es decir el aparato de justicia puesto al servicio de la estrategia contrainsurgente del estado, para seguir produciendo falsos positivos judiciales aun a costa de llevar a la c\u00e1rcel a personas inocentes elegidas aleatoriamente en el universo de sospechosos habituales del sistema, que como una maquina replica los procedimientos en todo el pa\u00eds y condena a miles de ciudadanos a enfrentar el leviatan del sistema penal acusatorio Colombiano, una nefasta imitaci\u00f3n del ya instrumentalizado sistema penal anglosaj\u00f3n.<\/p>\n<\/div>\n<div style=\"text-align: justify;\"><\/div>\n<div style=\"text-align: justify;\">Es una\u00a0 falacia que la carga de la prueba favorece a los sindicados,\u00a0 lo que sucede realmente es que la carga de la prueba de su inocencia la tiene que demostrar el acusado. La presunci\u00f3n de inocencia es f\u00e1cilmente vencida por el valor preponderante que se da a los argumentos de la fiscal\u00eda en todo el proceso judicial, si es en un caso en el que el delito imputado es de rebeli\u00f3n o terrorismo, las posibilidades de demostrar la inocencia de un sindicado ante el juez es una tarea casi imposible.<\/p>\n<\/div>\n<div style=\"text-align: justify;\"><\/div>\n<div style=\"text-align: justify;\">Las pruebas de la fiscal\u00eda ya son conocidas por todo abogado o defensor de Derechos Humanos que haya asistido a estas audiencias:<\/p>\n<\/div>\n<ul style=\"text-align: justify;\">\n<li>Testimonios de desmovilizados, reciclados de procesos anteriores, que se acogieron hace a\u00f1os a la Ley 975 o de justicia y paz, por lo que est\u00e1n comprometidos a colaborar con la fiscal\u00eda en cuanto proceso sea necesario, declarando en contra de personas que no conocen pero a las que acusan de auxiliar a las guerrillas para que el estratagema de resultado.<\/li>\n<\/ul>\n<ul style=\"text-align: justify;\">\n<li>Grabaciones telef\u00f3nicas inconexas, interpretadas por investigadores de la polic\u00eda como \u201clenguaje encriptado en el que los autores\u00a0 planean actividades delictivas o reciben \u00f3rdenes de jefes guerrilleros\u201d.<\/li>\n<\/ul>\n<ul style=\"text-align: justify;\">\n<li>Fotograf\u00edas de\u00a0 seguimientos a las labores cotidianas de los sospechosos que no reflejan nada ilegal, pero que para el ojo adiestrado del investigador policial \u201ces la demostraci\u00f3n de los preparativos de un complot\u201d.<\/li>\n<\/ul>\n<ul style=\"text-align: justify;\">\n<li>Pruebas de laboratorio de elementos supuestamente \u201cincautados\u201d a trav\u00e9s de los cuales los t\u00e9cnicos forenses acomodan las conclusiones de sus informes para demostrar que los acusados tuvieron acceso a sustancias prohibidas utilizadas en la fabricaci\u00f3n de explosivos, armas y dem\u00e1s elementos de uso privativo de las Fuerzas Militares.<\/li>\n<\/ul>\n<div style=\"text-align: justify;\">El final de todos estos montajes judiciales es previsible, parafraseando a nuestro nobel Gabriel Garc\u00eda M\u00e1rquez; \u201ces la cr\u00f3nica de una condena anunciada\u201d.<\/p>\n<\/div>\n<div style=\"text-align: justify;\"><\/div>\n<div style=\"text-align: justify;\">En Colombia se detienen en promedio m\u00e1s personas por razones pol\u00edticas que en Venezuela, pero los medios de comunicaci\u00f3n y las agencias del gobierno ocultan esa realidad, sorprende escuchar a reconocidos periodistas de grandes cadenas de televisi\u00f3n desgarr\u00e1ndose las vestiduras por los supuestos presos pol\u00edticos en Venezuela y exigir que se les respeten los DDHH Por parte del gobierno bolivariano que encabeza Nicol\u00e1s Maduro, pero guardando silencio frente a los prisioneros pol\u00edticos de Colombia, es decir miran la paja en el ojo ajeno pero no miran en el propio.<\/p>\n<\/div>\n<div style=\"text-align: justify;\"><\/div>\n<div style=\"text-align: justify;\">Seguramente no quieren encontrar las razones detr\u00e1s de estas medidas, que no son otras que reprimir a la oposici\u00f3n pol\u00edtica de izquierda; estrategia en la cual la rama judicial de Colombia queda muy mal parada, pues al ser funcional al modelo contrainsurgente del r\u00e9gimen,\u00a0 es utilizada como arma de guerra.\u00a0 Atr\u00e1s quedaron la independencia y principios democr\u00e1ticos de los jueces, hoy son empleados cosificados de un aparato de poder que solo produce presos en masa para el aparato carcelario dirigido por el INPEC.<\/p>\n<\/div>\n<div style=\"text-align: justify;\"><\/div>\n<div style=\"text-align: justify;\">Raz\u00f3n tienen los negociadores de la delegaci\u00f3n de las FARC-EP en la Habana cuando plantean que el marco jur\u00eddico para la paz \u201cnaci\u00f3 muerto\u201d, esta norma pretende por la v\u00eda judicial someter a los guerrilleros al tortuoso camino de la judicializaci\u00f3n de sus acciones, para juzgarlos como delincuentes comunes, humill\u00e1ndolos con ofrecimientos indignantes de rebajas de penas si delatan a sus compa\u00f1eros de armas o se prestan para acusar a nuevos imputados en su mayor\u00eda civiles v\u00edctimas de falsos positivos judiciales. Con esta arquitectura judicial alcanzar la paz con garant\u00edas para la oposici\u00f3n pol\u00edtica es una falacia.<\/p>\n<\/div>\n<div style=\"text-align: justify;\"><\/div>\n<div style=\"text-align: justify;\">As\u00ed como la declaratoria de un cese al fuego bilateral es una condici\u00f3n que garantiza que los enemigos del proceso al interior de las Fuerzas Militares y la ideolog\u00eda militarista de la extrema derecha no atentaran impunemente contra el proceso de paz, la reforma integral de la justicia y la recuperaci\u00f3n del humanismo en el derecho penal permitir\u00e1 que la justicia se libere de la mentalidad contrainsurgente en la que ha sido encadenada por el r\u00e9gimen. Es el momento de exigir avances en el tema de justicia transicional para lograr la paz, esos avances implican que se estudie con rigor la necesidad de otorgar indultos y amnist\u00edas a los rebeldes en armas detenidos en las c\u00e1rceles y extender estos beneficios a los m\u00e1s de 10 mil prisioneros pol\u00edticos que actualmente est\u00e1n procesados en Colombia, perseguidos por ejercer el derecho a la oposici\u00f3n pol\u00edtica de izquierda en un r\u00e9gimen de Derecha.<\/p>\n<\/div>\n<div style=\"text-align: justify;\"><\/div>\n<div style=\"text-align: center;\"><b><\/b><b>\u00a1EXIGIMOS LA LIBERTAD INMEDIATA DE TODOS LOS DETENIDOS POL\u00cdTICOS DEL CONGRESO DE LOS PUEBLOS, ENCARCELADOS EN LA CIUDAD DE BOGOT\u00c1!<\/b><\/div>\n<div style=\"text-align: center;\"><\/div>\n<div style=\"text-align: center;\"><b><\/b><b>\u00a1EXIGIMOS LA LIBERTAD PARA TODAS Y TODOS LOS PRISIONEROS POL\u00cdTICOS DE COLOMBIA!<\/b><\/div>\n<div style=\"text-align: center;\"><\/div>\n<div style=\"text-align: center;\"><b><\/b><b>\u00a1LA AMNISTIA GENERAL Y LA REPATRIACI\u00d3N DE LAS Y LOS PRISIONEROS POL\u00cdTICOS ES EL CAMINO HACIA LA PAZ CON JUSTICIA SOCIAL!<\/b><\/div>\n<div style=\"text-align: justify;\"><\/div>\n<div style=\"text-align: justify;\">Fundaci\u00f3n de Solidaridad y Defensa con la Poblaci\u00f3n Carcelaria de Colombia, \u00abJuan David Pineda Cardona\u00bb.<\/div>\n<div style=\"text-align: justify;\"><\/div>\n<div style=\"text-align: justify;\"><em>Ver en <a href=\"http:\/\/solidaridadydefensa.blogspot.com\/2015\/07\/el-estado-colombiano-encarcela-la.html\" target=\"_blank\" rel=\"noopener noreferrer\"><strong>Solidaridad y Defensa\u00a0<\/strong><\/a><\/em><\/div>\n","protected":false},"excerpt":{"rendered":"<p>Las detenciones que se realizaron en Bogot\u00e1 el d\u00eda mi\u00e9rcoles 06 de julio en las que fueron encarcelados 13 activistas y dirigentes sociales del movimiento Congreso de los Pueblos, acusados de pertenecer al ELN y de ser los autores de los atentados perpetrados en la ciudad de Bogot\u00e1 desde el pasado 20 de Mayo, son [&hellip;]<\/p>\n","protected":false},"author":51,"featured_media":17268,"comment_status":"closed","ping_status":"closed","sticky":false,"template":"","format":"standard","meta":{"_et_pb_use_builder":"","_et_pb_old_content":"","_et_gb_content_width":"","footnotes":""},"categories":[1,16,21,17,20,18],"tags":[],"class_list":["post-17267","post","type-post","status-publish","format-standard","has-post-thumbnail","hentry","category-uncategorized","category-conflicto-armado","category-justicia","category-paz","category-seguridad","category-victimas"],"_links":{"self":[{"href":"https:\/\/arcoiris.com.co\/v3\/wp-json\/wp\/v2\/posts\/17267","targetHints":{"allow":["GET"]}}],"collection":[{"href":"https:\/\/arcoiris.com.co\/v3\/wp-json\/wp\/v2\/posts"}],"about":[{"href":"https:\/\/arcoiris.com.co\/v3\/wp-json\/wp\/v2\/types\/post"}],"author":[{"embeddable":true,"href":"https:\/\/arcoiris.com.co\/v3\/wp-json\/wp\/v2\/users\/51"}],"replies":[{"embeddable":true,"href":"https:\/\/arcoiris.com.co\/v3\/wp-json\/wp\/v2\/comments?post=17267"}],"version-history":[{"count":0,"href":"https:\/\/arcoiris.com.co\/v3\/wp-json\/wp\/v2\/posts\/17267\/revisions"}],"wp:featuredmedia":[{"embeddable":true,"href":"https:\/\/arcoiris.com.co\/v3\/wp-json\/wp\/v2\/media\/17268"}],"wp:attachment":[{"href":"https:\/\/arcoiris.com.co\/v3\/wp-json\/wp\/v2\/media?parent=17267"}],"wp:term":[{"taxonomy":"category","embeddable":true,"href":"https:\/\/arcoiris.com.co\/v3\/wp-json\/wp\/v2\/categories?post=17267"},{"taxonomy":"post_tag","embeddable":true,"href":"https:\/\/arcoiris.com.co\/v3\/wp-json\/wp\/v2\/tags?post=17267"}],"curies":[{"name":"wp","href":"https:\/\/api.w.org\/{rel}","templated":true}]}}