{"id":17433,"date":"2015-08-10T17:00:28","date_gmt":"2015-08-10T22:00:28","guid":{"rendered":"https:\/\/arcoiris.com.co\/v3\/?p=17433"},"modified":"2019-08-26T15:08:36","modified_gmt":"2019-08-26T20:08:36","slug":"organizaciones-internacionales-exigen-respetar-la-vida-de-la-poblacion-civil","status":"publish","type":"post","link":"https:\/\/arcoiris.com.co\/v3\/2015\/08\/organizaciones-internacionales-exigen-respetar-la-vida-de-la-poblacion-civil\/","title":{"rendered":"Organizaciones internacionales exigen respetar la vida de la poblacion civil"},"content":{"rendered":"<p style=\"text-align: justify;\"><a href=\"https:\/\/arcoiris.com.co\/v3\/wp-content\/uploads\/2015\/08\/Sin-t\u00edtulo.png\"><img loading=\"lazy\" decoding=\"async\" class=\"aligncenter wp-image-17435 size-large\" src=\"https:\/\/arcoiris.com.co\/v3\/wp-content\/uploads\/2015\/08\/Sin-t\u00edtulo-640x247.png\" alt=\"Sin t\u00edtulo\" width=\"620\" height=\"239\" srcset=\"https:\/\/arcoiris.com.co\/v3\/wp-content\/uploads\/2015\/08\/Sin-t\u00edtulo-640x247.png 640w, https:\/\/arcoiris.com.co\/v3\/wp-content\/uploads\/2015\/08\/Sin-t\u00edtulo-300x116.png 300w, https:\/\/arcoiris.com.co\/v3\/wp-content\/uploads\/2015\/08\/Sin-t\u00edtulo.png 776w\" sizes=\"(max-width: 620px) 100vw, 620px\" \/><\/a>Nueve son las organizaciones internacionales firmantes de esta exigencia, a\u00a0las partes en conflicto, de respetar la vida de la poblaci\u00f3n civil y avanzar en los puntos pendientes del \u00abacuerdo general para la terminaci\u00f3n del conflicto y la construcci\u00f3n de una paz estable y duradera\u201d.<\/p>\n<p style=\"text-align: justify;\">Las organizaciones son, el\u00a0Consejo Latinoamericano de Iglesias \u2013 CLAI \u2013, la\u00a0Consejer\u00eda en Proyectos \u2013PCS-, el Consejo Noruego para Refugiados \u2013NRC \u2013, la\u00a0Christian Aid, el\u00a0Di\u00e1logo Inter Agencial en Colombia &#8211; DIAL -4, el\u00a0Diakon\u00eda (Suecia),\u00a0Fokus,\u00a0Forum Syd Heks,\u00a0Mundubat y\u00a0Oxfam, que como expresan \u00abconsideramos urgente se contin\u00faen realizando todos los esfuerzos posibles para lograr la firma de unos acuerdos formales, con las guerrillas de las FARC-EP y ELN pues ello representar\u00eda un paso significativo hacia la superaci\u00f3n del conflicto armado interno que padece Colombia desde hace m\u00e1s de 50 a\u00f1os, por lo tanto, nos unimos a la exhortaci\u00f3n que hacen los pa\u00edses garantes para que se avance \u201cen las deliberaciones de los puntos pendientes de la agenda incluida la adopci\u00f3n de un acuerdo para el cese bilateral definitivo del fuego y las hostilidades\u201d, igualmente llamamos a salvaguardar lo logrado hasta ahora e iniciar de inmediato el desminado humanitario.<\/p>\n<p style=\"text-align: justify;\">Manifestamos nuestra profunda preocupaci\u00f3n por el grave riesgo que corre la poblaci\u00f3n civil debido al recrudecimiento de los enfrentamientos entre las FARC-EP y el ej\u00e9rcito colombiano, particularmente en las \u00faltimas semanas, luego de la suspensi\u00f3n del cese al fuego unilateral comunicado por las FARC. Las partes enfrentadas en los conflictos internos no internacionales tienen la obligaci\u00f3n de respetar los principios y las reglas\u00a0establecidas en el Derecho Internacional Humanitario \u2013DIH-2 como los principios de distinci\u00f3n y el del uso de la fuerza dentro de los l\u00edmites de protecci\u00f3n humanitaria, con el fin de minimizar el impacto del conflicto en la poblaci\u00f3n civil.<\/p>\n<p style=\"text-align: justify;\">Como parte de la Cooperaci\u00f3n internacional no gubernamental presente en Colombia, algunas desde hace m\u00e1s de 30 a\u00f1os, continuaremos trabajando por una salida negociada al conflicto armado interno pues estamos convencidas que \u201cs\u00f3lo un proceso de paz bien construido, que sea cabalmente implementado, puede detener el tr\u00e1gico impacto sobre la poblaci\u00f3n civil y ayudar a lograr la democracia vibrante e inclusiva que todos los colombianos merecen\u201d\u00bb<\/p>\n<p>Ver el comunicado completo\u00a0<strong><em><a href=\"https:\/\/arcoiris.com.co\/v3\/wp-content\/uploads\/2015\/08\/PRONUNCIAMIENTO-ORGANIZACIONES-INTERNACIONALES-PROCESO-DE-PAZ.pdf\" target=\"_blank\" rel=\"noopener noreferrer\">PRONUNCIAMIENTO ORGANIZACIONES INTERNACIONALES PROCESO DE PAZ<\/a><\/em><\/strong><\/p>\n","protected":false},"excerpt":{"rendered":"<p>Nueve son las organizaciones internacionales firmantes de esta exigencia, a\u00a0las partes en conflicto, de respetar la vida de la poblaci\u00f3n civil y avanzar en los puntos pendientes del \u00abacuerdo general para la terminaci\u00f3n del conflicto y la construcci\u00f3n de una paz estable y duradera\u201d. Las organizaciones son, el\u00a0Consejo Latinoamericano de Iglesias \u2013 CLAI \u2013, la\u00a0Consejer\u00eda [&hellip;]<\/p>\n","protected":false},"author":51,"featured_media":17435,"comment_status":"closed","ping_status":"closed","sticky":false,"template":"","format":"standard","meta":{"_et_pb_use_builder":"","_et_pb_old_content":"","_et_gb_content_width":"","footnotes":""},"categories":[1,16,462,21,17,20,18],"tags":[],"class_list":["post-17433","post","type-post","status-publish","format-standard","has-post-thumbnail","hentry","category-uncategorized","category-conflicto-armado","category-destacado","category-justicia","category-paz","category-seguridad","category-victimas"],"_links":{"self":[{"href":"https:\/\/arcoiris.com.co\/v3\/wp-json\/wp\/v2\/posts\/17433","targetHints":{"allow":["GET"]}}],"collection":[{"href":"https:\/\/arcoiris.com.co\/v3\/wp-json\/wp\/v2\/posts"}],"about":[{"href":"https:\/\/arcoiris.com.co\/v3\/wp-json\/wp\/v2\/types\/post"}],"author":[{"embeddable":true,"href":"https:\/\/arcoiris.com.co\/v3\/wp-json\/wp\/v2\/users\/51"}],"replies":[{"embeddable":true,"href":"https:\/\/arcoiris.com.co\/v3\/wp-json\/wp\/v2\/comments?post=17433"}],"version-history":[{"count":0,"href":"https:\/\/arcoiris.com.co\/v3\/wp-json\/wp\/v2\/posts\/17433\/revisions"}],"wp:featuredmedia":[{"embeddable":true,"href":"https:\/\/arcoiris.com.co\/v3\/wp-json\/wp\/v2\/media\/17435"}],"wp:attachment":[{"href":"https:\/\/arcoiris.com.co\/v3\/wp-json\/wp\/v2\/media?parent=17433"}],"wp:term":[{"taxonomy":"category","embeddable":true,"href":"https:\/\/arcoiris.com.co\/v3\/wp-json\/wp\/v2\/categories?post=17433"},{"taxonomy":"post_tag","embeddable":true,"href":"https:\/\/arcoiris.com.co\/v3\/wp-json\/wp\/v2\/tags?post=17433"}],"curies":[{"name":"wp","href":"https:\/\/api.w.org\/{rel}","templated":true}]}}