{"id":17450,"date":"2015-08-11T12:29:14","date_gmt":"2015-08-11T17:29:14","guid":{"rendered":"https:\/\/arcoiris.com.co\/v3\/?p=17450"},"modified":"2019-08-26T15:08:36","modified_gmt":"2019-08-26T20:08:36","slug":"pronunciamiento-conjunto-onic-cit-opiac-y-aico","status":"publish","type":"post","link":"https:\/\/arcoiris.com.co\/v3\/2015\/08\/pronunciamiento-conjunto-onic-cit-opiac-y-aico\/","title":{"rendered":"Pronunciamiento conjunto ONIC, CIT, OPIAC y AICO"},"content":{"rendered":"<p style=\"text-align: justify;\"><a href=\"https:\/\/arcoiris.com.co\/v3\/wp-content\/uploads\/2015\/08\/CIT.png\"><img loading=\"lazy\" decoding=\"async\" class=\"aligncenter wp-image-17451 size-full\" src=\"https:\/\/arcoiris.com.co\/v3\/wp-content\/uploads\/2015\/08\/CIT.png\" alt=\"CIT\" width=\"811\" height=\"203\" srcset=\"https:\/\/arcoiris.com.co\/v3\/wp-content\/uploads\/2015\/08\/CIT.png 811w, https:\/\/arcoiris.com.co\/v3\/wp-content\/uploads\/2015\/08\/CIT-300x75.png 300w, https:\/\/arcoiris.com.co\/v3\/wp-content\/uploads\/2015\/08\/CIT-640x160.png 640w\" sizes=\"(max-width: 811px) 100vw, 811px\" \/><\/a>En la rueda de prensa que se llev\u00f3 a cabo en el auditorio \u2018Kimy Pern\u00eda Domic\u00f3\u2019, el pasado 10 de agosto, los Pueblos, Comunidades y Autoridades Ind\u00edgenas de Colombia, comunicaron su inconformismo frente al trabajo de los medios de comunicaci\u00f3n que han generado desinformaci\u00f3n en contra \u201cdel movimiento social y popular\u201d, como se menciona en el comunicado:<\/p>\n<p style=\"text-align: justify;\">\u201cLos Pueblos, Comunidades y Autoridades Ind\u00edgenas de Colombia, representadas a trav\u00e9s de la Organizaci\u00f3n Nacional Ind\u00edgena de Colombia (ONIC), la Organizaci\u00f3n de los Pueblos Ind\u00edgenas de la Amazon\u00eda Colombiana (OPIAC), la Confederaci\u00f3n Ind\u00edgena Tayrona (CIT) y Autoridades Ind\u00edgenas de Colombia AICO \u201cPor la Pacha Mama\u201d, con asiento en la Mesa Permanente de Concertaci\u00f3n con los Pueblos y Organizaciones Ind\u00edgenas \u2013 MPC (Decreto 1397 de 1996), luego de analizar la actual coyuntura, COMUNICAMOS a la opini\u00f3n p\u00fablica y a la comunidad nacional e internacional que RECHAZAMOS enf\u00e1ticamente la andanada desinformativa gestada en contra del movimiento social y popular, y en particular aquella en contra del Movimiento Ind\u00edgena, por parte de los medios masivos de comunicaci\u00f3n, a trav\u00e9s de programas televisivos que dolosamente mienten y tergiversan sobre la verdadera situaci\u00f3n de los Pueblos Ind\u00edgenas en Colombia, e injurian y criminalizan a la dirigencia ind\u00edgena por el ejercicio leg\u00edtimo de los derechos. El programa S\u00e9ptimo D\u00eda en particular, en sus emisiones del 26 de julio, 2 y 9 de agosto pasados realiz\u00f3 afirmaciones que no se corresponden con la verdad y la realidad integral, las cuales presentan abiertamente una posici\u00f3n pol\u00edtica en contra de los derechos de los que somos titulares los Pueblos Originarios\u201d.<\/p>\n<p style=\"text-align: justify;\">Guiados por el principio de la UNIDAD, como Movimiento Ind\u00edgena Colombiano manifiestan diez puntos espec\u00edficos:<\/p>\n<p style=\"text-align: justify;\">1. Es <strong>FALSO<\/strong> que el ejercicio de la Autonom\u00eda, derecho reconocido en instrumentos internacionales, en la Constituci\u00f3n Pol\u00edtica, as\u00ed como en la jurisprudencia nacional y regional, sea la causa de los problemas estructurales que afrontamos los 102 Pueblos Ind\u00edgenas en Colombia, tales como el empobrecimiento, el abandono estatal, la discriminaci\u00f3n, la desterritorializaci\u00f3n, la impunidad, la desnutrici\u00f3n, y las vulneraciones sistem\u00e1ticas de los derechos humanos y fundamentales, entre otros.<\/p>\n<p style=\"text-align: justify;\">2. <strong>RECHAZAMOS<\/strong> todo acto de violencia f\u00edsica y sexual en contra nuestras ni\u00f1as, j\u00f3venes y mujeres, cometidos por comuneros ind\u00edgenas. Al respecto, el Movimiento Ind\u00edgena est\u00e1 tomando las medidas pertinentes enfocadas a investigar y judicializar estos casos, a trav\u00e9s de las instancias pertinentes. Igualmente, <strong>RECHAZAMOS<\/strong> y <strong>CONDENAMOS<\/strong>, los actos de violencia sexual que cometen los actores armados ilegales y legales, que en los territorios ind\u00edgenas abusan y emplean como estrategia de guerra el enamoramiento de ni\u00f1as y mujeres de las comunidades. Estos hechos tambi\u00e9n son reprochables y deben ser investigados y juzgados.<\/p>\n<p style=\"text-align: justify;\">3. Es <strong>FALSO<\/strong> afirmar los recursos p\u00fablicos que constitucionalmente son asignados a los Resguardos Ind\u00edgenas, y que corresponden al 0,52% del total del Sistema General de Participaciones-SGP (Ley 715 de 2001), est\u00e1n exentos de los controles fiscales y disciplinarios establecidos en la Constituci\u00f3n y la Ley. Todos los recursos p\u00fablicos est\u00e1n sujetos a plenos controles por parte de la Contralor\u00eda General de la Rep\u00fablica, la Procuradur\u00eda General de la Naci\u00f3n y adicionalmente, a controles institucionales internos.<\/p>\n<p style=\"text-align: justify;\">4. Los derechos reconocidos a los Pueblos Ind\u00edgenas en la Constituci\u00f3n de 1991, en calidad de sujetos pol\u00edticos y de especial protecci\u00f3n, constituyen una piedra angular para la construcci\u00f3n del Estado Social de Derecho, pluralista, multicultural y diverso que se traz\u00f3 en la Asamblea Nacional Constituyente, as\u00ed como un m\u00ednimo reconocimiento a m\u00e1s de quinientos a\u00f1os de vej\u00e1menes, invasi\u00f3n, despojo, discriminaci\u00f3n y tratos como menores de edad o incapaces. A los ind\u00edgenas no nos han regalado nada,<\/p>\n<p style=\"text-align: justify;\">5. <strong>RECHAZAMOS<\/strong> y <strong>ALERTAMOS<\/strong> al Gobierno Nacional y a los Organismos Internacionales de Derechos Humanos sobre la estigmatizaci\u00f3n e informaci\u00f3n viciada sobre el Derecho Fundamental a la Consulta Previa, del que somos titulares los Pueblos Ind\u00edgenas conforme lo establece el Convenio 169 de 1989 de la Organizaci\u00f3n Internacional del Trabajo (OIT), ratificado por Colombia a trav\u00e9s de la Ley 21 de 1991, y la Declaraci\u00f3n de las Naciones Unidas sobre los Derechos de los Pueblos Ind\u00edgenas. La Consulta Previa es una forma de participaci\u00f3n de los grupos \u00e9tnicos que contribuye a la democracia colombiana, no un obst\u00e1culo ni un desangre para las finanzas p\u00fablicas del Estado.<\/p>\n<p style=\"text-align: justify;\">6. Es responsabilidad del Gobierno Nacional, de sus instituciones y del Estado en general informar sobre la verdadera situaci\u00f3n de los Pueblos Ind\u00edgenas, as\u00ed como concretar las pol\u00edticas p\u00fablicas dirigidas a garantizar efectivamente nuestros derechos. El empobrecimiento y discriminaci\u00f3n estructural, la situaci\u00f3n de vulneraci\u00f3n de derechos humanos, la estigmatizaci\u00f3n se\u00f1alamientos y la desterritorializaci\u00f3n hacen parte de la estrategia de quienes han expropiado a sangre y fuego a las comunidades de sus derechos y territorios. El empobrecimiento de los Pueblos y Comunidades Ind\u00edgenas tiene su origen en la negligencia y abandono estatal y social de la cual como Pueblos Originarios hemos sido v\u00edctimas y de actores pol\u00edticos y econ\u00f3micos particulares que pretenden imponer sus intereses econ\u00f3micos, elitistas, racistas y excluyentes.<\/p>\n<p style=\"text-align: justify;\">7. <strong>REITERAMOS<\/strong> que nuestra lucha siempre ha sido pac\u00edfica, pero contundente. No hay vinculaci\u00f3n a ning\u00fan actor armado por parte de la dirigencia ind\u00edgena, siempre hemos sido actores y constructores de paz, que reivindicamos las acciones de paz por encima de la absurda guerra. La Guardia Ind\u00edgena y dem\u00e1s formas de protecci\u00f3n y control territorial propias han sido garant\u00eda de los derechos de las comunidades. <strong>RECHAZAMOS<\/strong> la estigmatizaci\u00f3n y se\u00f1alamientos de la cual est\u00e1n siendo objeto nuestras justas luchas hist\u00f3ricas que ha costado la sangre derramada de nuestros Mayores, l\u00edderes, lideresas y comuneros (as). En efecto, si el Estado cumpliera con su rol, la lucha leg\u00edtima de las comunidades tendr\u00eda otras formas; la \u00fanica arma que empu\u00f1amos es la palabra y la conciencia, el bast\u00f3n de mando, y nuestras propias manos para defender nuestra Madre Tierra.<\/p>\n<p style=\"text-align: justify;\">8. <strong>PROPONEMOS<\/strong> al Pa\u00eds un debate claro, riguroso, honesto, sobre el futuro de nuestros Pueblos y Comunidades Ind\u00edgenas, que constituyen parte de la riqueza humana, cultural y social de Colombia. Es imperativo dialogar de manera directa sobre el rol que nuestros Pueblos Originarios, la Madre Tierra, la vida y el caminar de la palabra tendr\u00e1n en la definici\u00f3n de un pa\u00eds pensando para la terminaci\u00f3n del conflicto armado y la construcci\u00f3n de la <strong>PAZ<\/strong>.<\/p>\n<p style=\"text-align: justify;\">9. <strong>LLAMAMOS<\/strong> a nuestras comunidades a fortalecer el proceso de resistencia y defensa del territorio, de la vida, de la Madre Tierra y de nuestros derechos, reivindicando hoy m\u00e1s que nunca una <strong>PAZ<\/strong> incluyente y duradera en la que los Pueblos Ind\u00edgenas tengamos un lugar.<\/p>\n<p style=\"text-align: justify;\">10. <strong>CONVOCAMOS<\/strong> a desplegar todas las acciones pol\u00edticas, jur\u00eddicas, de incidencia, movilizaci\u00f3n y resistencia, para la defensa y reivindicaci\u00f3n de nuestros derechos, conforme las din\u00e1micas propias de las comunidades y organizaciones ind\u00edgenas.<\/p>\n<p style=\"text-align: justify;\">Finalmente en la rueda de prensa se dio a conocer los Informes de <strong>DDHH<\/strong> de los a\u00f1os 2014 y 2015, informes que se adjuntaron respectivamente con su resumen correspondiente.<\/p>\n<p><em>Ver el comunicado completo en <a href=\"http:\/\/cms.onic.org.co\/2015\/08\/comunicado-a-la-opinion-publica-nacional-e-internacional-2\/\" target=\"_blank\" rel=\"noopener noreferrer\"><strong>Organizaci\u00f3n Nacional Indigenal de Colombiana -ONIC-<\/strong><\/a><\/em><\/p>\n","protected":false},"excerpt":{"rendered":"<p>En la rueda de prensa que se llev\u00f3 a cabo en el auditorio \u2018Kimy Pern\u00eda Domic\u00f3\u2019, el pasado 10 de agosto, los Pueblos, Comunidades y Autoridades Ind\u00edgenas de Colombia, comunicaron su inconformismo frente al trabajo de los medios de comunicaci\u00f3n que han generado desinformaci\u00f3n en contra \u201cdel movimiento social y popular\u201d, como se menciona en [&hellip;]<\/p>\n","protected":false},"author":51,"featured_media":17451,"comment_status":"closed","ping_status":"closed","sticky":false,"template":"","format":"standard","meta":{"_et_pb_use_builder":"","_et_pb_old_content":"","_et_gb_content_width":"","footnotes":""},"categories":[1,16,462,17,20,19,18],"tags":[],"class_list":["post-17450","post","type-post","status-publish","format-standard","has-post-thumbnail","hentry","category-uncategorized","category-conflicto-armado","category-destacado","category-paz","category-seguridad","category-tierras","category-victimas"],"_links":{"self":[{"href":"https:\/\/arcoiris.com.co\/v3\/wp-json\/wp\/v2\/posts\/17450","targetHints":{"allow":["GET"]}}],"collection":[{"href":"https:\/\/arcoiris.com.co\/v3\/wp-json\/wp\/v2\/posts"}],"about":[{"href":"https:\/\/arcoiris.com.co\/v3\/wp-json\/wp\/v2\/types\/post"}],"author":[{"embeddable":true,"href":"https:\/\/arcoiris.com.co\/v3\/wp-json\/wp\/v2\/users\/51"}],"replies":[{"embeddable":true,"href":"https:\/\/arcoiris.com.co\/v3\/wp-json\/wp\/v2\/comments?post=17450"}],"version-history":[{"count":0,"href":"https:\/\/arcoiris.com.co\/v3\/wp-json\/wp\/v2\/posts\/17450\/revisions"}],"wp:featuredmedia":[{"embeddable":true,"href":"https:\/\/arcoiris.com.co\/v3\/wp-json\/wp\/v2\/media\/17451"}],"wp:attachment":[{"href":"https:\/\/arcoiris.com.co\/v3\/wp-json\/wp\/v2\/media?parent=17450"}],"wp:term":[{"taxonomy":"category","embeddable":true,"href":"https:\/\/arcoiris.com.co\/v3\/wp-json\/wp\/v2\/categories?post=17450"},{"taxonomy":"post_tag","embeddable":true,"href":"https:\/\/arcoiris.com.co\/v3\/wp-json\/wp\/v2\/tags?post=17450"}],"curies":[{"name":"wp","href":"https:\/\/api.w.org\/{rel}","templated":true}]}}