{"id":17479,"date":"2015-08-20T15:05:48","date_gmt":"2015-08-20T20:05:48","guid":{"rendered":"https:\/\/arcoiris.com.co\/v3\/?p=17479"},"modified":"2019-08-26T15:08:35","modified_gmt":"2019-08-26T20:08:35","slug":"que-hay-detras-de-la-captura-masiva-de-trece-personas-todos-jovenes","status":"publish","type":"post","link":"https:\/\/arcoiris.com.co\/v3\/2015\/08\/que-hay-detras-de-la-captura-masiva-de-trece-personas-todos-jovenes\/","title":{"rendered":"\u00bfQu\u00e9 hay detr\u00e1s de la captura masiva de trece personas, todos j\u00f3venes?"},"content":{"rendered":"<p style=\"text-align: justify;\"><a href=\"https:\/\/arcoiris.com.co\/v3\/wp-content\/uploads\/2015\/08\/Sin-t\u00edtulo1.png\"><img loading=\"lazy\" decoding=\"async\" class=\"aligncenter wp-image-17480 size-full\" src=\"https:\/\/arcoiris.com.co\/v3\/wp-content\/uploads\/2015\/08\/Sin-t\u00edtulo1.png\" alt=\"Sin t\u00edtulo\" width=\"609\" height=\"421\" srcset=\"https:\/\/arcoiris.com.co\/v3\/wp-content\/uploads\/2015\/08\/Sin-t\u00edtulo1.png 609w, https:\/\/arcoiris.com.co\/v3\/wp-content\/uploads\/2015\/08\/Sin-t\u00edtulo1-300x207.png 300w\" sizes=\"(max-width: 609px) 100vw, 609px\" \/><\/a><\/p>\n<p style=\"text-align: justify;\">Pasa la voz y defiende tus derechos es un programa realizado por m\u00e1s de diez organizaciones y redes, que se encargan de velar por los derechos humanos, es emitido gracias al Canal Capital, televisi\u00f3n m\u00e1s humana.<\/p>\n<p style=\"text-align: justify;\">La transmisi\u00f3n que ver\u00e1 en la parte final tiene como tem\u00e1tica, \u201cNo m\u00e1s falsos positivos judiciales\u201d, en el que se realiza un estudio, balance y an\u00e1lisis de la captura de trece j\u00f3venes, presuntamente vinculados al Ej\u00e9rcito de Liberaci\u00f3n Nacional- ELN- y quienes son culpados por, posiblemente, estar involucrados con los atentados en Bogot\u00e1 a inicios del mes de julio (<em>Ver en <a href=\"http:\/\/www.elespectador.com\/noticias\/judicial\/eln-seria-responsable-de-atentados-bogota-articulo-570038\" target=\"_blank\" rel=\"noopener noreferrer\"><strong>El Espectador<\/strong><\/a> y en <a href=\"http:\/\/www.eltiempo.com\/bogota\/explosion-en-el-norte-de-bogota\/16035782\" target=\"_blank\" rel=\"noopener noreferrer\"><strong>El Tiempo<\/strong><\/a><\/em>). \u201cLos montajes judiciales, m\u00e1s conocidos como falsos positivos judiciales, se han convertido en una pr\u00e1ctica sistem\u00e1tica y generalizada por parte del Estado colombiano para perseguir la labor de los defensores de derechos humanos, l\u00edderes sociales y pol\u00edticos\u201d, as\u00ed lo expresa Manuela Gaviria, presentadora del programa.<\/p>\n<p style=\"text-align: justify;\">Alejandro Quiceno, defensor de derechos humanos, uno de los invitados en esta emisi\u00f3n de \u201cPasa la Voz\u201d afirma que, lo m\u00e1s parad\u00f3jico en este tipo de casos es la manera en que se desarrolla el proceso de investigaci\u00f3n dentro de las fiscal\u00edas, que tiene como base la judicializaci\u00f3n sin fundamentos, resalta de igual manera que es necesario tener un debido proceso antes de hacer un se\u00f1alamiento oficial frente a los medios y frente a la sociedad.<\/p>\n<p style=\"text-align: justify;\">Diana S\u00e1nchez, directora de la asociaci\u00f3n Minga y vocera del programa \u201cSomos defensores\u201d, asegura que, en Colombia este es un comportamiento muy recurrente por parte de la fiscal\u00eda y de los organismos de inteligencia\u2026 durante los dos gobiernos de \u00c1lvaro Uribe V\u00e9lez estos casos (de falsos positivos judiciales) fueron permanentes, masivos y en todo el pa\u00eds se dieron, mencionando el ejemplo en el que en una regi\u00f3n del pa\u00eds se lleg\u00f3 a completar la detenci\u00f3n de cien personas al tiempo.<\/p>\n<p style=\"text-align: justify;\">Es as\u00ed como una de las conclusiones que se desarrollan a lo largo del programa es que la necesidad que tiene un Estado para llegar a detener personas inocentes, es la de un imaginario \u201cenemigo interno\u201d que en la gran mayor\u00eda de casos, por no decir todos, no tienen que ver con lo que se est\u00e1 divulgando en los medios y la opini\u00f3n p\u00fablica.<\/p>\n<p style=\"text-align: justify;\">\u00bfQu\u00e9 hay detr\u00e1s de la captura masiva de trece personas, todos j\u00f3venes, en un contexto de paz, altamente polarizado y en Bogot\u00e1?<\/p>\n<p>Vea a continuaci\u00f3n esta emisi\u00f3n:<\/p>\n<p><iframe loading=\"lazy\" src=\"https:\/\/www.youtube.com\/embed\/PBu3gxweTL4\" width=\"420\" height=\"315\" frameborder=\"0\" allowfullscreen=\"allowfullscreen\"><\/iframe><\/p>\n","protected":false},"excerpt":{"rendered":"<p>Pasa la voz y defiende tus derechos es un programa realizado por m\u00e1s de diez organizaciones y redes, que se encargan de velar por los derechos humanos, es emitido gracias al Canal Capital, televisi\u00f3n m\u00e1s humana. La transmisi\u00f3n que ver\u00e1 en la parte final tiene como tem\u00e1tica, \u201cNo m\u00e1s falsos positivos judiciales\u201d, en el que [&hellip;]<\/p>\n","protected":false},"author":51,"featured_media":17480,"comment_status":"closed","ping_status":"closed","sticky":false,"template":"","format":"standard","meta":{"_et_pb_use_builder":"","_et_pb_old_content":"","_et_gb_content_width":"","footnotes":""},"categories":[1,16,18],"tags":[],"class_list":["post-17479","post","type-post","status-publish","format-standard","has-post-thumbnail","hentry","category-uncategorized","category-conflicto-armado","category-victimas"],"_links":{"self":[{"href":"https:\/\/arcoiris.com.co\/v3\/wp-json\/wp\/v2\/posts\/17479","targetHints":{"allow":["GET"]}}],"collection":[{"href":"https:\/\/arcoiris.com.co\/v3\/wp-json\/wp\/v2\/posts"}],"about":[{"href":"https:\/\/arcoiris.com.co\/v3\/wp-json\/wp\/v2\/types\/post"}],"author":[{"embeddable":true,"href":"https:\/\/arcoiris.com.co\/v3\/wp-json\/wp\/v2\/users\/51"}],"replies":[{"embeddable":true,"href":"https:\/\/arcoiris.com.co\/v3\/wp-json\/wp\/v2\/comments?post=17479"}],"version-history":[{"count":0,"href":"https:\/\/arcoiris.com.co\/v3\/wp-json\/wp\/v2\/posts\/17479\/revisions"}],"wp:featuredmedia":[{"embeddable":true,"href":"https:\/\/arcoiris.com.co\/v3\/wp-json\/wp\/v2\/media\/17480"}],"wp:attachment":[{"href":"https:\/\/arcoiris.com.co\/v3\/wp-json\/wp\/v2\/media?parent=17479"}],"wp:term":[{"taxonomy":"category","embeddable":true,"href":"https:\/\/arcoiris.com.co\/v3\/wp-json\/wp\/v2\/categories?post=17479"},{"taxonomy":"post_tag","embeddable":true,"href":"https:\/\/arcoiris.com.co\/v3\/wp-json\/wp\/v2\/tags?post=17479"}],"curies":[{"name":"wp","href":"https:\/\/api.w.org\/{rel}","templated":true}]}}