{"id":17481,"date":"2015-08-19T17:04:40","date_gmt":"2015-08-19T22:04:40","guid":{"rendered":"https:\/\/arcoiris.com.co\/v3\/?p=17481"},"modified":"2019-08-26T15:08:35","modified_gmt":"2019-08-26T20:08:35","slug":"haremos-de-bogota-la-capital-de-la-paz","status":"publish","type":"post","link":"https:\/\/arcoiris.com.co\/v3\/2015\/08\/haremos-de-bogota-la-capital-de-la-paz\/","title":{"rendered":"\u201cHaremos de Bogot\u00e1 la capital de la paz\u201d"},"content":{"rendered":"<div id=\"attachment_17487\" style=\"width: 630px\" class=\"wp-caption aligncenter\"><a href=\"https:\/\/arcoiris.com.co\/v3\/wp-content\/uploads\/2015\/08\/IMG_0155.jpg\"><img loading=\"lazy\" decoding=\"async\" aria-describedby=\"caption-attachment-17487\" class=\"wp-image-17487 size-large\" src=\"https:\/\/arcoiris.com.co\/v3\/wp-content\/uploads\/2015\/08\/IMG_0155-640x427.jpg\" alt=\"IMG_0155\" width=\"620\" height=\"414\" srcset=\"https:\/\/arcoiris.com.co\/v3\/wp-content\/uploads\/2015\/08\/IMG_0155-640x427.jpg 640w, https:\/\/arcoiris.com.co\/v3\/wp-content\/uploads\/2015\/08\/IMG_0155-300x200.jpg 300w\" sizes=\"(max-width: 620px) 100vw, 620px\" \/><\/a><p id=\"caption-attachment-17487\" class=\"wp-caption-text\">Archivo CNAI<\/p><\/div>\n<p style=\"text-align: justify;\">\u2022 Esta frase resume la identidad entre los prop\u00f3sitos de la candidata Clara L\u00f3pez con los fines esenciales que busca la Corporaci\u00f3n Nuevo Arco iris para la Bogot\u00e1 del pos conflicto.<\/p>\n<p style=\"text-align: justify;\">(Bogot\u00e1 D. C., 19 de Agosto de 2015) La pr\u00f3xima alcaldesa de la ciudad de Bogot\u00e1 tiene el inmenso compromiso de acompa\u00f1ar al Estado Colombiano en la dif\u00edcil transici\u00f3n de la guerra a la paz, una vez se firmen los acuerdos con las insurgencias de las FARC y el ELN.<\/p>\n<p style=\"text-align: justify;\">La ciudad de Bogot\u00e1, al concentrar una poblaci\u00f3n de 8 millones de habitantes que representa aproximadamente un 20% del total nacional y ser la capital a la cual han llegado el mayor n\u00famero de desplazados y v\u00edctimas del conflicto armado, debe incorporar en su plan de desarrollo para los pr\u00f3ximos a\u00f1os, pol\u00edticas p\u00fablicas para el pos conflicto, que tengan en cuenta los actores armados que van a incorporarse a la vida civil en la ciudad, la consolidaci\u00f3n de programas de apoyo y empoderamiento social y productivo de las v\u00edctimas, la re-significaci\u00f3n de los territorios de la sabana afectados por el conflicto, como Sumapaz, as\u00ed como brindar garant\u00edas a todos los nuevos movimientos pol\u00edticos que surjan a la vida civil como expresi\u00f3n de los grupos insurgentes, todo ello acompa\u00f1ado de un nuevo pacto de convivencia de los Bogotanos que mitigue las nuevas violencias urbanas a trav\u00e9s de oportunidades sociales y de una propuesta integral de convivencia y seguridad ciudadana centrada en el respeto de los Derechos Humanos.<\/p>\n<p>FERNANDO HERN\u00c1NDEZ VALENCIA<br \/>\nDirector Ejecutivo<br \/>\nCorporaci\u00f3n Nuevo Arco Iris<\/p>\n<p style=\"text-align: justify;\">Ver el <strong><em><a href=\"https:\/\/arcoiris.com.co\/v3\/wp-content\/uploads\/2015\/08\/Comunicado.pdf\" target=\"_blank\" rel=\"noopener noreferrer\">Comunicado<\/a><\/em><\/strong><\/p>\n","protected":false},"excerpt":{"rendered":"<p>\u2022 Esta frase resume la identidad entre los prop\u00f3sitos de la candidata Clara L\u00f3pez con los fines esenciales que busca la Corporaci\u00f3n Nuevo Arco iris para la Bogot\u00e1 del pos conflicto. (Bogot\u00e1 D. C., 19 de Agosto de 2015) La pr\u00f3xima alcaldesa de la ciudad de Bogot\u00e1 tiene el inmenso compromiso de acompa\u00f1ar al Estado [&hellip;]<\/p>\n","protected":false},"author":51,"featured_media":17483,"comment_status":"closed","ping_status":"closed","sticky":false,"template":"","format":"standard","meta":{"_et_pb_use_builder":"","_et_pb_old_content":"","_et_gb_content_width":"","footnotes":""},"categories":[1,462,38,17,15],"tags":[],"class_list":["post-17481","post","type-post","status-publish","format-standard","has-post-thumbnail","hentry","category-uncategorized","category-destacado","category-elecciones","category-paz","category-politica"],"_links":{"self":[{"href":"https:\/\/arcoiris.com.co\/v3\/wp-json\/wp\/v2\/posts\/17481","targetHints":{"allow":["GET"]}}],"collection":[{"href":"https:\/\/arcoiris.com.co\/v3\/wp-json\/wp\/v2\/posts"}],"about":[{"href":"https:\/\/arcoiris.com.co\/v3\/wp-json\/wp\/v2\/types\/post"}],"author":[{"embeddable":true,"href":"https:\/\/arcoiris.com.co\/v3\/wp-json\/wp\/v2\/users\/51"}],"replies":[{"embeddable":true,"href":"https:\/\/arcoiris.com.co\/v3\/wp-json\/wp\/v2\/comments?post=17481"}],"version-history":[{"count":0,"href":"https:\/\/arcoiris.com.co\/v3\/wp-json\/wp\/v2\/posts\/17481\/revisions"}],"wp:featuredmedia":[{"embeddable":true,"href":"https:\/\/arcoiris.com.co\/v3\/wp-json\/wp\/v2\/media\/17483"}],"wp:attachment":[{"href":"https:\/\/arcoiris.com.co\/v3\/wp-json\/wp\/v2\/media?parent=17481"}],"wp:term":[{"taxonomy":"category","embeddable":true,"href":"https:\/\/arcoiris.com.co\/v3\/wp-json\/wp\/v2\/categories?post=17481"},{"taxonomy":"post_tag","embeddable":true,"href":"https:\/\/arcoiris.com.co\/v3\/wp-json\/wp\/v2\/tags?post=17481"}],"curies":[{"name":"wp","href":"https:\/\/api.w.org\/{rel}","templated":true}]}}