{"id":17517,"date":"2015-08-28T10:45:05","date_gmt":"2015-08-28T15:45:05","guid":{"rendered":"https:\/\/arcoiris.com.co\/v3\/?p=17517"},"modified":"2019-08-26T15:08:34","modified_gmt":"2019-08-26T20:08:34","slug":"las-victimas-su-incidencia-en-las-mesa-de-negociaciones-de-la-habana","status":"publish","type":"post","link":"https:\/\/arcoiris.com.co\/v3\/2015\/08\/las-victimas-su-incidencia-en-las-mesa-de-negociaciones-de-la-habana\/","title":{"rendered":"Las v\u00edctimas, su incidencia en las Mesa de Negociaciones de la Habana"},"content":{"rendered":"<div id=\"attachment_17518\" style=\"width: 260px\" class=\"wp-caption alignleft\"><a href=\"https:\/\/arcoiris.com.co\/v3\/wp-content\/uploads\/2015\/08\/unnamed-foto-perfil.jpg\"><img loading=\"lazy\" decoding=\"async\" aria-describedby=\"caption-attachment-17518\" class=\"size-medium wp-image-17518\" src=\"https:\/\/arcoiris.com.co\/v3\/wp-content\/uploads\/2015\/08\/unnamed-foto-perfil-250x300.jpg\" alt=\"Jessika G\u00f3mez Rodr\u00edguez, Soci\u00f2loga, Magister en investigaci\u00f3n Participativa  \" width=\"250\" height=\"300\" srcset=\"https:\/\/arcoiris.com.co\/v3\/wp-content\/uploads\/2015\/08\/unnamed-foto-perfil-250x300.jpg 250w, https:\/\/arcoiris.com.co\/v3\/wp-content\/uploads\/2015\/08\/unnamed-foto-perfil-533x640.jpg 533w, https:\/\/arcoiris.com.co\/v3\/wp-content\/uploads\/2015\/08\/unnamed-foto-perfil.jpg 650w\" sizes=\"(max-width: 250px) 100vw, 250px\" \/><\/a><p id=\"caption-attachment-17518\" class=\"wp-caption-text\">Jessika G\u00f3mez Rodr\u00edguez, Soci\u00f3loga, Magister en investigaci\u00f3n Participativa<\/p><\/div>\n<p style=\"text-align: justify;\">Colombia est\u00e1 en un punto coyuntural de construir y afianzar la paz, esta paz se construye de\u00a0la mano con\u00a0todos, v\u00edctimas, victimarios, ni\u00f1os, j\u00f3venes, adultos, hombres, mujeres, toda la poblaci\u00f3n, es por esto que la soci\u00f3loga,\u00a0Jessika G\u00f3mez Rodr\u00edguez,\u00a0escribe un documento\u00a0en el que recopila el proceso en la Mesa de Negociaciones de La Habana con un enfoque claro en el tema de v\u00edctimas. Este documento\u00a0es uno de los que se encontrar\u00e1n publicados en la edici\u00f3n N\u00ba 20 de la Revista Arcanos de la Corporaci\u00f3n Nuevo Arco Iris que se lanzar\u00e1 en los pr\u00f3ximos meses.<\/p>\n<p style=\"text-align: justify;\">\u00abLa poblaci\u00f3n colombiana ha vivido por varias d\u00e9cadas los rigores del conflicto armado, las v\u00edctimas ya llegan al 15% de la poblaci\u00f3n Colombiana actual, esto sin contar la di\u00e1spora colombiana en el mundo, cinco millones de colombianos en el exterior, de los cuales 396.633 personas son refugiadas.<\/p>\n<p style=\"text-align: justify;\">El n\u00famero de v\u00edctimas registradas a la fecha es de 7.490.375. Los diferentes hechos victimizantes en el Registro \u00danico de V\u00edctimas son: a) Abandono o despojo de tierras 8.210; b) Desplazamiento forzado 6.300.422; c) Acto terrorista 84.652; d) Amenaza 246.921; e) Delitos contra la integridad 10.540; f) Desaparici\u00f3n forzada 156.583; g) Homicidio 944.626 ; h) Minas Antipersona 13.112; i) P\u00e9rdida de muebles e inmuebles 95.082; j) Secuestro 41.176; k) Tortura 9.570; l) Vinculaci\u00f3n de Ni\u00f1os y adolescentes 8.771.<\/p>\n<p style=\"text-align: justify;\">La participaci\u00f3n de las v\u00edctimas en la Mesa de Negociaciones entre el Gobierno y las Fuerzas Armadas Revolucionarias de Colombia, FARC, en La Habana es el resultado de un arduo trabajo de organizaci\u00f3n, presentaci\u00f3n de propuestas, incidencia pol\u00edtica Nacional e Internacional que le ha permitido a las v\u00edctimas la exigibilidad de sus derechos desde la Ley 387\/97; la Sentencia T025 y sus diferentes autos referidos a la participaci\u00f3n , ahora con la Ley 1448\/2011 con su respectivo monitoreo y seguimiento.<\/p>\n<p style=\"text-align: justify;\">Las v\u00edctimas han participado a lo largo del proceso en dos espacios:<\/p>\n<p style=\"text-align: justify;\">El primer espacio fueron los <strong><em>Foros Regionales y el Foro Nacional<\/em><\/strong> que evidenciaron la diversidad de las v\u00edctimas puesto que para su selecci\u00f3n se tuvieron en cuenta no s\u00f3lo a los diferentes hechos v\u00edctmizantes, sino tambi\u00e9n su pertenencia a un grupo \u00e9tnico o poblacional hist\u00f3ricamente vulnerado, estrato socioecon\u00f3mico, territorio urbano o rural; tambi\u00e9n a los diferentes victimarios. Adem\u00e1s se valor\u00f3 la pertenencia a una organizaci\u00f3n de v\u00edctimas\u2026 La tarea de inclusi\u00f3n de las v\u00edctimas en los foros fue tit\u00e1nica y muchas personas quedaron por fuera y manifestaron su insatisfacci\u00f3n por ello, con marchas y pronunciamientos. En fin en los Foros participaron 3.163 personas recordemos que el universo de v\u00edctimas era de 6.739.978 personas registradas, en ese momento, Agosto 01 de 2014.<\/p>\n<p style=\"text-align: justify;\">El segundo espacio, <em><strong>L<\/strong><\/em><em><strong>as delegaciones de v\u00edctimas a La Habana<\/strong><\/em>, fueron 5 grupos integrados por 12 personas. Una de las condicionantes para participar fue, no ir en calidad de representante de una organizaci\u00f3n (esto desarticulo los procesos organizativos a que las v\u00edctimas pertenecen), pero s\u00ed representar a un hecho v\u00edctimizante, regi\u00f3n espec\u00edfica y tipo de victimario. La presencia de las v\u00edctimas en la negociaci\u00f3n desat\u00f3 una andanada de discusiones en el pa\u00eds sobre el concepto de v\u00edctima, la pertinencia o no del delegado, los gestos, declaraciones y motivaciones de las v\u00edctimas para viajar a la Mesa de Negociaciones. Los pronunciamientos por parte de las FARC, los pol\u00edticos y diferentes sectores sociales estuvieron al orden del d\u00eda.<\/p>\n<p style=\"text-align: justify;\">A lo largo de este documento se podr\u00e1n encontrar puntos destacados e importantes como lo son:<\/p>\n<p style=\"padding-left: 30px; text-align: justify;\">-La agenda de las v\u00edctimas en La Habana en el que en un espacio de 15 minutos las delegaciones de v\u00edctimas en La Habana fueron escuchadas tanto por las FARC como por el Gobierno. Al final de las delegaciones de v\u00edctimas, unas m\u00e1s pol\u00e9micas que otras, respaldaron el proceso de paz y el pa\u00eds se enter\u00f3 de la existencia de v\u00edctimas, aunque fuese solo por un instante. Las v\u00edctimas han dinamizado con sus planteamientos el punto 5 que les corresponde y han tocado otros puntos de la agenda, que ya se han discutido pero que las afecta directa o indirectamente.<\/p>\n<p style=\"text-align: justify; padding-left: 30px;\">-Las discusiones sobre el punto de v\u00edctimas se dieron simult\u00e1neamente en Colombia y en La Habana. Las dificultades en las negociaciones tuvieron eco y consecuencias militares en pa\u00eds, nuevos temas surgieron como el desescalamiento del conflicto, desarme y cambio en el lenguaje, participaci\u00f3n pol\u00edtica de las FARC, convocatoria de un nueva Constituyente para refrendar los acuerdos, justicia transicional para empresarios que financiaron la guerra, militares y para las FARC, cese unilateral al fuego entre otros.<\/p>\n<p style=\"text-align: justify;\">Los avances en el punto de v\u00edctimas hasta ahora son dos, <em><strong>El informe de la Comisi\u00f3n de esclarecimiento del Conflicto<\/strong><\/em> y <em><strong>El acuerdo sobre la creaci\u00f3n de una Comisi\u00f3n de la verdad hist\u00f3rica<\/strong><\/em> que ser\u00e1 un mecanismo independiente e imparcial de car\u00e1cter extra-judicial.<\/p>\n<p style=\"text-align: justify;\">Los desaf\u00edos que presentan las v\u00edctimas es continuar su incidencia pol\u00edtica, tanto en La Habana como en el pa\u00eds en distintos escenarios, en <strong><em>el Nacional<\/em><\/strong> espec\u00edficamente en el Congreso de la Rep\u00fablica, en especial en la Comisi\u00f3n de Paz y en la Comisi\u00f3n de seguimiento congresional a la Ley 1448; A nivel <strong><em>Institucional<\/em><\/strong>, seguir en la implementaci\u00f3n de la Ley 1448 a trav\u00e9s del funcionamiento del Sistema Nacional de Atenci\u00f3n y Reparaci\u00f3n Integral a las V\u00edctimas- SNARIV- a nivel nacional y territorial; A nivel <em><strong>T<\/strong><strong>erritorial e<\/strong><\/em>l enfoque del Gobierno es la paz territorial en la implementaci\u00f3n de los acuerdos que incluya la satisfacci\u00f3n de los derechos de las v\u00edctimas y garantizar los derechos constitucionales a todos los colombianos en el territorio, y A nivel <em><strong>Internacional<\/strong><\/em>\u00a0la presencia de las v\u00edctimas en La Habana ayudo hacer un contrapeso a las fuerzas contrarias al proceso de negociaciones que amenazaba con despedazarse.<\/p>\n<p style=\"text-align: justify;\">Las v\u00edctimas deben proponer la creaci\u00f3n de un sistema de monitoreo y seguimiento a la verificaci\u00f3n de los acuerdos donde ellas tengan representaci\u00f3n para las siguientes fases del proceso de paz, es decir, en la fase 2, fin del conflicto y fase 3 construcci\u00f3n de paz\u00bb.<\/p>\n<p style=\"text-align: center;\"><em><strong>\u00abLa paz se escribe con V de v\u00edctimas en ejercicio de su ciudadan\u00eda en sus territorios\u00bb<\/strong><\/em><\/p>\n<p style=\"text-align: left;\"><em>Ver completo el documento\u00a0en\u00a0<strong><a href=\"https:\/\/arcoiris.com.co\/v3\/wp-content\/uploads\/2015\/08\/Las-v\u00edctimas-su-incidencia-en-la-Mesa-de-Negociaciones-de-La-Habana.pdf\" target=\"_blank\" rel=\"noopener noreferrer\">Las v\u00edctimas, su incidencia en la Mesa de Negociaciones de La Habana<\/a><\/strong><\/em><\/p>\n","protected":false},"excerpt":{"rendered":"<p>Colombia est\u00e1 en un punto coyuntural de construir y afianzar la paz, esta paz se construye de\u00a0la mano con\u00a0todos, v\u00edctimas, victimarios, ni\u00f1os, j\u00f3venes, adultos, hombres, mujeres, toda la poblaci\u00f3n, es por esto que la soci\u00f3loga,\u00a0Jessika G\u00f3mez Rodr\u00edguez,\u00a0escribe un documento\u00a0en el que recopila el proceso en la Mesa de Negociaciones de La Habana con un enfoque [&hellip;]<\/p>\n","protected":false},"author":51,"featured_media":17528,"comment_status":"closed","ping_status":"closed","sticky":false,"template":"","format":"standard","meta":{"_et_pb_use_builder":"","_et_pb_old_content":"","_et_gb_content_width":"","footnotes":""},"categories":[1,16,462,21,17,20,19,18],"tags":[],"class_list":["post-17517","post","type-post","status-publish","format-standard","has-post-thumbnail","hentry","category-uncategorized","category-conflicto-armado","category-destacado","category-justicia","category-paz","category-seguridad","category-tierras","category-victimas"],"_links":{"self":[{"href":"https:\/\/arcoiris.com.co\/v3\/wp-json\/wp\/v2\/posts\/17517","targetHints":{"allow":["GET"]}}],"collection":[{"href":"https:\/\/arcoiris.com.co\/v3\/wp-json\/wp\/v2\/posts"}],"about":[{"href":"https:\/\/arcoiris.com.co\/v3\/wp-json\/wp\/v2\/types\/post"}],"author":[{"embeddable":true,"href":"https:\/\/arcoiris.com.co\/v3\/wp-json\/wp\/v2\/users\/51"}],"replies":[{"embeddable":true,"href":"https:\/\/arcoiris.com.co\/v3\/wp-json\/wp\/v2\/comments?post=17517"}],"version-history":[{"count":0,"href":"https:\/\/arcoiris.com.co\/v3\/wp-json\/wp\/v2\/posts\/17517\/revisions"}],"wp:featuredmedia":[{"embeddable":true,"href":"https:\/\/arcoiris.com.co\/v3\/wp-json\/wp\/v2\/media\/17528"}],"wp:attachment":[{"href":"https:\/\/arcoiris.com.co\/v3\/wp-json\/wp\/v2\/media?parent=17517"}],"wp:term":[{"taxonomy":"category","embeddable":true,"href":"https:\/\/arcoiris.com.co\/v3\/wp-json\/wp\/v2\/categories?post=17517"},{"taxonomy":"post_tag","embeddable":true,"href":"https:\/\/arcoiris.com.co\/v3\/wp-json\/wp\/v2\/tags?post=17517"}],"curies":[{"name":"wp","href":"https:\/\/api.w.org\/{rel}","templated":true}]}}