{"id":17610,"date":"2015-09-08T10:22:00","date_gmt":"2015-09-08T15:22:00","guid":{"rendered":"https:\/\/arcoiris.com.co\/v3\/?p=17610"},"modified":"2019-08-26T15:08:33","modified_gmt":"2019-08-26T20:08:33","slug":"mujeres-construyen-propuestas-para-el-acuerdo-sobre-comision-de-la-verdad","status":"publish","type":"post","link":"https:\/\/arcoiris.com.co\/v3\/2015\/09\/mujeres-construyen-propuestas-para-el-acuerdo-sobre-comision-de-la-verdad\/","title":{"rendered":"Mujeres construyen propuestas para el Acuerdo sobre Comisi\u00f3n de la Verdad"},"content":{"rendered":"<div id=\"attachment_17611\" style=\"width: 630px\" class=\"wp-caption aligncenter\"><a href=\"https:\/\/arcoiris.com.co\/v3\/wp-content\/uploads\/2015\/09\/20227560924_11c048b9e4_z.jpg\"><img loading=\"lazy\" decoding=\"async\" aria-describedby=\"caption-attachment-17611\" class=\"wp-image-17611 size-large\" src=\"https:\/\/arcoiris.com.co\/v3\/wp-content\/uploads\/2015\/09\/20227560924_11c048b9e4_z-640x324.jpg\" alt=\"Foto tomada del portal UN Women Gallery\/ Paneles de discusi\u00f3n \" width=\"620\" height=\"314\" srcset=\"https:\/\/arcoiris.com.co\/v3\/wp-content\/uploads\/2015\/09\/20227560924_11c048b9e4_z.jpg 640w, https:\/\/arcoiris.com.co\/v3\/wp-content\/uploads\/2015\/09\/20227560924_11c048b9e4_z-300x152.jpg 300w\" sizes=\"(max-width: 620px) 100vw, 620px\" \/><\/a><p id=\"caption-attachment-17611\" class=\"wp-caption-text\">Foto tomada del portal UN Women Gallery\/ Paneles de discusi\u00f3n<\/p><\/div>\n<p style=\"text-align: justify;\">Cerca de 120 mujeres de toda Colombia, junto con expertas internacionales y representantes de organizaciones de mujeres del nivel nacional y la cooperaci\u00f3n internacional, se reunieron a finales del mes de agosto en Bogot\u00e1 para el 2\u00ba Encuentro del Ciclo \u201cDerechos de las Mujeres, Justicia Transicional y Construcci\u00f3n de Paz\u201d.<\/p>\n<p style=\"text-align: justify;\">Este segundo encuentro cont\u00f3 con el apoyo de ONU Mujeres, el Fondo de Justicia Transicional del PNUD, Dejusticia, ICTJ y la Cumbre Nacional de Mujeres y Paz, para que por medio de paneles de discusi\u00f3n y mesas de trabajo, las mujeres reunidas dialogaran sobre los desaf\u00edos y apuestas de la Comisi\u00f3n de la Verdad acordada en la Mesa de Conversaciones en La Habana.<\/p>\n<p style=\"text-align: justify;\">Esta reuni\u00f3n se llev\u00f3 a cabo los d\u00edas\u00a027 y 28, d\u00edas en los que se desarrollaron actividades que giraron en torno a experiencias de construcci\u00f3n de memoria en contextos de conflicto y posconflicto y Comisiones de la Verdad con perspectiva de g\u00e9nero, teniendo como antecedente el primer encuentro en los primeros tres d\u00edas del mes de diciembre del 2014 en el que se desarroll\u00f3 la tem\u00e1tica de justicia transicional como oportunidad de transformaci\u00f3n para las mujeres en el contexto de un posible acuerdo de paz en Colombia bajo los ejes de verdad, justicia, reparaci\u00f3n y garant\u00edas de no repetici\u00f3n.<\/p>\n<p style=\"text-align: justify;\">Desde las organizaciones participantes se aportaron varios puntos de inter\u00e9s; Sandra Luna, de la Ruta Pac\u00edfica de las Mujeres, subray\u00f3 la importancia de que la Comisi\u00f3n de la Verdad \u201cparta de la consideraci\u00f3n de la existencia de un continuum de violencias contra las mujeres, que se exacerba bajo la l\u00f3gica del conflicto\u201d. Adriana Benjumea, quien particip\u00f3 en la mesa de instalaci\u00f3n en representaci\u00f3n de la Cumbre Nacional Mujeres y Paz, afirm\u00f3 que \u201cla violencia contra las mujeres no puede darse ni en tiempos de guerra ni en tiempos de paz\u201d. Alison Davidian, especialista en Justicia Transicional para el \u00c1rea de Paz y Seguridad en la sede de ONU Mujeres en Nueva York, expuso su experiencia con las Comisiones de la Verdad en Timor Oriental y Sierra Leona , y las dificultades que enfrentaron: \u201cNos dimos cuenta de que las mujeres no hablaban de lo que les hab\u00eda pasado, toc\u00f3 cambiar la estrategia para lograr que participaran en la Comisi\u00f3n de la Verdad, para conocer su verdad, en este caso fue muy importante el acompa\u00f1amiento psicosocial\u201d. Davidian subray\u00f3 la importancia de que la perspectiva de g\u00e9nero se piense a dos niveles en una Comisi\u00f3n de la Verdad: de manera transversal en todo el trabajo pero tambi\u00e9n con la conformaci\u00f3n de una unidad especializada en g\u00e9nero con recursos suficientes. Sof\u00eda Macher, quien tambi\u00e9n form\u00f3 parte de la Comisi\u00f3n de la Verdad del Per\u00fa, habl\u00f3 de lo que gener\u00f3 en el pa\u00eds ese proceso: \u201cLa Comisi\u00f3n de la Verdad en Per\u00fa supuso dos cosas fundamentales: primero, establecer un inter\u00e9s p\u00fablico por saber qu\u00e9 les hab\u00eda pasado a las v\u00edctimas; segundo, la posibilidad de escuchar voces que hab\u00edan sido acalladas hist\u00f3ricamente\u201d.<\/p>\n<p style=\"text-align: justify;\">As\u00ed con la reciprocidad tambi\u00e9n de mujeres como, Julissa Mantilla, asesora de ONU Mujeres, Bel\u00e9n Sanz, Representante de ONU Mujeres en Colombia es que se afirma que es gran importancia el contrarrestar las desigualdades estructurales que viven las mujeres, destacando la importancia y la necesidad de garantizar consonancia en estos espacios como las recomendaciones, a develar y transformar todos los elementos culturales que favorece la discriminaci\u00f3n y las violencias contra las mujeres, antes, durante y despu\u00e9s de los conflictos.<\/p>\n<p style=\"text-align: justify;\">Para finalizar se establece que este ha sido un espacio para el an\u00e1lisis, la reflexi\u00f3n y la construcci\u00f3n de un documento que ser\u00e1 enviado a la Mesa de Conversaciones con las propuestas, recomendaciones y aportes de las organizaciones de mujeres, organizaciones de v\u00edctimas, l\u00edderes, lideresas, actores institucionales, acad\u00e9micos y organismos multilaterales para la consolidaci\u00f3n de la Comisi\u00f3n de la Verdad.<\/p>\n<p style=\"text-align: center;\"><em>Es necesario \u00abIncorporar un enfoque de g\u00e9nero como un elemento estructural y estructurante de la Comisi\u00f3n de la Verdad, reconociendo la diversidad entre las mujeres, sus identidades y sus organizaciones\u00bb\u00a0Bel\u00e9n Sanz<\/em><\/p>\n<p style=\"text-align: justify;\">A continuaci\u00f3n puede ver el v\u00eddeo de Maria Emma Wills, Asesora del Centro Nacional de Memoria Hist\u00f3rica, en el que\u00a0expresa sus opiniones sobre el papel que pueden cumplir las mujeres en un proceso de transici\u00f3n hacia la paz y consolidaci\u00f3n de la democracia en Colombia.<\/p>\n<p><iframe loading=\"lazy\" src=\"https:\/\/www.youtube.com\/embed\/XM6S5zt6YQo\" width=\"420\" height=\"315\" frameborder=\"0\" allowfullscreen=\"allowfullscreen\"><\/iframe><\/p>\n<p style=\"text-align: left;\">Ver en\u00a0<a href=\"http:\/\/colombia.unwomen.org\/es\/noticias-y-eventos\/articulos\/2015\/08\/mujeres-y-comision-de-la-verdad\" target=\"_blank\" rel=\"noopener noreferrer\"><strong><em>Mujeres de todo el pa\u00eds se encuentran para construir propuestas para el Acuerdo sobre Comisi\u00f3n de la Verdad<\/em><\/strong><\/a><\/p>\n","protected":false},"excerpt":{"rendered":"<p>Cerca de 120 mujeres de toda Colombia, junto con expertas internacionales y representantes de organizaciones de mujeres del nivel nacional y la cooperaci\u00f3n internacional, se reunieron a finales del mes de agosto en Bogot\u00e1 para el 2\u00ba Encuentro del Ciclo \u201cDerechos de las Mujeres, Justicia Transicional y Construcci\u00f3n de Paz\u201d. Este segundo encuentro cont\u00f3 con [&hellip;]<\/p>\n","protected":false},"author":51,"featured_media":17612,"comment_status":"closed","ping_status":"closed","sticky":false,"template":"","format":"standard","meta":{"_et_pb_use_builder":"","_et_pb_old_content":"","_et_gb_content_width":"","footnotes":""},"categories":[1,16,462,34,21,17,20,41,19,18],"tags":[],"class_list":["post-17610","post","type-post","status-publish","format-standard","has-post-thumbnail","hentry","category-uncategorized","category-conflicto-armado","category-destacado","category-fotos","category-justicia","category-paz","category-seguridad","category-territorio-y-desarrollo","category-tierras","category-victimas"],"_links":{"self":[{"href":"https:\/\/arcoiris.com.co\/v3\/wp-json\/wp\/v2\/posts\/17610","targetHints":{"allow":["GET"]}}],"collection":[{"href":"https:\/\/arcoiris.com.co\/v3\/wp-json\/wp\/v2\/posts"}],"about":[{"href":"https:\/\/arcoiris.com.co\/v3\/wp-json\/wp\/v2\/types\/post"}],"author":[{"embeddable":true,"href":"https:\/\/arcoiris.com.co\/v3\/wp-json\/wp\/v2\/users\/51"}],"replies":[{"embeddable":true,"href":"https:\/\/arcoiris.com.co\/v3\/wp-json\/wp\/v2\/comments?post=17610"}],"version-history":[{"count":0,"href":"https:\/\/arcoiris.com.co\/v3\/wp-json\/wp\/v2\/posts\/17610\/revisions"}],"wp:featuredmedia":[{"embeddable":true,"href":"https:\/\/arcoiris.com.co\/v3\/wp-json\/wp\/v2\/media\/17612"}],"wp:attachment":[{"href":"https:\/\/arcoiris.com.co\/v3\/wp-json\/wp\/v2\/media?parent=17610"}],"wp:term":[{"taxonomy":"category","embeddable":true,"href":"https:\/\/arcoiris.com.co\/v3\/wp-json\/wp\/v2\/categories?post=17610"},{"taxonomy":"post_tag","embeddable":true,"href":"https:\/\/arcoiris.com.co\/v3\/wp-json\/wp\/v2\/tags?post=17610"}],"curies":[{"name":"wp","href":"https:\/\/api.w.org\/{rel}","templated":true}]}}