{"id":17697,"date":"2015-09-16T13:48:00","date_gmt":"2015-09-16T18:48:00","guid":{"rendered":"https:\/\/arcoiris.com.co\/v3\/?p=17697"},"modified":"2019-08-26T15:08:31","modified_gmt":"2019-08-26T20:08:31","slug":"comunicado-del-cric-por-detencion-de-feliciano-valencia","status":"publish","type":"post","link":"https:\/\/arcoiris.com.co\/v3\/2015\/09\/comunicado-del-cric-por-detencion-de-feliciano-valencia\/","title":{"rendered":"Comunicado del CRIC por detenci\u00f3n de Feliciano Valencia"},"content":{"rendered":"<div id=\"attachment_17698\" style=\"width: 630px\" class=\"wp-caption aligncenter\"><a href=\"https:\/\/arcoiris.com.co\/v3\/wp-content\/uploads\/2015\/09\/feliciano-valencia-juicio.jpg\"><img loading=\"lazy\" decoding=\"async\" aria-describedby=\"caption-attachment-17698\" class=\"wp-image-17698 size-large\" src=\"https:\/\/arcoiris.com.co\/v3\/wp-content\/uploads\/2015\/09\/feliciano-valencia-juicio-640x480.jpg\" alt=\"Feliciano Valenca, l\u00edder ind\u00edgena, durante un juicio en su contra en la ciudad de Popay\u00e1n. Foto: Colprensa\" width=\"620\" height=\"465\" srcset=\"https:\/\/arcoiris.com.co\/v3\/wp-content\/uploads\/2015\/09\/feliciano-valencia-juicio-640x480.jpg 640w, https:\/\/arcoiris.com.co\/v3\/wp-content\/uploads\/2015\/09\/feliciano-valencia-juicio-300x225.jpg 300w, https:\/\/arcoiris.com.co\/v3\/wp-content\/uploads\/2015\/09\/feliciano-valencia-juicio.jpg 690w\" sizes=\"(max-width: 620px) 100vw, 620px\" \/><\/a><p id=\"caption-attachment-17698\" class=\"wp-caption-text\">Feliciano Valenca, l\u00edder ind\u00edgena, durante un juicio en su contra en la ciudad de Popay\u00e1n.<br \/> Foto: Colprensa<\/p><\/div>\n<p style=\"text-align: justify;\">Feliciano Valencia, l\u00edder Ind\u00edgena nasa, fue capturado este martes 15 de septiembre por el Cuerpo T\u00e9cnico de Investigaci\u00f3n- CTI- de la fiscal\u00eda, en el municipio de Santander de Quilichao, y condenado a 18 a\u00f1os de prisi\u00f3n por el tribunal del Cauca.<\/p>\n<p style=\"text-align: justify;\">El l\u00edder ind\u00edgena es acusado por los delitos de secuestro simple y lesiones personales, por los hechos registrados en el 2008, a\u00f1o en que el\u00a0Cabo del Ej\u00e9rcito, Jairo Danilo Chaparral fue retenido por la comunidad en medio de una protesta ind\u00edgena en el resguardo La Mar\u00eda, debido a que el uniformado se hizo pasar por integrante de una de las mingas. Luego de ser descubierto fue castigado bajo las normas ind\u00edgenas, con varios fuetazos.<\/p>\n<p style=\"text-align: justify;\">En ese entonces, se denunci\u00f3 al l\u00edder pero fue absuelto, al salir la sentencia, el militar apel\u00f3 y hoy, siente a\u00f1os despu\u00e9s se ordena la detenci\u00f3n de Feliciano Valencia, \u00abLas pruebas recaudadas por la Fiscal\u00eda permitieron establecer la responsabilidad del l\u00edder ind\u00edgena en los hechos. Sujetos que ten\u00edan el rostro cubierto, bast\u00f3n de mando y machetes abordaron al Cabo Tercero del Ej\u00e9rcito, Jairo Danilo Chaparral Santiago, a quien obligaron a subir a una camioneta y ante la presencia de 400 ind\u00edgenas lo golpearon y lo trasladan a una vivienda del cabildo, donde permaneci\u00f3 en una jaula, donde permaneci\u00f3 amarrado, vendado y custodiado\u00bb, se\u00f1al\u00f3 la Fiscal\u00eda en un comunicado.<br \/>\n(Ver en <em><strong><a href=\"http:\/\/www.semana.com\/nacion\/articulo\/capturado-feliciano-valencia-en-cauca\/442651-3\" target=\"_blank\" rel=\"noopener noreferrer\">Semana<\/a><\/strong><\/em>)<\/p>\n<p style=\"text-align: justify;\">Debido a esta sentencia, en la red social de Twitter se han hecho varios pronunciamientos de personalidades tales como, \u2018Pastor Alape\u2019 de las Farc (@AlapePastorFARC, Piedad C\u00f3rdoba, Hollman Morris, (Ver en <em><strong><a href=\"http:\/\/www.wradio.com.co\/noticias\/regionales\/piden-libertad-para-feliciano-valencia-condenado-por-secuestro-en-cauca\/20150916\/nota\/2933658.aspx\" target=\"_blank\" rel=\"noopener noreferrer\">W Radio<\/a><\/strong><\/em>), entre comunidades ind\u00edgenas, entidades, movimientos entre otros, pronunciamientos que rechazan este fallo y de igual forma manifiestan su apoyo al publo Nasa.<\/p>\n<p style=\"text-align: justify;\">El CRIC hace p\u00fablico el comunicado a la opini\u00f3n p\u00fablica nacional e internacional, con el prop\u00f3sito de <em>\u00abdefender a la jurisdicci\u00f3n ind\u00edgena \u00a0y a Feliciano Valencia y no permitir el desmonte de la constituci\u00f3n \u00a0pol\u00edtica de Colombia\u00bb.\u00a0<\/em><\/p>\n<p style=\"text-align: justify;\"><em>Ac\u00e1 el comunicado:<\/em><\/p>\n<p style=\"text-align: justify;\">La Consejer\u00eda Mayor del CRIC informa y denuncia ante las autoridades ind\u00edgenas del Cauca y de Colombia, as\u00ed como a los hermanos ind\u00edgenas del mundo y a las organizaciones sociales, y sectores democr\u00e1ticos y comunidad internacional, la detenci\u00f3n realizada en el d\u00eda de hoy de Feliciano Valencia, autoridad de su resguardo en varios periodos, Consejero de nuestra organizaci\u00f3n periodo 2007- 2009, y persona activa en nuestro proceso.<\/p>\n<p style=\"text-align: justify;\">Feliciano Valencia fue detenido el d\u00eda de hoy martes 15 de septiembre de 2015, cuando regresaba a Santander de Quilichao luego de una sesi\u00f3n del programa de educaci\u00f3n en Popay\u00e1n. Se pudo establecer que se trata de una orden de captura del Tribunal Superior de Popay\u00e1n tras revocar el fallo de primera instancia que hab\u00eda declarado a Feliciano inocente respecto a acusaciones por hechos sucedidos en la Mar\u00eda Piendam\u00f3 en el a\u00f1o 2008, en desarrollo de la Minga Ind\u00edgena y Popular. No se conocen los pormenores del fallo, pues no se ha celebrado a la fecha la audiencia de lectura del mismo, pero causa desconcierto que se modifique una sentencia de primera instancia tan clara y contundente.<\/p>\n<p style=\"text-align: justify;\">El caso por el que se imputaron cargos a Feliciano Valencia es, en s\u00ed mismo, una violaci\u00f3n del derecho constitucional a la jurisdicci\u00f3n especial ind\u00edgena ya que, haciendo caso omiso a su existencia, se tipificaron acciones sustanciales a la puesta en pr\u00e1ctica de la misma (detenci\u00f3n, investigaci\u00f3n, juzgamiento, aplicaci\u00f3n de remedio) como acciones delincuenciales. Ser\u00eda un contrasentido que la Constituci\u00f3n haya dado unas funciones a las autoridades ind\u00edgenas para que luego, en el momento en que se ejerzan, sea considerado ello un delito.<\/p>\n<p style=\"text-align: justify;\">La jurisdicci\u00f3n especial ind\u00edgena forma parte constitutiva del Estado Social de Derecho, Multi\u00e9tnico y Pluricultural. El juzgamiento de Feliciano Valencia por presuntos delitos relacionados con el ejercicio de dicha jurisdicci\u00f3n, es un juzgamiento a todos los pueblos ind\u00edgenas de Colombia; en este sentido consideramos que se ha constituido un golpe de Estado contra nuestros derechos constitucionales y que se ha revocado el Tratado de Paz que la Carta Magna del 91 represent\u00f3 en nuestra historia, particularmente para los pueblos ind\u00edgenas.<\/p>\n<p style=\"text-align: justify;\">La Constituci\u00f3n tambi\u00e9n garantiz\u00f3 el derecho a la protesta social la cual hoy se encuentra seriamente amenazada por su judicializaci\u00f3n y criminalizaci\u00f3n como en el caso del Congreso de los pueblos, la marcha patri\u00f3tica y el movimiento ind\u00edgena como en este caso espec\u00edfico de las grandes movilizaciones que realizamos en el a\u00f1o de 2008, y las que hemos venido realizando a lo largo de esta d\u00e9cada.<\/p>\n<p style=\"text-align: justify;\">Las comunidades ind\u00edgenas del Cauca nos declaramos en Asamblea Permanente y llamamos al movimiento ind\u00edgena y social para que estemos listos a defender nuestros derechos y para que no permitamos que, en cambio de avanzar hacia la paz, se avance en una guerra contra las organizaciones sociales y se acabe con el poco Estado social de derecho que va quedando en el pa\u00eds.<\/p>\n<p>Popay\u00e1n, Septiembre 15 de 2015.<br \/>\nHora: 11.30 pm<\/p>\n<p style=\"text-align: center;\"><strong><em>CONSEJO REGIONAL IND\u00cdGENA DEL CAUCA<\/em><\/strong><\/p>\n<p style=\"text-align: left;\">Ver en la p\u00e1gina oficial del <strong><em><a href=\"http:\/\/www.cric-colombia.org\/portal\/comunicado-a-la-opinion-publica-nacional-e-internacional-19\/\" target=\"_blank\" rel=\"noopener noreferrer\">CRIC<br \/>\n<\/a><\/em><\/strong>Ver tambi\u00e9n en\u00a0<strong><em><a href=\"http:\/\/www.colectivodeabogados.org\/noticias\/noticias-nacionales\/article\/defender-a-la-jurisdiccion\" target=\"_blank\" rel=\"noopener noreferrer\">Colectivo de Abogados\u00bbJos\u00e9 Alvear Restrepo\u00bb<\/a><\/em><\/strong><\/p>\n","protected":false},"excerpt":{"rendered":"<p>Feliciano Valencia, l\u00edder Ind\u00edgena nasa, fue capturado este martes 15 de septiembre por el Cuerpo T\u00e9cnico de Investigaci\u00f3n- CTI- de la fiscal\u00eda, en el municipio de Santander de Quilichao, y condenado a 18 a\u00f1os de prisi\u00f3n por el tribunal del Cauca. El l\u00edder ind\u00edgena es acusado por los delitos de secuestro simple y lesiones personales, [&hellip;]<\/p>\n","protected":false},"author":51,"featured_media":17698,"comment_status":"closed","ping_status":"closed","sticky":false,"template":"","format":"standard","meta":{"_et_pb_use_builder":"","_et_pb_old_content":"","_et_gb_content_width":"","footnotes":""},"categories":[16,462,21,3,28,18],"tags":[],"class_list":["post-17697","post","type-post","status-publish","format-standard","has-post-thumbnail","hentry","category-conflicto-armado","category-destacado","category-justicia","category-pais","category-regiones","category-victimas"],"_links":{"self":[{"href":"https:\/\/arcoiris.com.co\/v3\/wp-json\/wp\/v2\/posts\/17697","targetHints":{"allow":["GET"]}}],"collection":[{"href":"https:\/\/arcoiris.com.co\/v3\/wp-json\/wp\/v2\/posts"}],"about":[{"href":"https:\/\/arcoiris.com.co\/v3\/wp-json\/wp\/v2\/types\/post"}],"author":[{"embeddable":true,"href":"https:\/\/arcoiris.com.co\/v3\/wp-json\/wp\/v2\/users\/51"}],"replies":[{"embeddable":true,"href":"https:\/\/arcoiris.com.co\/v3\/wp-json\/wp\/v2\/comments?post=17697"}],"version-history":[{"count":0,"href":"https:\/\/arcoiris.com.co\/v3\/wp-json\/wp\/v2\/posts\/17697\/revisions"}],"wp:featuredmedia":[{"embeddable":true,"href":"https:\/\/arcoiris.com.co\/v3\/wp-json\/wp\/v2\/media\/17698"}],"wp:attachment":[{"href":"https:\/\/arcoiris.com.co\/v3\/wp-json\/wp\/v2\/media?parent=17697"}],"wp:term":[{"taxonomy":"category","embeddable":true,"href":"https:\/\/arcoiris.com.co\/v3\/wp-json\/wp\/v2\/categories?post=17697"},{"taxonomy":"post_tag","embeddable":true,"href":"https:\/\/arcoiris.com.co\/v3\/wp-json\/wp\/v2\/tags?post=17697"}],"curies":[{"name":"wp","href":"https:\/\/api.w.org\/{rel}","templated":true}]}}