{"id":17712,"date":"2015-09-17T16:06:34","date_gmt":"2015-09-17T21:06:34","guid":{"rendered":"https:\/\/arcoiris.com.co\/v3\/?p=17712"},"modified":"2019-08-26T15:08:31","modified_gmt":"2019-08-26T20:08:31","slug":"pronunciamiento-de-academicos-intelectuales-y-activistas-ante-tensiones-en-la-frontera-colombo-venezolana","status":"publish","type":"post","link":"https:\/\/arcoiris.com.co\/v3\/2015\/09\/pronunciamiento-de-academicos-intelectuales-y-activistas-ante-tensiones-en-la-frontera-colombo-venezolana\/","title":{"rendered":"Pronunciamiento de acad\u00e9micos, intelectuales y activistas ante tensiones en la frontera colombo-venezolana"},"content":{"rendered":"<div id=\"attachment_17713\" style=\"width: 541px\" class=\"wp-caption aligncenter\"><a href=\"https:\/\/arcoiris.com.co\/v3\/2015\/09\/pronunciamiento-de-academicos-intelectuales-y-activistas-ante-tensiones-en-la-frontera-colombo-venezolana\/mapafrontera\/\" rel=\"attachment wp-att-17713\"><img loading=\"lazy\" decoding=\"async\" aria-describedby=\"caption-attachment-17713\" class=\"wp-image-17713 size-large\" src=\"https:\/\/arcoiris.com.co\/v3\/wp-content\/uploads\/2015\/09\/MapaFrontera-531x640.jpg\" alt=\"Mapa Frontera Revista Perspectiva.\" width=\"531\" height=\"640\" srcset=\"https:\/\/arcoiris.com.co\/v3\/wp-content\/uploads\/2015\/09\/MapaFrontera-531x640.jpg 531w, https:\/\/arcoiris.com.co\/v3\/wp-content\/uploads\/2015\/09\/MapaFrontera-249x300.jpg 249w, https:\/\/arcoiris.com.co\/v3\/wp-content\/uploads\/2015\/09\/MapaFrontera.jpg 567w\" sizes=\"(max-width: 531px) 100vw, 531px\" \/><\/a><p id=\"caption-attachment-17713\" class=\"wp-caption-text\">Mapa Frontera Revista Perspectiva.<\/p><\/div>\n<p style=\"text-align: justify;\">En torno al tema de las tensiones en la frontera Colombo-Venezolana, se han escuchado, visto y le\u00eddo los pronunciamientos de los mandatarios de cada pa\u00eds, los ministros, las canciller\u00edas y hasta los mismos medios de comunicaci\u00f3n que se han atrevido a plasmar su postura frente a este suceso.<\/p>\n<p style=\"text-align: justify;\">En esta ocasi\u00f3n quienes enuncian su punto de vista, lo declaran y lo firman, son m\u00e1s de setenta acad\u00e9micos, intelectuales y activistas de 17 pa\u00edses, Alemania, Argentina, Austria, Bolivia, Brasil, Chile, Colombia, Cuba, Ecuador, Espa\u00f1a, Estados Unidos, M\u00e9xico, Nicaragua, Panam\u00e1, Per\u00fa, Uruguay y Venezuela, para manifestar que \u201cEn ambos pa\u00edses existen sectores que, por diferentes razones, est\u00e1n interesados en la agudizaci\u00f3n del conflicto. Para ello distorsionan interesadamente los hechos y apelan a una l\u00f3gica amigo-enemigo que amenaza con conducir a una peligrosa profundizaci\u00f3n del conflicto fronterizo\u201d, pidiendo as\u00ed, encontrar \u201cuna salida diplom\u00e1tica de di\u00e1logo en la frontera que permita afrontar los conflictos que afectan a las poblaciones afectadas que conviven en ambos lados de la frontera\u201d.<\/p>\n<p style=\"text-align: justify;\">A continuaci\u00f3n el pronunciamiento:<\/p>\n<p style=\"text-align: justify;\"><strong><em>\u00abApelamos al acompa\u00f1amiento de pa\u00edses hermanos e instancias de di\u00e1logo latinomericano\u00bb<\/em><\/strong><\/p>\n<p style=\"text-align: justify;\">Nosotras y nosotros, los abajo firmantes, acad\u00e9micos, intelectuales y activistas sociales, deploramos la agudizaci\u00f3n del conflicto en la frontera colombo-venezolana, que ha generado profundos impactos econ\u00f3micos y sociales en la poblaci\u00f3n de estos dos pa\u00edses.<\/p>\n<p style=\"text-align: justify;\">Las familias colombianas y venezolanas que habitan de los dos lados de la frontera, son un mismo pueblo que vive dividido por una l\u00ednea imaginaria trazada en los mapas. Han sido sometidos durante d\u00e9cadas a pr\u00e1cticas violentas asociadas al contrabando, narcotr\u00e1fico, el paramilitarismo y la represi\u00f3n estatal. Esta situaci\u00f3n se ha profundizado debido a la dif\u00edcil situaci\u00f3n econ\u00f3mica que atraviesan nuestros pa\u00edses, en un complejo contexto electoral.<\/p>\n<p style=\"text-align: justify;\">En ambos pa\u00edses existen sectores que, por diferentes razones, est\u00e1n interesados en la agudizaci\u00f3n del conflicto. Para ello distorsionan interesadamente los hechos y apelan a una l\u00f3gica amigo-enemigo que amenaza con conducir a una peligrosa profundizaci\u00f3n del conflicto fronterizo.<\/p>\n<p style=\"text-align: justify;\">Los problemas fronterizos entre Colombia y Venezuela son complejos y de larga data. No pueden solucionarse con operativos efectistas, con diversas formas de represi\u00f3n o simplemente con algunas d\u00e1divas correctivas.<\/p>\n<p style=\"text-align: justify;\">Abogamos por una salida diplom\u00e1tica de di\u00e1logo en la frontera que permita afrontar los conflictos que afectan a las poblaciones afectadas que conviven en ambos lados de la frontera. En ese sentido, tambi\u00e9n hacemos un llamado a que contin\u00faen los buenos oficios del gobierno venezolano en el proceso de paz que viene avanzando en Colombia. La posici\u00f3n de garante de Venezuela es una muestra de hermanamiento entre los pueblos para avanzar hacia una vida mejor en la regi\u00f3n.<\/p>\n<p style=\"text-align: justify;\">Emplazamos tambi\u00e9n a los pueblos, gobiernos y movimientos sociales a plantear un debate franco sobre los or\u00edgenes y causas de los diversos problemas que surgen en la frontera colombo-venezolana, debate que pueda contribuir a la restauraci\u00f3n de la confianza y la solidaridad entre los pueblos hermanos. En este sentido, nos resulta fundamental apelar al acompa\u00f1amiento de pa\u00edses hermanos e instancias de di\u00e1logo latinomericano, como la UNASUR o la CELAC.<\/p>\n<h6>15 de septiembre, 2015<br \/>\nAgustin Lao-Montes, University of Massachusetts, Estados Unidos<br \/>\nAlberto Acosta, FLACSO, Ecuador<br \/>\nAlejandra Santillana, Ecuador<br \/>\nAlejandro Pulido, Instituto Nacional Sindical, Colombia<br \/>\nAlejandro Mantilla, Instituto Nacional Sindical, Colombia<br \/>\nAlejandro Alvarez B\u00e9jar, UNAM, M\u00e9xico<br \/>\nAlexandra Berm\u00fadez Osorio, Soci\u00f3loga, Defensora de Derechos Humanos y Ambientalista, Colombia<br \/>\nAlvaro Zerda Sarmiento, Universidad Nacional de Colombia, Colombia<br \/>\nAntonio Elizalde Hevia, Chile<br \/>\nArmando Luis Fern\u00e1ndez Soriano, Fundaci\u00f3n Antonio N\u00fa\u00f1ez Jim\u00e9nez de la Naturaleza y el Hombre \u2013 FANJNH, Cuba<br \/>\nAtawallpa Oviedo Freire, Comunidad Alternativa Sumak<br \/>\nBoris Mara\u00f1\u00f3n, UNAM, M\u00e9xico<br \/>\nCamila Moreno, Brasil<br \/>\nCarlos Vacaflores, Investigador Comunidad de Estudios Jaina, Bolivia<br \/>\nCarlos Crespo Burgos<br \/>\nCarlos Walter Porto-Gon\u00e7alves, Universidad Federal Fluminense, Brasil<br \/>\nCarlos Perez Guartambel, Ecuarinari, Ecuador<br \/>\nCarlos Medina Gallego, Universidad Nacional de Colombia, Colombia<br \/>\nCarolina Ortiz Fern\u00e1ndez, Universidad Nacional Mayor de San Marcos, Per\u00fa<br \/>\nCarolina Jim\u00e9nez, Universidad Nacional de Colombia, Colombia<br \/>\nCatalina Toro P\u00e9rez, Universidad Nacional de Colombia, Colombia<br \/>\nCatherine Walsh, Universidad Andina Sim\u00f3n Bol\u00edvar, Ecuador<br \/>\nCesar Giraldo, Universidad Nacional de Colombia, Colombia<br \/>\nCesar German\u00e1, Universidad Nacional Mayor de San Marcos, Per\u00fa<br \/>\nClaudia Pilar Lizarraga Aranibar, Investigadora Comunidad de Estudios Jaina, Bolivia<br \/>\nDanilo Quijano, Activista derechos de los pueblos ind\u00edgenas, Per\u00fa<br \/>\nDar\u00edo Indalecio Restrepo, Universidad Nacional de Colombia, Colombia<br \/>\nDimitri Defranc Cevallos, Regidor del Ayuntamiento de Sant Cugat del Valles, Catalu\u00f1a<br \/>\nEdgar Novoa, Universidad Nacional de Colombia, Colombia<br \/>\nEdgardo Lander, Universidad Central de Venezuela, Venezuela<br \/>\nEdmilson Brito Rodrigues, Universidad Federal Rural de Amazonia, Brasil<br \/>\nElisa Vega, Bolivia<br \/>\nElizabeth Bravo, Universidad Salesiana, Ecuador<br \/>\nEmiliano Ter\u00e1n Mantovani, Centro de Estudios Latinoamericanos R\u00f3mulo Gallegos (CELARG), Venezuela<br \/>\nEmilio Taddei, Docente, activista social, Argentina<br \/>\nEsperanza Mart\u00ednez, Acci\u00f3n Ecol\u00f3gica, Ecuador<br \/>\nFloresmilo Simba\u00f1a, CONAIE, Ecuador<br \/>\nFrancisco J. Cantamutto, Investigador en Ciencias Sociales, Argentina<br \/>\nFran\u00e7ois Houtart, Profesor en el Instituto de Altos Estudios Nacionales (I.A.E.N.), Fundaci\u00f3n Pueblo Indio del Ecuador, Ecuador<br \/>\nGerhard Dilger, Periodista, Brasil<br \/>\nGerman Palacio, Universidad Nacional de Colombia, Colombia<br \/>\nGregorio Mesa Cuadros, Universidad Nacional de Colombia, Colombia<br \/>\nGuillermo Castro Herrera, Universidad del Saber, Panam\u00e1<br \/>\nGustavo Adolfo Puyo Tamayo, Universidad Nacional de Colombia, Colombia<br \/>\nH\u00e9ctor Alimonda, Universidade Federal Rural do Rio de Janeiro, Brasil<br \/>\nJavier G\u00f3mez, Centro de Estudios para el Desarrollo Laboral y Agrario (CEDLA), Bolivia<br \/>\nJenny Elisa L\u00f3pez, Universidad Nacional de Colombia, Colombia<br \/>\nJulio Qui\u00f1ones, Universidad Nacional de Colombia, Colombia<br \/>\nKlaus Meschkat, Universidad de Hannover, Alemania<br \/>\nLeopoldo Alberto Munera Ruiz, Universidad Nacional de Colombia, Colombia<br \/>\nLizeth C. Vargas Cambero, CECOSESOLA, Venezuela<br \/>\nLucianio Concheiro, Universidad Aut\u00f3noma Metropolitana-Xochimilco, M\u00e9xico<br \/>\nMaguemati H. Wabgou, Universidad Nacional de Colombia, Colombia<br \/>\nMaristella Svampa, Docente, activista, novelista, Argentina<br \/>\nM\u00f3nica Baltodano, Nicaragua<br \/>\nNapole\u00f3n Saltos, Universidad Central de Ecuador, Ecuador<br \/>\nNelsy Lizarazo, Ecuador<br \/>\nOt\u00e1vio Velho, Universidade Federal do Rio de Janeiro, Brasil<br \/>\nPablo Quintero, Universidade Federal do Rio Grande do Sul, Brasil<br \/>\nPablo Ospina Peralta, Universidad Andina Sim\u00f3n Bol\u00edvar, Ecuador<br \/>\nPatricia Pintos, Argentina<br \/>\nRa\u00fal Prada, Colectivo Comuna, Bolivia<br \/>\nRa\u00fal Zibechi, Autor, periodista, Uruguay<br \/>\nRita Segato, Universidad de Brasilia, Brasil<br \/>\nSamuel Araujo, Universidade Federal do Rio de Janeiro, Brasil<br \/>\nSantiago Arconada, Universidad Nacional Experimental Ind\u00edgena del Tauca, Venezuela<br \/>\nTatiana Roa Avenda\u00f1o, Censat-Agua Viva, Colombia<br \/>\nUlrich Brand, Universidad de Viena, Austria<br \/>\nULTeRA (Uni\u00f3n Latinoamericana de Tecnicxs Rurales Y Agrarios, Colombia<br \/>\nVerena Glass, Brasil<br \/>\nVer\u00f3nica Gago, Universidad de Buenos Aires, Argentina<br \/>\nVictor de Currea, Universidad Nacional de Colombia, Colombia<br \/>\nVirginia Vargas Valente, Peru<\/h6>\n<p>Ver en el portal <em><strong><a href=\"http:\/\/www.rebelion.org\/noticia.php?id=203327&amp;titular=%22apelamos-al-acompa%F1amiento-de-pa%EDses-hermanos-e-instancias-de-di%E1logo-latinomericano%22-\" target=\"_blank\" rel=\"noopener noreferrer\">Rebeli\u00f3n<\/a><\/strong><\/em><\/p>\n","protected":false},"excerpt":{"rendered":"<p>En torno al tema de las tensiones en la frontera Colombo-Venezolana, se han escuchado, visto y le\u00eddo los pronunciamientos de los mandatarios de cada pa\u00eds, los ministros, las canciller\u00edas y hasta los mismos medios de comunicaci\u00f3n que se han atrevido a plasmar su postura frente a este suceso. En esta ocasi\u00f3n quienes enuncian su punto [&hellip;]<\/p>\n","protected":false},"author":51,"featured_media":17713,"comment_status":"closed","ping_status":"closed","sticky":false,"template":"","format":"standard","meta":{"_et_pb_use_builder":"","_et_pb_old_content":"","_et_gb_content_width":"","footnotes":""},"categories":[1,462,17,15,20,41,19],"tags":[],"class_list":["post-17712","post","type-post","status-publish","format-standard","has-post-thumbnail","hentry","category-uncategorized","category-destacado","category-paz","category-politica","category-seguridad","category-territorio-y-desarrollo","category-tierras"],"_links":{"self":[{"href":"https:\/\/arcoiris.com.co\/v3\/wp-json\/wp\/v2\/posts\/17712","targetHints":{"allow":["GET"]}}],"collection":[{"href":"https:\/\/arcoiris.com.co\/v3\/wp-json\/wp\/v2\/posts"}],"about":[{"href":"https:\/\/arcoiris.com.co\/v3\/wp-json\/wp\/v2\/types\/post"}],"author":[{"embeddable":true,"href":"https:\/\/arcoiris.com.co\/v3\/wp-json\/wp\/v2\/users\/51"}],"replies":[{"embeddable":true,"href":"https:\/\/arcoiris.com.co\/v3\/wp-json\/wp\/v2\/comments?post=17712"}],"version-history":[{"count":0,"href":"https:\/\/arcoiris.com.co\/v3\/wp-json\/wp\/v2\/posts\/17712\/revisions"}],"wp:featuredmedia":[{"embeddable":true,"href":"https:\/\/arcoiris.com.co\/v3\/wp-json\/wp\/v2\/media\/17713"}],"wp:attachment":[{"href":"https:\/\/arcoiris.com.co\/v3\/wp-json\/wp\/v2\/media?parent=17712"}],"wp:term":[{"taxonomy":"category","embeddable":true,"href":"https:\/\/arcoiris.com.co\/v3\/wp-json\/wp\/v2\/categories?post=17712"},{"taxonomy":"post_tag","embeddable":true,"href":"https:\/\/arcoiris.com.co\/v3\/wp-json\/wp\/v2\/tags?post=17712"}],"curies":[{"name":"wp","href":"https:\/\/api.w.org\/{rel}","templated":true}]}}