{"id":17749,"date":"2015-09-22T16:32:28","date_gmt":"2015-09-22T21:32:28","guid":{"rendered":"https:\/\/arcoiris.com.co\/v3\/?p=17749"},"modified":"2019-08-26T15:08:30","modified_gmt":"2019-08-26T20:08:30","slug":"la-condena-a-feliciano-valencia","status":"publish","type":"post","link":"https:\/\/arcoiris.com.co\/v3\/2015\/09\/la-condena-a-feliciano-valencia\/","title":{"rendered":"La condena a Feliciano Valencia"},"content":{"rendered":"<div id=\"attachment_17750\" style=\"width: 142px\" class=\"wp-caption alignleft\"><a href=\"https:\/\/arcoiris.com.co\/v3\/wp-content\/uploads\/2015\/09\/DSC05549.jpg\"><img loading=\"lazy\" decoding=\"async\" aria-describedby=\"caption-attachment-17750\" class=\"wp-image-17750 \" src=\"https:\/\/arcoiris.com.co\/v3\/wp-content\/uploads\/2015\/09\/DSC05549.jpg\" alt=\"Ignacio Holgu\u00edn, investigador de la Corporaci\u00f3n Nuevo Arco iris\" width=\"132\" height=\"157\" \/><\/a><p id=\"caption-attachment-17750\" class=\"wp-caption-text\">Ignacio Holgu\u00edn<\/p><\/div>\n<p>Antieditorial El Espectador 19 de septiembre<\/p>\n<p style=\"text-align: justify;\">El problema no radica en una reglamentaci\u00f3n. El problema radica en la violaci\u00f3n constante a la Constituci\u00f3n y las Leyes que pretenden proteger a los grupos \u00e9tnicos minoritarios por parte de la Sociedad Mayoritaria y las instituciones del Estado. En el irrespeto permanente de palabra y de hecho a sus costumbres y cosmovisi\u00f3n distintas, pero no mejores ni peores que las oficiales o avaladas por la \u201ccivilizaci\u00f3n occidental\u201d. \u00bfO no fue esto lo que pas\u00f3 con el programa de Los Informantes que maltrat\u00f3 el tema de las licencias ambientales?, \u00bfNo es esto lo que ha pasado con las tierras despojadas a los ind\u00edgenas a ciencia y paciencia de las autoridades creadas para protegernos a todos los colombianos?<\/p>\n<p style=\"text-align: justify;\">El problema radica en que tenemos un ministro de agricultura que proviene de la casta caucana que ha despojado y maltratado a los ind\u00edgenas durante centurias. Y, claro, \u00e9l manda. El problema radica en que tenemos un Estado y Gobierno que interpretan la Constituci\u00f3n seg\u00fan un filtro de intereses que empiezan en las multinacionales y terminan en los grandes terratenientes, pasando, por las castas rentistas y de la especulaci\u00f3n inmobiliaria, entre otros. Y una Corte Constitucional que brill\u00f3 hasta m\u00e1s o menos el a\u00f1o 2005 con sus fallos tutelares de derechos, que ha continuado con menos intensidad y brillo desde entonces su labor protectora de las minor\u00edas, pero no da abasto para tramitar todos los grandes conflictos y ahora se encuentra colonizada en parte por los mismos intereses privados que debe vigilar.<\/p>\n<p style=\"text-align: justify;\">\u00c9stos son los problemas reales y en donde radican las \u201crazones\u201d tras la condena a Feliciano Valencia. La jurisdicci\u00f3n ind\u00edgena necesita ser armonizada, claro, con la legislaci\u00f3n nacional. Pero esos problemas de forma no van a resolver nada mientras los Carlos Angulo (el afro a quien la polic\u00eda requisa por serlo nada m\u00e1s) y los Feliciano Valencia no se sientan seguros de ser tratados como iguales por toda la sociedad y por las instituciones del Estado.<\/p>\n<p style=\"text-align: justify;\">Ver la editorial de <strong><em><a href=\"http:\/\/www.elespectador.com\/opinion\/editorial\/condena-feliciano-valencia-articulo-587316\" target=\"_blank\" rel=\"noopener noreferrer\">El Espectador<\/a><\/em><\/strong><\/p>\n<p style=\"text-align: justify;\">Muchas gracias.<\/p>\n<p style=\"text-align: justify;\">Ignacio Holgu\u00edn A.<br \/>\nInvestigador de la Corporaci\u00f3n Nuevo Arco Iris<\/p>\n","protected":false},"excerpt":{"rendered":"<p>Antieditorial El Espectador 19 de septiembre El problema no radica en una reglamentaci\u00f3n. El problema radica en la violaci\u00f3n constante a la Constituci\u00f3n y las Leyes que pretenden proteger a los grupos \u00e9tnicos minoritarios por parte de la Sociedad Mayoritaria y las instituciones del Estado. En el irrespeto permanente de palabra y de hecho a [&hellip;]<\/p>\n","protected":false},"author":51,"featured_media":17750,"comment_status":"closed","ping_status":"closed","sticky":false,"template":"","format":"standard","meta":{"_et_pb_use_builder":"","_et_pb_old_content":"","_et_gb_content_width":"","footnotes":""},"categories":[1,32,5,462,21,20,18],"tags":[],"class_list":["post-17749","post","type-post","status-publish","format-standard","has-post-thumbnail","hentry","category-uncategorized","category-columnistas","category-comunidad","category-destacado","category-justicia","category-seguridad","category-victimas"],"_links":{"self":[{"href":"https:\/\/arcoiris.com.co\/v3\/wp-json\/wp\/v2\/posts\/17749","targetHints":{"allow":["GET"]}}],"collection":[{"href":"https:\/\/arcoiris.com.co\/v3\/wp-json\/wp\/v2\/posts"}],"about":[{"href":"https:\/\/arcoiris.com.co\/v3\/wp-json\/wp\/v2\/types\/post"}],"author":[{"embeddable":true,"href":"https:\/\/arcoiris.com.co\/v3\/wp-json\/wp\/v2\/users\/51"}],"replies":[{"embeddable":true,"href":"https:\/\/arcoiris.com.co\/v3\/wp-json\/wp\/v2\/comments?post=17749"}],"version-history":[{"count":0,"href":"https:\/\/arcoiris.com.co\/v3\/wp-json\/wp\/v2\/posts\/17749\/revisions"}],"wp:featuredmedia":[{"embeddable":true,"href":"https:\/\/arcoiris.com.co\/v3\/wp-json\/wp\/v2\/media\/17750"}],"wp:attachment":[{"href":"https:\/\/arcoiris.com.co\/v3\/wp-json\/wp\/v2\/media?parent=17749"}],"wp:term":[{"taxonomy":"category","embeddable":true,"href":"https:\/\/arcoiris.com.co\/v3\/wp-json\/wp\/v2\/categories?post=17749"},{"taxonomy":"post_tag","embeddable":true,"href":"https:\/\/arcoiris.com.co\/v3\/wp-json\/wp\/v2\/tags?post=17749"}],"curies":[{"name":"wp","href":"https:\/\/api.w.org\/{rel}","templated":true}]}}