{"id":17763,"date":"2015-09-23T13:45:57","date_gmt":"2015-09-23T18:45:57","guid":{"rendered":"https:\/\/arcoiris.com.co\/v3\/?p=17763"},"modified":"2019-08-26T15:08:30","modified_gmt":"2019-08-26T20:08:30","slug":"justicia-para-la-paz-dificultades-y-retos","status":"publish","type":"post","link":"https:\/\/arcoiris.com.co\/v3\/2015\/09\/justicia-para-la-paz-dificultades-y-retos\/","title":{"rendered":"Justicia para la paz: dificultades y retos"},"content":{"rendered":"<div id=\"attachment_17767\" style=\"width: 630px\" class=\"wp-caption aligncenter\"><a href=\"https:\/\/arcoiris.com.co\/v3\/wp-content\/uploads\/2015\/09\/AgenciaUN_0808_1_41.jpg\"><img loading=\"lazy\" decoding=\"async\" aria-describedby=\"caption-attachment-17767\" class=\"wp-image-17767 size-large\" src=\"https:\/\/arcoiris.com.co\/v3\/wp-content\/uploads\/2015\/09\/AgenciaUN_0808_1_41-640x435.jpg\" alt=\"Foto: Archivo particular. Universidad Nacional\" width=\"620\" height=\"421\" srcset=\"https:\/\/arcoiris.com.co\/v3\/wp-content\/uploads\/2015\/09\/AgenciaUN_0808_1_41-640x435.jpg 640w, https:\/\/arcoiris.com.co\/v3\/wp-content\/uploads\/2015\/09\/AgenciaUN_0808_1_41-300x204.jpg 300w, https:\/\/arcoiris.com.co\/v3\/wp-content\/uploads\/2015\/09\/AgenciaUN_0808_1_41.jpg 1200w\" sizes=\"(max-width: 620px) 100vw, 620px\" \/><\/a><p id=\"caption-attachment-17767\" class=\"wp-caption-text\">Foto: Archivo particular. Universidad Nacional<\/p><\/div>\n<p style=\"text-align: justify;\">Colombia est\u00e1 en un punto trascendental de construir y afianzar la paz, visto que las guerrilas colombianas, Farc-EP y ELN, est\u00e1n aportando al compromiso de la paz y hoy, 23 de septiembre, se tiene una expectativa alta sobre el anuncio del acuerdo sobre justicia transicional entre el Gobierno Nacional y las Fuerzas Armadas Revolucionarias Colombianas.<\/p>\n<p style=\"text-align: justify;\">Es por esto que queremos como Corporaci\u00f3n resaltar el documento escrito por Luis Guillermo P\u00e9rez Casas, presidente del Colectivo de Abogados \u201cJos\u00e9 Alvear Restrepo, documento que se encontrar\u00e1 publicado en la edici\u00f3n N\u00ba 20 de la Revista Arcanos de la Corporaci\u00f3n Nuevo Arco Iris que se lanzar\u00e1 en los pr\u00f3ximos meses.<\/p>\n<p style=\"text-align: justify;\">El conflicto armado que padece Colombia hace m\u00e1s de medio siglo ha producido millones de v\u00edctimas, seg\u00fan las cifras oficiales, que son un subregistro de la barbarie, entre cr\u00edmenes de lesa humanidad, cr\u00edmenes de guerra y graves violaciones de derechos humanos se habr\u00edan producido: 5.3 millones de personas desplazadas forzadamente, 636 mil homicidios, 132 mil amenazados\/as, 76 mil despojados\/as, 93 mil desaparecidos\/as, 30 mil secuestrados\/as, 9.500 prisioneras y prisioneros pol\u00edticos, 54 mil v\u00edctimas de alg\u00fan acto de terrorismo, 10 mil v\u00edctimas directas de minas antipersonas, 6 mil casos de tortura, 6 mil de reclutamiento forzado de ni\u00f1os, ni\u00f1as y adolescentes, 4 mil casos de violencia sexual.<\/p>\n<p style=\"text-align: justify;\">El conflicto armado interno contin\u00faa en medio de la posibilidad de una salida pol\u00edtica negociada a la guerra, en este escenario se reabren las discusiones sobre los costos de la paz, los derechos de las v\u00edctimas, la justicia transicional y que tanta justicia es viable para alcanzar la paz, garantizando m\u00ednimamente los derechos de las v\u00edctimas.<\/p>\n<p style=\"text-align: justify;\">Pareciera que Colombia por fin estar\u00eda cerca de superar la guerra y los largos a\u00f1os de terror que ha padecido. Las conversaciones en la Habana entre el Gobierno y las Fuerzas Armadas Revolucionarias de Colombia, tomaron renovado impulso con la sexta tregua unilateral de las FARC y el acuerdo para el desescalamiento de la guerra, con la esperanza que pronto se inicien los di\u00e1logos con el Ej\u00e9rcito de Liberaci\u00f3n Nacional. Sin embargo no es la primera vez que se intenta terminar por la v\u00eda del di\u00e1logo los conflictos armados, la mayor\u00eda de ellos se han saldado a trav\u00e9s de pactos que han concluido con amnist\u00edas o indultos -63 indultos y 25 amnist\u00edas desde 1820 hasta 2011.<\/p>\n<p style=\"text-align: justify;\">Podr\u00eda afirmarse que ha sido la ausencia de una movilizaci\u00f3n adecuada de la sociedad en defensa de sus derechos y en construcci\u00f3n de la democracia, lo que ha permitido que los escenarios de la violencia se reproduzcan c\u00edclicamente.<\/p>\n<p style=\"text-align: justify;\">Si bien en todo proceso de terminaci\u00f3n de una dictadura o de conflicto armado a trav\u00e9s del di\u00e1logo y la negociaci\u00f3n, suelen pactarse distintas formas de impunidad a trav\u00e9s de lo que ha dado en llamarse justicia transicional, donde se aceptan ciertas formas de verdad, de justicia y de reparaci\u00f3n, lo cierto es que no hay modelos \u00f3ptimos y las v\u00edctimas terminan siendo limitadas en sus derechos, cuando no la sociedad en su conjunto que termina asimilando que\u00a0en aras de la paz,\u00a0 los actores de la guerra gocen de distintos privilegios, los cuales ser\u00e1n m\u00e1s o menos amplios seg\u00fan la correlaci\u00f3n de fuerzas lo determine.<\/p>\n<p style=\"text-align: justify;\">Que los actores armados pretendan la impunidad total frente a sus cr\u00edmenes y quieran imponerlo en una mesa de negociaci\u00f3n es comprensible, porque es muy dif\u00edcil que quien no ha sido vencido en combate ni sometido por el adversario, acepte como culminaci\u00f3n del proceso irse a prisi\u00f3n. Lo que resulta cuestionable es que la sociedad o las comunidades que han sido afectadas en la vulneraci\u00f3n de sus derechos m\u00e1s fundamentales, terminen aceptando que en aras de rendir el poder de las armas, sus verdugos escapen a la justicia, no tengan que redimir sus cr\u00edmenes, ni pedir perd\u00f3n, ni decir la verdad, ni reparar a las v\u00edctimas.<\/p>\n<p>Si bien es cierto en Colombia todos los actores armados han cometido cr\u00edmenes de car\u00e1cter internacional, a la hora de establecer las responsabilidades hist\u00f3ricas frente a los mismos, con las consecuentes cargas de responsabilidad pol\u00edtica y penal, no se puede admitir tratamientos sim\u00e9tricos. Frente a estos cr\u00edmenes, la verdad debe ser la memoria hist\u00f3rica que permita edificar un ethos de la convivencia social que no se resigna al olvido, ni al silencio, ni a la impunidad.<\/p>\n<p style=\"text-align: justify;\">El Estado que se pretende leg\u00edtimo con un orden constitucional y legal que tiene como presupuesto de la convivencia pac\u00edfica el respeto de los derechos humanos y el deber de garante a trav\u00e9s de sus autoridades, en particular con el poder depositado en la fuerza p\u00fablica, no puede pretender ser tratado frente a los cr\u00edmenes de lesa humanidad, cr\u00edmenes de guerra y graves violaciones de derechos humanos, que constituyen pr\u00e1cticas de terrorismo estatal, como se tratar\u00eda a cualquier actor armado de car\u00e1cter irregular. Sin embargo este Estado que no reconoce la dimensi\u00f3n de los cr\u00edmenes que \u00e9l mismo ha provocado o promovido, hoy quiere \u00fanicamente la desmovilizaci\u00f3n de las guerrillas, mientras promueve la impunidad para sus propios agentes.<\/p>\n<p style=\"text-align: justify;\">Pretender desarrollar f\u00f3rmulas jur\u00eddicas para la desmovilizaci\u00f3n de las guerrillas, sin contemplar la desmovilizaci\u00f3n o depuraci\u00f3n del establecimiento criminal incrustado en la econom\u00eda, en la pol\u00edtica y en el Estado, no es una apuesta para la paz, sino para la perpetraci\u00f3n del statu quo y la violencia estructural. Por tanto la paz con garant\u00edas pasa, porque todos los responsables de cr\u00edmenes internacionales contra la poblaci\u00f3n colombiana se sometan a un proceso de justicia transicional.<\/p>\n<p style=\"text-align: justify;\">Ver completo el documento en\u00a0<strong><em><a href=\"https:\/\/arcoiris.com.co\/v3\/wp-content\/uploads\/2015\/09\/justicia-para-la-paz-dificultades-y-retos.pdf\" target=\"_blank\" rel=\"noopener noreferrer\">justicia para la paz dificultades y retos<\/a>\u00a0<\/em><\/strong>para leer\u00a0temas como:<\/p>\n<ul style=\"text-align: justify;\">\n<li style=\"text-align: justify;\">\n<pre>El Marco Jur\u00eddico para la Paz<\/pre>\n<\/li>\n<li style=\"text-align: justify;\">\n<pre>\u00bfLa CPI enemiga del proceso de paz en Colombia?<\/pre>\n<\/li>\n<li style=\"text-align: justify;\">\n<pre>Propuesta de una Comisi\u00f3n Mixta de Alto Nivel de Garant\u00edas de No Repetici\u00f3n<\/pre>\n<\/li>\n<li style=\"text-align: justify;\">\n<pre>La Comisi\u00f3n para el Esclarecimiento de la Verdad, la Convivencia y la no Repetici\u00f3n<\/pre>\n<\/li>\n<li style=\"text-align: justify;\">\n<pre>Hacia un Tribunal Especial de Justicia para la Paz<\/pre>\n<\/li>\n<\/ul>\n<p style=\"text-align: justify;\">Luis Guillermo P\u00e9rez Casas, presidente del\u00a0Colectivo de Abogados \u201cJos\u00e9 Alvear Restrepo<\/p>\n","protected":false},"excerpt":{"rendered":"<p>Colombia est\u00e1 en un punto trascendental de construir y afianzar la paz, visto que las guerrilas colombianas, Farc-EP y ELN, est\u00e1n aportando al compromiso de la paz y hoy, 23 de septiembre, se tiene una expectativa alta sobre el anuncio del acuerdo sobre justicia transicional entre el Gobierno Nacional y las Fuerzas Armadas Revolucionarias Colombianas. [&hellip;]<\/p>\n","protected":false},"author":51,"featured_media":17767,"comment_status":"closed","ping_status":"closed","sticky":false,"template":"","format":"standard","meta":{"_et_pb_use_builder":"","_et_pb_old_content":"","_et_gb_content_width":"","footnotes":""},"categories":[16,462,31,21,17,20,41,19,18],"tags":[],"class_list":["post-17763","post","type-post","status-publish","format-standard","has-post-thumbnail","hentry","category-conflicto-armado","category-destacado","category-documentos","category-justicia","category-paz","category-seguridad","category-territorio-y-desarrollo","category-tierras","category-victimas"],"_links":{"self":[{"href":"https:\/\/arcoiris.com.co\/v3\/wp-json\/wp\/v2\/posts\/17763","targetHints":{"allow":["GET"]}}],"collection":[{"href":"https:\/\/arcoiris.com.co\/v3\/wp-json\/wp\/v2\/posts"}],"about":[{"href":"https:\/\/arcoiris.com.co\/v3\/wp-json\/wp\/v2\/types\/post"}],"author":[{"embeddable":true,"href":"https:\/\/arcoiris.com.co\/v3\/wp-json\/wp\/v2\/users\/51"}],"replies":[{"embeddable":true,"href":"https:\/\/arcoiris.com.co\/v3\/wp-json\/wp\/v2\/comments?post=17763"}],"version-history":[{"count":0,"href":"https:\/\/arcoiris.com.co\/v3\/wp-json\/wp\/v2\/posts\/17763\/revisions"}],"wp:featuredmedia":[{"embeddable":true,"href":"https:\/\/arcoiris.com.co\/v3\/wp-json\/wp\/v2\/media\/17767"}],"wp:attachment":[{"href":"https:\/\/arcoiris.com.co\/v3\/wp-json\/wp\/v2\/media?parent=17763"}],"wp:term":[{"taxonomy":"category","embeddable":true,"href":"https:\/\/arcoiris.com.co\/v3\/wp-json\/wp\/v2\/categories?post=17763"},{"taxonomy":"post_tag","embeddable":true,"href":"https:\/\/arcoiris.com.co\/v3\/wp-json\/wp\/v2\/tags?post=17763"}],"curies":[{"name":"wp","href":"https:\/\/api.w.org\/{rel}","templated":true}]}}