{"id":17778,"date":"2015-09-23T16:55:03","date_gmt":"2015-09-23T21:55:03","guid":{"rendered":"https:\/\/arcoiris.com.co\/v3\/?p=17778"},"modified":"2019-08-26T15:08:29","modified_gmt":"2019-08-26T20:08:29","slug":"en-hora-buena-el-tren-de-la-paz-se-acerca-a-su-destino","status":"publish","type":"post","link":"https:\/\/arcoiris.com.co\/v3\/2015\/09\/en-hora-buena-el-tren-de-la-paz-se-acerca-a-su-destino\/","title":{"rendered":"En hora buena, el tren de la paz se acerca a su destino"},"content":{"rendered":"<p style=\"text-align: justify;\"><strong><em><a href=\"https:\/\/arcoiris.com.co\/v3\/wp-content\/uploads\/2014\/10\/Logo_Arco-Iris.jpg\"><img loading=\"lazy\" decoding=\"async\" class=\"aligncenter wp-image-15826 size-medium\" src=\"https:\/\/arcoiris.com.co\/v3\/wp-content\/uploads\/2014\/10\/Logo_Arco-Iris-300x276.jpg\" alt=\"Logo_Arco Iris\" width=\"300\" height=\"276\" srcset=\"https:\/\/arcoiris.com.co\/v3\/wp-content\/uploads\/2014\/10\/Logo_Arco-Iris-300x276.jpg 300w, https:\/\/arcoiris.com.co\/v3\/wp-content\/uploads\/2014\/10\/Logo_Arco-Iris-640x589.jpg 640w, https:\/\/arcoiris.com.co\/v3\/wp-content\/uploads\/2014\/10\/Logo_Arco-Iris.jpg 724w\" sizes=\"(max-width: 300px) 100vw, 300px\" \/><\/a><br \/>\nACUERDO SOBRE JUSTICIA EN LA HABANA. EL RECONOCIMIENTO PLENO DEL DELITO POLITICO PARA LA INSURGENCIA Y EL DERECHO DE LAS VICTIMAS A LA VERDAD, LA JUSTICIA Y LA REPARACION DE TODOS LOS ACTORES DEL CONFLICTO<\/em><\/strong><\/p>\n<p style=\"text-align: justify;\">Con base en estas dos premisas se construy\u00f3 el acuerdo sobre justicia en la mesa de La Habana entre el Gobierno colombiano y las FARC. Como bien lo se\u00f1al\u00f3 el reconocido jurista, Luis Guillermo P\u00e9rez, del colectivo Jos\u00e9 Alvear Restrepo (ver art\u00edculo en la p\u00e1gina de la CNAI <strong><em><a href=\"https:\/\/arcoiris.com.co\/v3\/2015\/09\/justicia-para-la-paz-dificultades-y-retos\/\" target=\"_blank\" rel=\"noopener noreferrer\">Justicia para la paz: dificultades y retos<\/a><\/em><\/strong>), los puntos de tensi\u00f3n entre los negociadores y su equipo de asesores es buscar la f\u00f3rmula id\u00f3nea para conciliar dos m\u00e1ximos \u00e9ticos y morales de una sociedad dividida por el conflicto.<\/p>\n<p style=\"text-align: justify;\">De un lado las v\u00edctimas y las organizaciones de DD HH y DIH, que han exigido de parte del Estado, las guerrillas y los paramilitares, el pleno reconocimiento de sus derechos, en los acuerdos a los que se lleguen, sobre la base que el sistema de integral de verdad, justicia, reparaci\u00f3n y no repetici\u00f3n, sea el marco de todo lo que se pacte en materia de justicia por parte de los actores que hoy negocian la paz para Colombia, como lo plantea el Colectivo de Abogados, Jos\u00e9 Alvear Restrepo: Constituir lo antes posible una Comisi\u00f3n de alto nivel de garant\u00edas de no repetici\u00f3n para contribuir a que prospere la negociaci\u00f3n pol\u00edtica del conflicto armado interno y para asegurar la veedur\u00eda en el postconflicto armado.<\/p>\n<p style=\"text-align: justify;\">De otro lado la insurgencia de las FARC que desde el inicio de los di\u00e1logos con el gobierno de Juan Manuel Santos, ha reivindicado su derecho universal a la rebeli\u00f3n consagrada en todos los tratados internacionales de Derecho Internacional Humanitario y la raz\u00f3n hist\u00f3rica que le ha asistido. La guerrilla siempre ha expresado que \u201cel delito pol\u00edtico en Colombia tiene ocurrencia cuando se atenta contra el r\u00e9gimen constitucional y legal vigente en b\u00fasqueda de un nuevo orden, resultando un imposible jur\u00eddico predicar de tales conductas su adecuaci\u00f3n al delito com\u00fan\u201d.<\/p>\n<p style=\"text-align: justify;\">Pues bien estas dos concepciones del derecho se lograran armonizar a trav\u00e9s de la creaci\u00f3n de la Comisi\u00f3n de la Verdad Hist\u00f3rica y del Tribunal Espacial para la Paz de car\u00e1cter mixto nacional e internacional, que es la propuesta de justicia transicional que han aceptado las FARC y el gobierno Colombiano;\u00a0 y que hoy anuncian desde Cuba el presidente Juan Manuel Santos y Timochenco, m\u00e1ximo comandante de las FARC. <strong>En hora buena, el tren de la paz se acerca a su destino.<\/strong><\/p>\n<p style=\"text-align: justify;\"><strong>\u00a0<\/strong><\/p>\n<p>Julio C\u00e9sar Arenas<br \/>\nInvestigador de la Corporaci\u00f3n Nuevo Arco Iris<\/p>\n","protected":false},"excerpt":{"rendered":"<p>ACUERDO SOBRE JUSTICIA EN LA HABANA. EL RECONOCIMIENTO PLENO DEL DELITO POLITICO PARA LA INSURGENCIA Y EL DERECHO DE LAS VICTIMAS A LA VERDAD, LA JUSTICIA Y LA REPARACION DE TODOS LOS ACTORES DEL CONFLICTO Con base en estas dos premisas se construy\u00f3 el acuerdo sobre justicia en la mesa de La Habana entre el [&hellip;]<\/p>\n","protected":false},"author":51,"featured_media":15826,"comment_status":"closed","ping_status":"closed","sticky":false,"template":"","format":"standard","meta":{"_et_pb_use_builder":"","_et_pb_old_content":"","_et_gb_content_width":"","footnotes":""},"categories":[1,16,462,21,17,18],"tags":[],"class_list":["post-17778","post","type-post","status-publish","format-standard","has-post-thumbnail","hentry","category-uncategorized","category-conflicto-armado","category-destacado","category-justicia","category-paz","category-victimas"],"_links":{"self":[{"href":"https:\/\/arcoiris.com.co\/v3\/wp-json\/wp\/v2\/posts\/17778","targetHints":{"allow":["GET"]}}],"collection":[{"href":"https:\/\/arcoiris.com.co\/v3\/wp-json\/wp\/v2\/posts"}],"about":[{"href":"https:\/\/arcoiris.com.co\/v3\/wp-json\/wp\/v2\/types\/post"}],"author":[{"embeddable":true,"href":"https:\/\/arcoiris.com.co\/v3\/wp-json\/wp\/v2\/users\/51"}],"replies":[{"embeddable":true,"href":"https:\/\/arcoiris.com.co\/v3\/wp-json\/wp\/v2\/comments?post=17778"}],"version-history":[{"count":0,"href":"https:\/\/arcoiris.com.co\/v3\/wp-json\/wp\/v2\/posts\/17778\/revisions"}],"wp:featuredmedia":[{"embeddable":true,"href":"https:\/\/arcoiris.com.co\/v3\/wp-json\/wp\/v2\/media\/15826"}],"wp:attachment":[{"href":"https:\/\/arcoiris.com.co\/v3\/wp-json\/wp\/v2\/media?parent=17778"}],"wp:term":[{"taxonomy":"category","embeddable":true,"href":"https:\/\/arcoiris.com.co\/v3\/wp-json\/wp\/v2\/categories?post=17778"},{"taxonomy":"post_tag","embeddable":true,"href":"https:\/\/arcoiris.com.co\/v3\/wp-json\/wp\/v2\/tags?post=17778"}],"curies":[{"name":"wp","href":"https:\/\/api.w.org\/{rel}","templated":true}]}}