{"id":17793,"date":"2015-09-25T16:19:42","date_gmt":"2015-09-25T21:19:42","guid":{"rendered":"https:\/\/arcoiris.com.co\/v3\/?p=17793"},"modified":"2019-08-26T15:08:29","modified_gmt":"2019-08-26T20:08:29","slug":"denuncia-de-paramilitarismo-en-norte-de-santander","status":"publish","type":"post","link":"https:\/\/arcoiris.com.co\/v3\/2015\/09\/denuncia-de-paramilitarismo-en-norte-de-santander\/","title":{"rendered":"Denuncia de paramilitarismo en Norte de Santander"},"content":{"rendered":"<p style=\"text-align: justify;\"><a href=\"https:\/\/arcoiris.com.co\/v3\/wp-content\/uploads\/2015\/09\/Sin-t\u00edtulo2.png\"><img loading=\"lazy\" decoding=\"async\" class=\"aligncenter size-large wp-image-17794\" src=\"https:\/\/arcoiris.com.co\/v3\/wp-content\/uploads\/2015\/09\/Sin-t\u00edtulo2-640x294.png\" alt=\"Sin t\u00edtulo\" width=\"620\" height=\"285\" srcset=\"https:\/\/arcoiris.com.co\/v3\/wp-content\/uploads\/2015\/09\/Sin-t\u00edtulo2-640x294.png 640w, https:\/\/arcoiris.com.co\/v3\/wp-content\/uploads\/2015\/09\/Sin-t\u00edtulo2-300x138.png 300w, https:\/\/arcoiris.com.co\/v3\/wp-content\/uploads\/2015\/09\/Sin-t\u00edtulo2.png 749w\" sizes=\"(max-width: 620px) 100vw, 620px\" \/><\/a><br \/>\nCon el prop\u00f3sito de proteger la vida de los habitantes de algunas zonas de los sectores rurales del noroeste del pa\u00eds, las organizaciones Fundaci\u00f3n Progresar y La Alianza, nos hacen llegar una Acci\u00f3n Urgente en la que denuncian que estas zonas est\u00e1n siendo objeto de hostigamientos por parte de grupos paramilitares.<\/p>\n<p style=\"text-align: justify;\">Ante la gravedad de los hechos que han venido ocurriendo en la ciudad de C\u00facuta y los municipios del Zulia y Puerto Santander; La Alianza que es la uni\u00f3n de organizaciones sociales sindicales, campesinas, \u00e9tnicas, LGBT, comunitarias y de desarrollo en conjunto con la Fundaci\u00f3n Progresar, en su condici\u00f3n de Organizaci\u00f3n No Gubernamental dedicada a la defensa, promoci\u00f3n y protecci\u00f3n de los Derechos Humanos en Norte de Santander emiten la denuncia p\u00fablica que contempla diez puntos.<\/p>\n<p style=\"text-align: justify;\">Entre esos puntos est\u00e1n denuncias de homicidios, amenazas, extorsiones y cierre de v\u00edas de acceso como caminos y carreteras, por parte de estos grupos que se han identificado en algunas zonas como Autodefensas Gaitanistas, Urabe\u00f1os y\/o Rastrojos, de igual forma la manera en que se han replegado en el \u00e1rea metropolitana de C\u00facuta, como una forma de evadir la persecuci\u00f3n gubernamental y una clara evidencia de hombres armados con vestimenta militar haciendo actividades de control territorial, entre otros temas de denuncias en la Acci\u00f3n.<\/p>\n<p>Ver la denuncia completa en <strong><em><a href=\"https:\/\/arcoiris.com.co\/v3\/wp-content\/uploads\/2015\/09\/ACCI\u00d3N-URGENTE.pdf\" target=\"_blank\" rel=\"noopener noreferrer\">ACCI\u00d3N URGENTE<\/a>\u00a0<\/em><\/strong><\/p>\n","protected":false},"excerpt":{"rendered":"<p>Con el prop\u00f3sito de proteger la vida de los habitantes de algunas zonas de los sectores rurales del noroeste del pa\u00eds, las organizaciones Fundaci\u00f3n Progresar y La Alianza, nos hacen llegar una Acci\u00f3n Urgente en la que denuncian que estas zonas est\u00e1n siendo objeto de hostigamientos por parte de grupos paramilitares. Ante la gravedad de [&hellip;]<\/p>\n","protected":false},"author":51,"featured_media":17794,"comment_status":"closed","ping_status":"closed","sticky":false,"template":"","format":"standard","meta":{"_et_pb_use_builder":"","_et_pb_old_content":"","_et_gb_content_width":"","footnotes":""},"categories":[1,16,462,20,19,18],"tags":[],"class_list":["post-17793","post","type-post","status-publish","format-standard","has-post-thumbnail","hentry","category-uncategorized","category-conflicto-armado","category-destacado","category-seguridad","category-tierras","category-victimas"],"_links":{"self":[{"href":"https:\/\/arcoiris.com.co\/v3\/wp-json\/wp\/v2\/posts\/17793","targetHints":{"allow":["GET"]}}],"collection":[{"href":"https:\/\/arcoiris.com.co\/v3\/wp-json\/wp\/v2\/posts"}],"about":[{"href":"https:\/\/arcoiris.com.co\/v3\/wp-json\/wp\/v2\/types\/post"}],"author":[{"embeddable":true,"href":"https:\/\/arcoiris.com.co\/v3\/wp-json\/wp\/v2\/users\/51"}],"replies":[{"embeddable":true,"href":"https:\/\/arcoiris.com.co\/v3\/wp-json\/wp\/v2\/comments?post=17793"}],"version-history":[{"count":0,"href":"https:\/\/arcoiris.com.co\/v3\/wp-json\/wp\/v2\/posts\/17793\/revisions"}],"wp:featuredmedia":[{"embeddable":true,"href":"https:\/\/arcoiris.com.co\/v3\/wp-json\/wp\/v2\/media\/17794"}],"wp:attachment":[{"href":"https:\/\/arcoiris.com.co\/v3\/wp-json\/wp\/v2\/media?parent=17793"}],"wp:term":[{"taxonomy":"category","embeddable":true,"href":"https:\/\/arcoiris.com.co\/v3\/wp-json\/wp\/v2\/categories?post=17793"},{"taxonomy":"post_tag","embeddable":true,"href":"https:\/\/arcoiris.com.co\/v3\/wp-json\/wp\/v2\/tags?post=17793"}],"curies":[{"name":"wp","href":"https:\/\/api.w.org\/{rel}","templated":true}]}}