{"id":17813,"date":"2015-09-28T12:53:44","date_gmt":"2015-09-28T17:53:44","guid":{"rendered":"https:\/\/arcoiris.com.co\/v3\/?p=17813"},"modified":"2019-08-26T15:08:29","modified_gmt":"2019-08-26T20:08:29","slug":"resultado-de-encuesta-sentencia-a-lider-indigena","status":"publish","type":"post","link":"https:\/\/arcoiris.com.co\/v3\/2015\/09\/resultado-de-encuesta-sentencia-a-lider-indigena\/","title":{"rendered":"Resultado de Encuesta: Sentencia a l\u00edder Ind\u00edgena"},"content":{"rendered":"<p>En la semana del 21\u00a0al 28 de septiembre, la Corporaci\u00f3n Nuevo Arco Iris contin\u00faa con\u00a0la encuesta virtual, que se rota semanalmente.<\/p>\n<p>Esta semana la pregunta se focaliz\u00f3 bajo el tema de la condena que la fiscal\u00eda, en el municipio de Santander de Quilichao, (Ver <a href=\"https:\/\/arcoiris.com.co\/v3\/2015\/09\/comunicado-del-cric-por-detencion-de-feliciano-valencia\/\" target=\"_blank\" rel=\"noopener noreferrer\">Comunicado del CRIC por detenci\u00f3n de Feliciano Valencia<\/a>) le puso al l\u00edder ind\u00edgena nasa.<\/p>\n<p>Arrojando los siguientes resultados:\u00a0[poll id=\u00bb5&#8243;]\n<p>&nbsp;<\/p>\n<p>Esperamos que todos participen de la encuesta cada semana, la que\u00a0encuentran en la parte superior de la barra lateral izquierda de la p\u00e1gina.<\/p>\n<p>\u00a1Gracias a todos!<\/p>\n<p>&nbsp;<\/p>\n","protected":false},"excerpt":{"rendered":"<p>En la semana del 21\u00a0al 28 de septiembre, la Corporaci\u00f3n Nuevo Arco Iris contin\u00faa con\u00a0la encuesta virtual, que se rota semanalmente. Esta semana la pregunta se focaliz\u00f3 bajo el tema de la condena que la fiscal\u00eda, en el municipio de Santander de Quilichao, (Ver Comunicado del CRIC por detenci\u00f3n de Feliciano Valencia) le puso al [&hellip;]<\/p>\n","protected":false},"author":51,"featured_media":0,"comment_status":"closed","ping_status":"closed","sticky":false,"template":"","format":"standard","meta":{"_et_pb_use_builder":"","_et_pb_old_content":"","_et_gb_content_width":"","footnotes":""},"categories":[1,626],"tags":[],"class_list":["post-17813","post","type-post","status-publish","format-standard","hentry","category-uncategorized","category-encuesta-semanal"],"_links":{"self":[{"href":"https:\/\/arcoiris.com.co\/v3\/wp-json\/wp\/v2\/posts\/17813","targetHints":{"allow":["GET"]}}],"collection":[{"href":"https:\/\/arcoiris.com.co\/v3\/wp-json\/wp\/v2\/posts"}],"about":[{"href":"https:\/\/arcoiris.com.co\/v3\/wp-json\/wp\/v2\/types\/post"}],"author":[{"embeddable":true,"href":"https:\/\/arcoiris.com.co\/v3\/wp-json\/wp\/v2\/users\/51"}],"replies":[{"embeddable":true,"href":"https:\/\/arcoiris.com.co\/v3\/wp-json\/wp\/v2\/comments?post=17813"}],"version-history":[{"count":0,"href":"https:\/\/arcoiris.com.co\/v3\/wp-json\/wp\/v2\/posts\/17813\/revisions"}],"wp:attachment":[{"href":"https:\/\/arcoiris.com.co\/v3\/wp-json\/wp\/v2\/media?parent=17813"}],"wp:term":[{"taxonomy":"category","embeddable":true,"href":"https:\/\/arcoiris.com.co\/v3\/wp-json\/wp\/v2\/categories?post=17813"},{"taxonomy":"post_tag","embeddable":true,"href":"https:\/\/arcoiris.com.co\/v3\/wp-json\/wp\/v2\/tags?post=17813"}],"curies":[{"name":"wp","href":"https:\/\/api.w.org\/{rel}","templated":true}]}}