{"id":17851,"date":"2015-10-02T14:31:31","date_gmt":"2015-10-02T19:31:31","guid":{"rendered":"https:\/\/arcoiris.com.co\/v3\/?p=17851"},"modified":"2019-08-26T15:08:27","modified_gmt":"2019-08-26T20:08:27","slug":"avances-en-las-conversaciones-de-paz-y-desafios-posteriores-a-los-conflictos","status":"publish","type":"post","link":"https:\/\/arcoiris.com.co\/v3\/2015\/10\/avances-en-las-conversaciones-de-paz-y-desafios-posteriores-a-los-conflictos\/","title":{"rendered":"Avances en las conversaciones de paz y desaf\u00edos posteriores a los conflictos"},"content":{"rendered":"<div id=\"attachment_17852\" style=\"width: 302px\" class=\"wp-caption aligncenter\"><a href=\"https:\/\/arcoiris.com.co\/v3\/wp-content\/uploads\/2015\/10\/Hern\u00e1n.png\"><img loading=\"lazy\" decoding=\"async\" aria-describedby=\"caption-attachment-17852\" class=\"size-medium wp-image-17852\" src=\"https:\/\/arcoiris.com.co\/v3\/wp-content\/uploads\/2015\/10\/Hern\u00e1n-292x300.png\" alt=\"Hern\u00e1n Pedraza\" width=\"292\" height=\"300\" srcset=\"https:\/\/arcoiris.com.co\/v3\/wp-content\/uploads\/2015\/10\/Hern\u00e1n-292x300.png 292w, https:\/\/arcoiris.com.co\/v3\/wp-content\/uploads\/2015\/10\/Hern\u00e1n-622x640.png 622w, https:\/\/arcoiris.com.co\/v3\/wp-content\/uploads\/2015\/10\/Hern\u00e1n.png 661w\" sizes=\"(max-width: 292px) 100vw, 292px\" \/><\/a><p id=\"caption-attachment-17852\" class=\"wp-caption-text\">Hern\u00e1n Pedraza<\/p><\/div>\n<p style=\"text-align: justify;\">Hern\u00e1n Pedraza Saravia, investigador del Observatorio Conflicto Armado y Post-Conflicto \u00a0-OCAP- de la Corporaci\u00f3n Nuevo Arco Iris \u2013CNAI- participar\u00e1 en la conferencia \u201cLos avances en las conversaciones de paz y desaf\u00edos posteriores a los conflictos\u201d en horas de la noche desde Estados Unidos.<\/p>\n<p style=\"text-align: justify;\">En la conferencia que dar\u00e1 lugar en la ciudad de nueva york, Cranberry 2802 42o Rd, LIC, NY 11101, a las siete de la noche, se abordar\u00e1n dos temas, el primero consiste en los Avances que han logrado las conversaciones en La Habana, entre el Gobierno y las FARC, haciendo \u00e9nfasis en los temas de, tierras, narcotr\u00e1fico, participaci\u00f3n pol\u00edtica y justicia transicional incluyendo el estado actual de las negociaciones preliminares con el ELN en Quito. Segundo, los problemas sustanciales del Proceso de Paz en el postconflicto como direcci\u00f3n, seguridad, garant\u00edas y protecci\u00f3n de los reinsertados, enlaz\u00e1ndolo con la forma de abordar los problemas de las comunidades afectadas por la violencia en el pa\u00eds.<\/p>\n<p style=\"text-align: justify;\">Hern\u00e1n Pedraza ha participado en las investigaciones de la parapol\u00edtica en la costa del Atl\u00e1ntico y los v\u00ednculos del DAS con los jefes del paramilitarismo. Particip\u00f3 en la investigaci\u00f3n sobre la Costa Atl\u00e1ntica para el libro \u00abLa Econom\u00eda de los paramilitares\u00bb y \u00abSindicalismo Asesinado\u00bb. Actualmente se encuentra trabajando en un proyecto sobre las redes pol\u00edticas vinculadas a los actores ilegales.<\/p>\n<p style=\"text-align: justify;\">A continuaci\u00f3n puede leer un an\u00e1lisis de la\u00a0breve mirada al conflicto armado colombiano con una perspectiva desde la violencia contra los movimientos\u00a0sindicales, escrito por tres analistas, entre ellos Pedraza\u00a0<strong><em><a href=\"https:\/\/arcoiris.com.co\/v3\/wp-content\/uploads\/2015\/10\/La-violancia-contra-los-movimientos-sindicales-vista-desde-el-sector-educaci\u00f3n-y-salud.pdf\" target=\"_blank\" rel=\"noopener noreferrer\">La violancia contra los movimientos sindicales vista desde el sector educaci\u00f3n y salud<\/a><\/em><\/strong><\/p>\n<p style=\"text-align: justify;\">Para conocer de\u00a0cerca del Movimiento por la paz de click <em><strong><a href=\"http:\/\/www.mfpic.org\/\" target=\"_blank\" rel=\"noopener noreferrer\">AQU\u00cd<\/a><\/strong><\/em><\/p>\n<p>&nbsp;<\/p>\n","protected":false},"excerpt":{"rendered":"<p>Hern\u00e1n Pedraza Saravia, investigador del Observatorio Conflicto Armado y Post-Conflicto \u00a0-OCAP- de la Corporaci\u00f3n Nuevo Arco Iris \u2013CNAI- participar\u00e1 en la conferencia \u201cLos avances en las conversaciones de paz y desaf\u00edos posteriores a los conflictos\u201d en horas de la noche desde Estados Unidos. En la conferencia que dar\u00e1 lugar en la ciudad de nueva york, [&hellip;]<\/p>\n","protected":false},"author":51,"featured_media":17854,"comment_status":"closed","ping_status":"closed","sticky":false,"template":"","format":"standard","meta":{"_et_pb_use_builder":"","_et_pb_old_content":"","_et_gb_content_width":"","footnotes":""},"categories":[1,16,462,21,17,15,20,41,19,18],"tags":[],"class_list":["post-17851","post","type-post","status-publish","format-standard","has-post-thumbnail","hentry","category-uncategorized","category-conflicto-armado","category-destacado","category-justicia","category-paz","category-politica","category-seguridad","category-territorio-y-desarrollo","category-tierras","category-victimas"],"_links":{"self":[{"href":"https:\/\/arcoiris.com.co\/v3\/wp-json\/wp\/v2\/posts\/17851","targetHints":{"allow":["GET"]}}],"collection":[{"href":"https:\/\/arcoiris.com.co\/v3\/wp-json\/wp\/v2\/posts"}],"about":[{"href":"https:\/\/arcoiris.com.co\/v3\/wp-json\/wp\/v2\/types\/post"}],"author":[{"embeddable":true,"href":"https:\/\/arcoiris.com.co\/v3\/wp-json\/wp\/v2\/users\/51"}],"replies":[{"embeddable":true,"href":"https:\/\/arcoiris.com.co\/v3\/wp-json\/wp\/v2\/comments?post=17851"}],"version-history":[{"count":0,"href":"https:\/\/arcoiris.com.co\/v3\/wp-json\/wp\/v2\/posts\/17851\/revisions"}],"wp:featuredmedia":[{"embeddable":true,"href":"https:\/\/arcoiris.com.co\/v3\/wp-json\/wp\/v2\/media\/17854"}],"wp:attachment":[{"href":"https:\/\/arcoiris.com.co\/v3\/wp-json\/wp\/v2\/media?parent=17851"}],"wp:term":[{"taxonomy":"category","embeddable":true,"href":"https:\/\/arcoiris.com.co\/v3\/wp-json\/wp\/v2\/categories?post=17851"},{"taxonomy":"post_tag","embeddable":true,"href":"https:\/\/arcoiris.com.co\/v3\/wp-json\/wp\/v2\/tags?post=17851"}],"curies":[{"name":"wp","href":"https:\/\/api.w.org\/{rel}","templated":true}]}}