{"id":17989,"date":"2015-10-21T15:50:03","date_gmt":"2015-10-21T20:50:03","guid":{"rendered":"https:\/\/arcoiris.com.co\/v3\/?p=17989"},"modified":"2019-08-26T15:08:24","modified_gmt":"2019-08-26T20:08:24","slug":"compromisos-para-la-futura-alcaldia-distrital-de-bogota-en-reparacion-de-victimas-y-posconflicto","status":"publish","type":"post","link":"https:\/\/arcoiris.com.co\/v3\/2015\/10\/compromisos-para-la-futura-alcaldia-distrital-de-bogota-en-reparacion-de-victimas-y-posconflicto\/","title":{"rendered":"Compromisos para la futura Alcald\u00eda Distrital de Bogot\u00e1 en reparaci\u00f3n de v\u00edctimas y posconflicto"},"content":{"rendered":"<div id=\"attachment_17990\" style=\"width: 630px\" class=\"wp-caption aligncenter\"><a href=\"https:\/\/arcoiris.com.co\/v3\/wp-content\/uploads\/2015\/10\/IMG_1066.jpg\" target=\"_blank\" rel=\"noopener noreferrer\"><img loading=\"lazy\" decoding=\"async\" aria-describedby=\"caption-attachment-17990\" class=\"size-large wp-image-17990\" src=\"https:\/\/arcoiris.com.co\/v3\/wp-content\/uploads\/2015\/10\/IMG_1066-640x427.jpg\" alt=\"Foto: Archivo CNAI\/ Auditorio Fundadores de la Universidad Aut\u00f3noma de Colombia en el Foro, V\u00edctimas, Paz y Posconflictoen Bogot\u00e1\/ 9 octubre de 2015\" width=\"620\" height=\"414\" srcset=\"https:\/\/arcoiris.com.co\/v3\/wp-content\/uploads\/2015\/10\/IMG_1066-640x427.jpg 640w, https:\/\/arcoiris.com.co\/v3\/wp-content\/uploads\/2015\/10\/IMG_1066-300x200.jpg 300w, https:\/\/arcoiris.com.co\/v3\/wp-content\/uploads\/2015\/10\/IMG_1066.jpg 1250w\" sizes=\"(max-width: 620px) 100vw, 620px\" \/><\/a><p id=\"caption-attachment-17990\" class=\"wp-caption-text\">Foto: Archivo CNAI\/ Auditorio Fundadores de la Universidad Aut\u00f3noma de Colombia en el Foro, V\u00edctimas, Paz y Posconflictoen Bogot\u00e1\/ 9 octubre de 2015<\/p><\/div>\n<p style=\"text-align: justify;\">El viernes 9 de octubre en el auditorio Fundadores de la Universidad Aut\u00f3noma de Colombia se desarroll\u00f3 el foro de v\u00edctimas, paz y posconflicto con la presencia de algunos candidatos a la alcald\u00eda de Bogot\u00e1 para discutir las responsabilidades, los retos y compromisos del futuro gobierno distrital, en materia de atenci\u00f3n y reparaci\u00f3n de v\u00edctimas.<\/p>\n<p style=\"text-align: justify;\">La jornada fue organizada conjuntamente por la Corporaci\u00f3n Nuevo Arco Iris \u2013CNAI-, el Instituto Nacional Dem\u00f3crata \u2013NDI-, el Foro Nacional por Colombia \u2013FORO- y la Consultor\u00eda para los Derechos Humanos y el Desplazamiento \u2013 CODHES-. Si bien todos los candidatos fueron invitados a participar de la jornada solo asistieron tres, Ricardo Arias, candidato por el partido Movimientos Libres; Alex Vernot, candidato de Pueblo, tierra y futuro; y Daniel Raisbeck, candidato de movimiento libertario.<\/p>\n<p style=\"text-align: justify;\">En el marco de los avances de las negociaciones de paz entre el gobierno y las FARC, y la proximidad de las elecciones en el distrito capital, se busc\u00f3 conocer las ideas e intenciones de los aspirantes a la alcald\u00eda de Bogot\u00e1, acerca de este contexto que seguramente ser\u00e1 parte central de la agenda nacional en los pr\u00f3ximos a\u00f1os con el escenario de construcci\u00f3n de paz que se avecina en Colombia.<\/p>\n<p style=\"text-align: justify;\">La apertura del foro de v\u00edctimas, paz y posconflicto, que se desarroll\u00f3 durante 3 horas, estuvo a cargo de la Vicerrectora de la Universidad Aut\u00f3noma, Dra. Helga Dworaczek Conde, que r\u00e1pidamente destac\u00f3 que se registran hoy en Colombia m\u00e1s de 7 millones de v\u00edctimas.<\/p>\n<p style=\"text-align: justify;\">En primera instancia Omar Vera, representante de la mesa de participaci\u00f3n efectiva de v\u00edctimas de la ciudad de Bogot\u00e1, plante\u00f3 la problem\u00e1tica desde la mirada de las v\u00edctimas y habl\u00f3 sobre los retos de las pol\u00edticas p\u00fablicas en temas de asistencia, atenci\u00f3n y reparaci\u00f3n integral para as\u00ed lograr de manera equitativa, una vida digna, tanto en educaci\u00f3n, como vivienda, transporte, alimentaci\u00f3n, empleo, entre otros. Vera asegur\u00f3 que \u201cla realidad es otra a la que se ve en los titulares de prensa\u201d y que las v\u00edctimas necesitan una atenci\u00f3n real y efectiva para el goce de sus derechos. Por su parte, cuestion\u00f3 el accionar del Gobierno porque \u201cno cumpli\u00f3 con lo prometido en temas de vivienda\u201d y manifest\u00f3 que \u201cel presupuesto nacional para las victimas destinado al Distrito es escaso\u201d, en un contexto donde se supone que \u201clas v\u00edctimas son el centro de las negociaciones de La Habana\u201d.<\/p>\n<p style=\"text-align: justify;\">Por otra parte, Mar\u00eda Ang\u00e9lica G\u00f3mez, asesora de CODHES, expuso los retos que debe afrontar el pr\u00f3ximo gobierno distrital e hizo un llamado a la \u201creflexi\u00f3n sobre las v\u00edctimas, el posconflicto y la construcci\u00f3n de paz\u201d, teniendo en cuenta la toma de conciencia sobre este aspecto, sabiendo que \u201cel tema v\u00edctimas no es s\u00f3lo de la \u00f3rbita de las v\u00edctimas, sino que tambi\u00e9n hacen parte del sistema nacional de derechos humanos\u201d, por lo tanto hay que \u201cfomentar iniciativas ciudadanas para que los derechos de las v\u00edctimas hagan eco en la sociedad\u201d, aunque lo anunciado por el Gobierno y las FARC acerca de la llegada de la firma del acuerdo definitivo del conflicto armado para el pr\u00f3ximo a\u00f1o, para la asesora de CODHES no se debe esperar la firma para construir paz, sino que hay que empezar a construirla ya. G\u00f3mez destac\u00f3 que el reto es construir algo que en el pa\u00eds no es conocido, la Paz permitiendo la participaci\u00f3n activa de todas las comunidades, incluidas las v\u00edctimas.<\/p>\n<div id=\"attachment_17992\" style=\"width: 630px\" class=\"wp-caption alignleft\"><a href=\"https:\/\/arcoiris.com.co\/v3\/wp-content\/uploads\/2015\/10\/IMG_1087.jpg\" target=\"_blank\" rel=\"noopener noreferrer\"><img loading=\"lazy\" decoding=\"async\" aria-describedby=\"caption-attachment-17992\" class=\"size-large wp-image-17992\" src=\"https:\/\/arcoiris.com.co\/v3\/wp-content\/uploads\/2015\/10\/IMG_1087-640x427.jpg\" alt=\"Foto: Archivo CNAI\/ Univ. Aut\u00f3noma de Colombia, de izq a der. Alex Vernot, candidato de Pueblo, tierra y futuro; Ricardo Arias, candidato por el partido Movimientos Libres y Daniel Raisbeck, candidato de movimiento libertario, en el foro, V\u00edctimas, Paz y Posconflicto en Bogot\u00e1.\" width=\"620\" height=\"414\" srcset=\"https:\/\/arcoiris.com.co\/v3\/wp-content\/uploads\/2015\/10\/IMG_1087-640x427.jpg 640w, https:\/\/arcoiris.com.co\/v3\/wp-content\/uploads\/2015\/10\/IMG_1087-300x200.jpg 300w, https:\/\/arcoiris.com.co\/v3\/wp-content\/uploads\/2015\/10\/IMG_1087.jpg 1250w\" sizes=\"(max-width: 620px) 100vw, 620px\" \/><\/a><p id=\"caption-attachment-17992\" class=\"wp-caption-text\">Foto: Archivo CNAI\/ Univ. Aut\u00f3noma de Colombia, de izq a der. Alex Vernot, candidato de Pueblo, tierra y futuro; Ricardo Arias, candidato por el partido Movimientos Libres y Daniel Raisbeck, candidato de movimiento libertario, en el foro, V\u00edctimas, Paz y Posconflicto en Bogot\u00e1.<\/p><\/div>\n<p style=\"text-align: justify;\"><em><strong>Intervenci\u00f3n de los tres candidatos:<\/strong><\/em><\/p>\n<p style=\"text-align: justify;\">\u2022 Para Ricardo Arias las \u201cv\u00edctimas somos todos porque tenemos una sociedad fracturada\u201d pero cree firmemente que \u201cla paz es una inmensa oportunidad para dise\u00f1ar una nueva visi\u00f3n de la sociedad\u201d. El candidato hizo hincapi\u00e9 en la importancia de crear nuevas pol\u00edticas p\u00fablicas como por ejemplo crear un \u201cmodelo financiero distinto, m\u00e1s amplio y que permita prosperidad\u201d manifestando que \u201ces impensable endeudar a un joven que quiere estudiar\u201d y que se debe Algo importante son los recursos que se requieren para llevar adelante estas nuevas pol\u00edticas por lo que Arias avisa que \u201chay que usar el ingenio para la obtenci\u00f3n de recursos\u201d y conf\u00eda en \u201cbuscar la solidaridad de la comunidad internacional\u201d.<\/p>\n<p style=\"text-align: justify;\">\u2022 Alex Vernot, quien present\u00f3 como problema central que \u201cel 100% del territorio colombiano est\u00e1 copado por negocios y mafias legales e ilegales\u201d explicando que los negocios legales corresponden a la explotaci\u00f3n de oro, petr\u00f3leo, carb\u00f3n y esmeralda, utilizando el agua potable y desplazando ind\u00edgenas, afrodescendientes y campesinos, con la participaci\u00f3n de, pol\u00edticos corruptos, la polic\u00eda y el ej\u00e9rcito\u201d. Por otro lado un siguiente problema ata\u00f1e en la desigualdad econ\u00f3mica, \u201cla pobreza, la concentraci\u00f3n de la riqueza, la desigualdad y la guerra\u201d, llegando a la conclusi\u00f3n de que \u201cel problema es estructural\u201d, pero la \u00fanica manera de resolver los problemas estructurales de Colombia es si \u201csomos capaces de construir una cultura de paz\u201d. Finalmente en el tema de v\u00edctimas afirma que \u201cno se puede reparar una v\u00edctima, pero tenemos que lograr que esas personas tengan un futuro\u201d prestando puntual atenci\u00f3n en que la gente tiene que ser m\u00e1s productiva y tiene que salir de la pobreza no solo recibiendo un subsidio.<\/p>\n<p style=\"text-align: justify;\">\u2022 Daniel Raisbeck, el candidato por el partido libertario, asegur\u00f3 que \u201cel real motor del conflicto es el narcotr\u00e1fico y eso no se resuelve en La Habana\u201d y que \u201cla paz no es solo firmar un papel con un grupo armado\u201d, por lo tanto, \u201clo que habr\u00e1 es un pos acuerdo y no un posconflicto\u201d. Seg\u00fan Raisbeck, las v\u00edctimas existen \u201cporque el Estado no protegi\u00f3 su propiedad y su integridad f\u00edsica\u201d, y esa es la raz\u00f3n por la cual se desplazaron, perdiendo la fe en que \u201cel Estado vaya a ayudarlos ahora\u201d. El candidato propone entonces \u201cm\u00e1s campo de acci\u00f3n a las sociedades civiles otorg\u00e1ndoles beneficios tributarios\u201d e imagina un \u201cEstado m\u00e1s peque\u00f1o pero m\u00e1s eficaz\u201d, porque cuando el Estado crece mucho se vuelve un aparato m\u00e1s corrupto y m\u00e1s clientelista. La propuesta que expone Daniel. R. es ampliar el modelo de colegios en concesi\u00f3n y dar bonos escolares de dinero a los padres que quieran mandar a sus hijos a colegios privados. Los colegios en concesi\u00f3n son p\u00fablicos pero consiste en entregar la administraci\u00f3n a particulares que demuestren experiencia y calidad en la gesti\u00f3n educativa y administrativa. Finalmente el exponente mencion\u00f3 la importancia de impulsar el cr\u00e9dito para la vivienda y que la necesidad de que la polic\u00eda regrese a las universidades para entrenarse en resoluci\u00f3n de conflictos.<\/p>\n<p style=\"text-align: justify;\">Sin lugar a dudas el tema v\u00edctimas, paz y posconflicto es un \u00edtem central en la agenda de Colombia en los pr\u00f3ximos a\u00f1os. Las estad\u00edsticas muestran que en Bogot\u00e1 hay m\u00e1s de 620.000 v\u00edctimas registradas, de las cuales la mayor\u00eda son mujeres menores de 26 a\u00f1os, un 10% es afrodescendientes, el 2.5% es poblaci\u00f3n ind\u00edgena y el 3.5% tiene alg\u00fan tipo de discapacidad. Es muy probable que con la finalizaci\u00f3n del conflicto armado estas cifras sigan aumentando o surjan otros problemas, porque como se dej\u00f3 en claro, la paz es algo nuevo y se ir\u00e1 construyendo entre todos, por lo tanto es de vital importancia que las pol\u00edticas del distrito capital acompa\u00f1en este fen\u00f3meno que se avecina.<\/p>\n<p style=\"text-align: justify;\">Por: Mat\u00edas Galasso<\/p>\n","protected":false},"excerpt":{"rendered":"<p>El viernes 9 de octubre en el auditorio Fundadores de la Universidad Aut\u00f3noma de Colombia se desarroll\u00f3 el foro de v\u00edctimas, paz y posconflicto con la presencia de algunos candidatos a la alcald\u00eda de Bogot\u00e1 para discutir las responsabilidades, los retos y compromisos del futuro gobierno distrital, en materia de atenci\u00f3n y reparaci\u00f3n de v\u00edctimas. [&hellip;]<\/p>\n","protected":false},"author":51,"featured_media":17991,"comment_status":"closed","ping_status":"closed","sticky":false,"template":"","format":"standard","meta":{"_et_pb_use_builder":"","_et_pb_old_content":"","_et_gb_content_width":"","footnotes":""},"categories":[1,16,462,38,15,18],"tags":[],"class_list":["post-17989","post","type-post","status-publish","format-standard","has-post-thumbnail","hentry","category-uncategorized","category-conflicto-armado","category-destacado","category-elecciones","category-politica","category-victimas"],"_links":{"self":[{"href":"https:\/\/arcoiris.com.co\/v3\/wp-json\/wp\/v2\/posts\/17989","targetHints":{"allow":["GET"]}}],"collection":[{"href":"https:\/\/arcoiris.com.co\/v3\/wp-json\/wp\/v2\/posts"}],"about":[{"href":"https:\/\/arcoiris.com.co\/v3\/wp-json\/wp\/v2\/types\/post"}],"author":[{"embeddable":true,"href":"https:\/\/arcoiris.com.co\/v3\/wp-json\/wp\/v2\/users\/51"}],"replies":[{"embeddable":true,"href":"https:\/\/arcoiris.com.co\/v3\/wp-json\/wp\/v2\/comments?post=17989"}],"version-history":[{"count":0,"href":"https:\/\/arcoiris.com.co\/v3\/wp-json\/wp\/v2\/posts\/17989\/revisions"}],"wp:featuredmedia":[{"embeddable":true,"href":"https:\/\/arcoiris.com.co\/v3\/wp-json\/wp\/v2\/media\/17991"}],"wp:attachment":[{"href":"https:\/\/arcoiris.com.co\/v3\/wp-json\/wp\/v2\/media?parent=17989"}],"wp:term":[{"taxonomy":"category","embeddable":true,"href":"https:\/\/arcoiris.com.co\/v3\/wp-json\/wp\/v2\/categories?post=17989"},{"taxonomy":"post_tag","embeddable":true,"href":"https:\/\/arcoiris.com.co\/v3\/wp-json\/wp\/v2\/tags?post=17989"}],"curies":[{"name":"wp","href":"https:\/\/api.w.org\/{rel}","templated":true}]}}