{"id":18011,"date":"2015-10-22T16:54:14","date_gmt":"2015-10-22T21:54:14","guid":{"rendered":"https:\/\/arcoiris.com.co\/v3\/?p=18011"},"modified":"2019-08-26T15:08:23","modified_gmt":"2019-08-26T20:08:23","slug":"acciones-paramilitares-en-san-jose-de-apartado-antioquia","status":"publish","type":"post","link":"https:\/\/arcoiris.com.co\/v3\/2015\/10\/acciones-paramilitares-en-san-jose-de-apartado-antioquia\/","title":{"rendered":"Acciones paramilitares en San Jos\u00e9 de Apartad\u00f3, Antioqu\u00eda"},"content":{"rendered":"<div id=\"attachment_18012\" style=\"width: 570px\" class=\"wp-caption aligncenter\"><a href=\"https:\/\/arcoiris.com.co\/v3\/wp-content\/uploads\/2015\/10\/san_jose_de_apartado_lusi_benavides_4.jpg\"><img loading=\"lazy\" decoding=\"async\" aria-describedby=\"caption-attachment-18012\" class=\"size-full wp-image-18012\" src=\"https:\/\/arcoiris.com.co\/v3\/wp-content\/uploads\/2015\/10\/san_jose_de_apartado_lusi_benavides_4.jpg\" alt=\"Foto: El Espectador\/ La masacre de San Jos\u00e9 de Apartad\u00f3 ocurri\u00f3 d\u00edas despu\u00e9s de que 19 militares fueran emboscados y asesinados por las Farc en el Urab\u00e1 antioque\u00f1o. \/ Luis Benavides\" width=\"560\" height=\"373\" srcset=\"https:\/\/arcoiris.com.co\/v3\/wp-content\/uploads\/2015\/10\/san_jose_de_apartado_lusi_benavides_4.jpg 560w, https:\/\/arcoiris.com.co\/v3\/wp-content\/uploads\/2015\/10\/san_jose_de_apartado_lusi_benavides_4-300x200.jpg 300w\" sizes=\"(max-width: 560px) 100vw, 560px\" \/><\/a><p id=\"caption-attachment-18012\" class=\"wp-caption-text\">Foto: El Espectador\/ La masacre de San Jos\u00e9 de Apartad\u00f3 ocurri\u00f3 d\u00edas despu\u00e9s de que 19 militares fueran emboscados y asesinados por las Farc en el Urab\u00e1 antioque\u00f1o. \/ Luis Benavides<\/p><\/div>\n<p style=\"text-align: justify;\">La Comunidad de Paz de San Jos\u00e9 de Apartad\u00f3, denuncia amenazas y avisos de muerte por parte de grupos paramilitares a la comunidad y a la poblaci\u00f3n en general.<\/p>\n<p style=\"text-align: justify;\">En una publicaci\u00f3n hecha el martes 20 de octubre, la comunidad solicita con urgencia el apoyo de entidades nacionales e internacionales frente a esta situaci\u00f3n que viven varias zonas del corregimiento, exponiendo de manera clara y expl\u00edcita tanto las fechas, como la zona y la amenaza o acci\u00f3n hecha por los paramilitares, seis son las acciones que denuncia la comunidad.\u00a0Culpando directamente al Estado de ser \u201cc\u00f3mplice y asesino\u201d, como lo expresan en la publicaci\u00f3n:<\/p>\n<p style=\"text-align: justify;\">De nuevo, acudimos URGENTEMENTE ante la solidaridad nacional e internacional ante la grave situaci\u00f3n humanitaria que se est\u00e1 viviendo en varias veredas del Corregimiento de San Jos\u00e9, para que insten urgentemente al Estado Colombiano parar las acciones de muerte anunciadas por los paramilitares contra nuestra Comunidad de Paz y la poblaci\u00f3n de nuestro entorno geogr\u00e1fico y social. Los paramilitares realizan operaciones militares por veredas del corregimiento de San Jos\u00e9 a todas luces y complicidad de las fuerzas oficiales del Estado que tambi\u00e9n patrullan en las mismas veredas. De nuevo se manifiesta la desfachatez de un Estado c\u00f3mplice y asesino.<\/p>\n<p style=\"text-align: justify;\">\u00b7 Entre los d\u00edas 14 al 16 de octubre del 2015, un grupo de paramilitares realiz\u00f3 operaciones militares a todas anchas en la vereda Arenas Altas, asentamiento de nuestra Comunidad de Paz, luego, dichos paramilitares anunciaron y advirtieron a varios campesinos de la zona, que por cada paraco asesinado a manos de la guerrilla, ser\u00edan cinco civiles que los paramilitares asesinar\u00edan.<\/p>\n<p style=\"text-align: justify;\">\u00b7 El 17 de octubre de 2015, un grupo de paramilitares fuertemente armados llegaron a la vereda Playa Larga, y se dirigieron a la vereda el Porvenir del Corregimiento de San Jos\u00e9.<\/p>\n<p style=\"text-align: justify;\">\u00b7 El 19 de octubre de 2015, un grupo de paramilitares llego a la vivienda de un miembro de nuestra Comunidad de Paz en la vereda Arenas Bajas, all\u00ed, detuvieron al miembro de nuestra Comunidad durante varios minutos, despu\u00e9s de ello, se acamparon en la propiedad privada de nuestro miembro de la Comunidad de Paz, mientras el grupo se divid\u00eda en dos, el segundo grupo se dirigi\u00f3 hacia la vereda Arenas Altas.<\/p>\n<p style=\"text-align: justify;\">\u00b7 El 20 de octubre de 2015, en horas de la ma\u00f1ana, los paramilitares se dejaron ver en la propiedad de la se\u00f1ora Nolfa S\u00e1nchez, contigua a la vereda Arenas Altas, donde existe un asentamiento de nuestra Comunidad de Paz.<\/p>\n<p style=\"text-align: justify;\">\u00b7 En los \u00faltimos d\u00edas, varias familias campesinas de las veredas aguas fr\u00edas, Arenas, la Hoz, Esperanza y Mulatos, nos han manifestado, la preocupaci\u00f3n ante las amenazas de muerte que los paramilitares han realizado contra la poblaci\u00f3n civil, ante ello, las familias est\u00e1n en riesgo de desplazarse a causa de las amenazas de aniquilamiento.<\/p>\n<p style=\"text-align: justify;\">\u00b7 Este mismo 20 de octubre de 2015, un grupo de miembros de nuestra Comunidad de Paz, proveniente de las distintas veredas de nuestra Comunidad, y acompa\u00f1ados por organizaciones internacionales, se han dirigido a las veredas Arenas Altas, y Arenas Bajas, con el \u00e1nimo de acompa\u00f1ar a las familias que all\u00ed han sido sometidas bajo el terror paramilitar, all\u00ed se ha constatado la presencia de los paramilitares.<\/p>\n<p>Nos preguntamos, \u00bfEn d\u00f3nde est\u00e1n las instituciones Civiles del Estado? \u00bfEn d\u00f3nde est\u00e1 la Defensor\u00eda del Pueblo? \u00bfEn d\u00f3nde se encuentra el Estado de Derecho? Est\u00e1 absorbido por la ineficacia y envuelta por la corrupci\u00f3n inclemente que arrasa con la humanidad indefensa de San Jos\u00e9 de Apartad\u00f3.<\/p>\n<p style=\"text-align: justify;\">Ante este accionar de terror que generan los paramilitares, nuestra Comunidad de Paz, camina en un rio de vida contra la muerte.<\/p>\n<p style=\"text-align: justify;\">Puede ser que en uno de estos gestos de solidaridad y de afecto humano, los inclementes y violentos no nos dejen respirar m\u00e1s, o nos apaguen la vida, pero jam\u00e1s podr\u00e1n apagar nuestros sue\u00f1os.<\/p>\n<p style=\"text-align: center;\">Comunidad de Paz de San Jos\u00e9 de Apartad\u00f3<\/p>\n<p style=\"text-align: center;\">Octubre 20 de 2015<\/p>\n<p style=\"text-align: justify;\">Ver en <em><strong><a href=\"http:\/\/www.cdpsanjose.org\/node\/33\" target=\"_blank\" rel=\"noopener noreferrer\">Comunidad de Paz de San Jos\u00e9 de Apartad\u00f3<\/a><\/strong><\/em><\/p>\n","protected":false},"excerpt":{"rendered":"<p>La Comunidad de Paz de San Jos\u00e9 de Apartad\u00f3, denuncia amenazas y avisos de muerte por parte de grupos paramilitares a la comunidad y a la poblaci\u00f3n en general. En una publicaci\u00f3n hecha el martes 20 de octubre, la comunidad solicita con urgencia el apoyo de entidades nacionales e internacionales frente a esta situaci\u00f3n que [&hellip;]<\/p>\n","protected":false},"author":51,"featured_media":18012,"comment_status":"closed","ping_status":"closed","sticky":false,"template":"","format":"standard","meta":{"_et_pb_use_builder":"","_et_pb_old_content":"","_et_gb_content_width":"","footnotes":""},"categories":[1,16,462,20,18],"tags":[],"class_list":["post-18011","post","type-post","status-publish","format-standard","has-post-thumbnail","hentry","category-uncategorized","category-conflicto-armado","category-destacado","category-seguridad","category-victimas"],"_links":{"self":[{"href":"https:\/\/arcoiris.com.co\/v3\/wp-json\/wp\/v2\/posts\/18011","targetHints":{"allow":["GET"]}}],"collection":[{"href":"https:\/\/arcoiris.com.co\/v3\/wp-json\/wp\/v2\/posts"}],"about":[{"href":"https:\/\/arcoiris.com.co\/v3\/wp-json\/wp\/v2\/types\/post"}],"author":[{"embeddable":true,"href":"https:\/\/arcoiris.com.co\/v3\/wp-json\/wp\/v2\/users\/51"}],"replies":[{"embeddable":true,"href":"https:\/\/arcoiris.com.co\/v3\/wp-json\/wp\/v2\/comments?post=18011"}],"version-history":[{"count":0,"href":"https:\/\/arcoiris.com.co\/v3\/wp-json\/wp\/v2\/posts\/18011\/revisions"}],"wp:featuredmedia":[{"embeddable":true,"href":"https:\/\/arcoiris.com.co\/v3\/wp-json\/wp\/v2\/media\/18012"}],"wp:attachment":[{"href":"https:\/\/arcoiris.com.co\/v3\/wp-json\/wp\/v2\/media?parent=18011"}],"wp:term":[{"taxonomy":"category","embeddable":true,"href":"https:\/\/arcoiris.com.co\/v3\/wp-json\/wp\/v2\/categories?post=18011"},{"taxonomy":"post_tag","embeddable":true,"href":"https:\/\/arcoiris.com.co\/v3\/wp-json\/wp\/v2\/tags?post=18011"}],"curies":[{"name":"wp","href":"https:\/\/api.w.org\/{rel}","templated":true}]}}