{"id":18110,"date":"2015-11-10T18:01:59","date_gmt":"2015-11-10T23:01:59","guid":{"rendered":"https:\/\/arcoiris.com.co\/v3\/?p=18110"},"modified":"2019-08-26T15:08:22","modified_gmt":"2019-08-26T20:08:22","slug":"protesta-en-carceles-colombianas-finalizara-cuando-hayan-gestos-reciprocos-de-paz","status":"publish","type":"post","link":"https:\/\/arcoiris.com.co\/v3\/2015\/11\/protesta-en-carceles-colombianas-finalizara-cuando-hayan-gestos-reciprocos-de-paz\/","title":{"rendered":"Protesta en c\u00e1rceles colombianas finalizar\u00e1 cuando hayan gestos rec\u00edprocos de paz"},"content":{"rendered":"<p><a href=\"https:\/\/arcoiris.com.co\/v3\/wp-content\/uploads\/2015\/11\/Sin-t\u00edtulo8.png\"><img loading=\"lazy\" decoding=\"async\" class=\"aligncenter wp-image-18111 size-full\" src=\"https:\/\/arcoiris.com.co\/v3\/wp-content\/uploads\/2015\/11\/Sin-t\u00edtulo8.png\" alt=\"Sin t\u00edtulo\" width=\"448\" height=\"235\" srcset=\"https:\/\/arcoiris.com.co\/v3\/wp-content\/uploads\/2015\/11\/Sin-t\u00edtulo8.png 448w, https:\/\/arcoiris.com.co\/v3\/wp-content\/uploads\/2015\/11\/Sin-t\u00edtulo8-300x157.png 300w\" sizes=\"(max-width: 448px) 100vw, 448px\" \/><\/a><\/p>\n<p style=\"text-align: justify;\">Los prisioneros pol\u00edticos se encuentran en huelga de hambre desde el d\u00eda de ayer, 09 de noviembre y solicitan apoyo y difusi\u00f3n en medios de sus peticiones, que est\u00e1n directamente enfocadas en el respeto a su dignidad y sus derechos.<\/p>\n<p style=\"text-align: justify;\">Ayer lunes 9 de noviembre, los prisioneros pol\u00edticos y de guerra de las Farc-Ep de m\u00e1s de diez importantes c\u00e1rceles del pa\u00eds, entraron en una jornada de protesta pac\u00edfica de forma indefinida. El origen de esta nueva pugna carcelaria se arraiga en las graves violaciones a los derechos humanos manifestadas en las falencias m\u00e9dicas al interior de las c\u00e1rceles colombianas. El punto reivindicativo es luchar contra la precaria y paup\u00e9rrima situaci\u00f3n de salud en la que se encuentran cientos de prisioneros pol\u00edticos de guerra, lo cual evidencia rotundamente, un mecanismo estatal de tortura contra la insurgencia que se encuentra tras las rejas. Dicha pugna se ejerce radicalmente con el fin de lograr la libertad de los prisioneros de guerra enfermos que se encuentran en estado m\u00e1s grave de vulnerabilidad por motivos de salud.<\/p>\n<p style=\"text-align: justify;\">LA COALICI\u00d3N LARGA VIDA A LAS MARIPOSAS ha visibilizado y denunciado en m\u00faltiples ocasiones dicha problem\u00e1tica, la cual ha causado la muerte de cuantiosos prisioneros como forma de represalia y retaliaci\u00f3n contra los insurgentes. Estas pr\u00e1cticas sistem\u00e1ticas aplicadas en las c\u00e1rceles del pa\u00eds no demuestran verdaderos gestos de paz hacia los ya demostrados por la insurgencia de las Farc-Ep. Desde LA COALICI\u00d3N LARGA VIDA A LAS MARIPOSAS exigimos verdaderos gestos de paz por parte del gobierno colombiano, representados en voluntad pol\u00edtica, trato digno a los prisioneros de guerra y la libertad inmediata para los prisioneros de las Farc-Ep en estado cr\u00edtico de salud.<\/p>\n<p style=\"text-align: justify;\">A continuaci\u00f3n los\u00a0comunicados de los Prisioneros de Guerra que se encuentran actualmente en Jornada Nacional de Desobediencia:<\/p>\n<ul style=\"text-align: justify;\">\n<li><em>POR LA CONSTRUCCI\u00d3N DE LA PAZ \u2013 POR UNA NUEVA COLOMBIA \u00a1LIBERACIONES YA! (ERON-PICOTA)<\/em><\/li>\n<\/ul>\n<p style=\"text-align: justify;\">Nuestra declaratoria a partir del 9 de Noviembre del a\u00f1o en curso junto a los compa\u00f1eros en 13 centros carcelarios y penitenciarios de Colombia, de la Huelga de Hambre indefinida, hasta tanto el Estado Colombiano en cabeza del Gobierno Nacional, libere a todos y cada uno de nuestros enfermos en grave estado de salud, sin m\u00e1s dilaciones, lo anterior como gestos rec\u00edprocos de Paz, en el marco de los Di\u00e1logos de paz en la Habana Cuba. (Continuar leyendo en\u00a0<a href=\"http:\/\/solidaridadjuridica.org\/?p=3559\" target=\"_blank\" rel=\"noopener noreferrer\"><em>Corporaci\u00f3n Solidaridad Jur\u00eddica<\/em>)<\/a>.<\/p>\n<ul style=\"text-align: justify;\">\n<li><em>COMUNICADO A LA OPINI\u00d3N P\u00daBLICA. COMIT\u00c9 DE PRISIONEROS POL\u00cdTICOS Y GUERRA \u2013 BLOQUE 3 ALTA SEGURIDAD. SECCI\u00d3N A. (PICALE\u00d1A)<\/em><\/li>\n<\/ul>\n<p style=\"text-align: justify;\">Nosotros como prisioneros pol\u00edticos ante la decid\u00eda y el abandono estatal nos vemos abocados a pronunciarnos y a comunicar ante la opini\u00f3n p\u00fablica la forma equivoca en la que se implementa la pol\u00edtica carcelaria en Colombia. Hace m\u00e1s de 15 a\u00f1os la Corte Constitucional de Colombia declar\u00f3 un estado de cosas inconstitucionales en la Sentencia 153 de 1998. Se define ante las honorables cortes que la pol\u00edtica carcelaria se caracteriza por la vulneraci\u00f3n de los Derechos Fundamentales de los presos, resaltando una causa estructural e hist\u00f3rica, cuya responsabilidad corresponde al Estado en su conjunto.\u00a0(Continuar leyendo en <em><a href=\"http:\/\/largavidaalasmariposas-tolima.blogspot.com.co\/2015\/11\/comunicado-la-opinion-publica-comite-de.html\" target=\"_blank\" rel=\"noopener noreferrer\">Larga Vida a las Mariposas<\/a><\/em>).<\/p>\n<ul style=\"text-align: justify;\">\n<li><em>EN DESOBEDIENCIA PAC\u00cdFICA PRISIONEROS POL\u00cdTICOS DE LA DORADA, CALDAS<\/em><\/li>\n<\/ul>\n<p style=\"text-align: justify;\">Los Prisioneros Pol\u00edticos y de Guerra de las FARC-EP, recluidos en el establecimiento penitenciario de alta y mediana seguridad de La Dorada, Caldas, informamos a la opini\u00f3n p\u00fablica nacional e internacional, que a partir de las 00:00 horas del d\u00eda 9 de noviembre de 2015, nos declaramos en desobediencia pacifica que consiste en una huelga indefinida de hambre para exigirle al gobierno nacional que como gesto de una verdadera voluntad de paz y un compromiso con la misma, autorice la ex carcelaci\u00f3n de las y los prisioneros pol\u00edticos y de guerra que se encuentran gravemente enfermos y otros que se est\u00e1n muriendo en las diferentes mazmorras del pa\u00eds.\u00a0(Continuar leyendo en\u00a0<em><a href=\"http:\/\/solidaridadydefensa.blogspot.com.co\/2015\/11\/en-desobediencia-pacifica-prisioneros.html\" target=\"_blank\" rel=\"noopener noreferrer\">Solidaridad y Defensa<\/a>).<\/em><\/p>\n<ul style=\"text-align: justify;\">\n<li><em>COMUNICADO DE LOSPRISIONEROS POL\u00cdTICOS EN LA TRAMAC\u00daA -INICIAMOS PROTESTA PACI\u00cdFICA <\/em><\/li>\n<\/ul>\n<p style=\"text-align: justify;\">Han transcurrido mas de 3 a\u00f1os desde que se comenzaron los Di\u00e1logos de Paz en la Habana, Cuba, entre el Gobierno Nacional y las FARC-EP. En dicho tiempo, la insurgencia colombiana ha dado muestra de voluntad pol\u00edtica para avanzar en la construcci\u00f3n de un acuerdo que ponga fin a la guerra fratricida de 6 d\u00e9cadas y logremos iniciar una nueva fase para alcanzar la paz con justicia social y un pa\u00eds con una nueva cultura pol\u00edtica, de respeto de los derechos humanos.\u00a0(Continuar leyendo en\u00a0<em><a href=\"http:\/\/fundacionlazosdedignidad.org\/comunicado-a-la-opinion-nacional-e-internacional-prisioneros-politicos-en-la-tramacua-iniciamos-protesta-pacifica\" target=\"_blank\" rel=\"noopener noreferrer\">Fundaci\u00f3n Lazos de Dignidad<\/a>).<\/em><\/p>\n<ul style=\"text-align: justify;\">\n<li><em>COMUNICADO DE LAS PRISIONERAS POL\u00cdTICAS\u00a0DEL COMPLEJO PENITENCIARIO Y CARCELARIO DE JAMUND\u00cd, VALLE DEL CAUCA<\/em><\/li>\n<\/ul>\n<p style=\"text-align: justify;\">Ante la indiferencia del gobierno para hacer gestos reales de paz, liberando los 71 prisioneros pol\u00edticos que presentan graves problemas de salud y que no han recibido la atenci\u00f3n m\u00e9dica requerida, 32 prisioneras pol\u00edticas recluidas en el Complejo Penitenciario de Jamund\u00ed, hacemos p\u00fablica nuestra adhesi\u00f3n a la Jornada Nacional Carcelaria de desobediencia pac\u00edfica neg\u00e1ndonos a recibir alimentos hasta tanto el gobierno nacional cumpla con el Derecho Internacional Humanitario y los Convenios de Ginebra, brindando trato digno y humanista a los prisioneros de guerra.\u00a0(Continuar leyendo en <i><a href=\"http:\/\/libertadparalasmariposas.blogspot.com.co\/2015\/11\/comunicado-001-de-la-coalicion-larga.html\" target=\"_blank\" rel=\"noopener noreferrer\">Larga vida a las meriposas suroccidente<\/a>).<\/i><\/p>\n<ul style=\"text-align: justify;\">\n<li><em>TAMBI\u00c9N ENTRAMOS EN DESOBEDIENCIA (COCUC)<\/em><\/li>\n<\/ul>\n<p style=\"text-align: justify;\">L@s Prisioner@s Pol\u00edtic@s y de Guerra de las FARC \u2013 EP recluidos en el Complejo Penitenciario y Carcelario de C\u00facuta (COCUC), informamos a la opini\u00f3n p\u00fablica nacional e internacional que como prisioneros de guerra org\u00e1nicos de las FARC-EP, recluidos en las diferentes c\u00e1rceles del pa\u00eds, no vemos ninguna coherencia ni verdadera voluntad pol\u00edtica del presidente Juan Manuel Santos, con miras a concretizar pronto los acuerdos de paz con justicia social que tanto anhelamos los Colombianos, porque se contradice una y mil veces cuando le pone fechas perentorias a las FARC-EP para la firma definitiva de acuerdos de paz y exige el desescalamiento de la confrontaci\u00f3n.\u00a0(Continuar leyendo en <em><a href=\"http:\/\/solidaridadjuridica.org\/?p=3564\" target=\"_blank\" rel=\"noopener noreferrer\">Corporaci\u00f3n Solidaridad jur\u00eddica<\/a><\/em>)<\/p>\n<ul style=\"text-align: justify;\">\n<li><em>PRISIONEROS DE GUERRA DE PALO GORDO SE SUMAN A LA DESOBEDIENCIA<\/em><\/li>\n<\/ul>\n<p style=\"text-align: justify;\">Los 80 prisioneros pol\u00edticos de guerra pertenecientes a las FARC-EP recluidos en los patios 3, 6 y 8 de la penitenciaria nacional de alta seguridad de Palo Gordo en Gir\u00f3n, Santander, comunicamos lo siguiente:<br \/>\n1-Que el d\u00eda 9 de noviembre, a las 00 horas, iniciaremos una desobediencia pacifica y una huelga de hambre en apoyo y solidaridad a nuestros camaradas enfermos y lisiados de guerra que no han recibido la debida atenci\u00f3n m\u00e9dica por parte del INPEC.\u00a0(Continuar leyendo en <em><a href=\"http:\/\/solidaridadjuridica.org\/?p=3580\" target=\"_blank\" rel=\"noopener noreferrer\">Corporaci\u00f3n Solidaridad Jur\u00eddica<\/a><\/em>)<\/p>\n<ul style=\"text-align: justify;\">\n<li><em>COMUNICADO A LA OPINI\u00d3N P\u00daBLICA. BLOQUE 3. SECCI\u00d3N B. ALTA SEGURIDAD<\/em><\/li>\n<\/ul>\n<p style=\"text-align: justify;\">Ante la negativa del Gobierno Nacional de reconocer como prisioneros de guerra activos, ante la discriminaci\u00f3n al que somos sometidos, el trato de enemigos que se nos da y ante las condiciones indignas de reclusi\u00f3n en las que vivimos, no nos queda otra opci\u00f3n leg\u00edtima que declararnos a partir del d\u00eda de hoy 9 de Noviembre en una jornada de desobediencia pac\u00edfica indefinida, consistente en: cese total de actividades y huelga de hambre en el trascurso de la jornada.\u00a0(Continuar leyendo en <em><a href=\"http:\/\/largavidaalasmariposas-tolima.blogspot.com.co\/2015\/11\/comunicado-la-opinion-publica-por-parte.html\" target=\"_blank\" rel=\"noopener noreferrer\">Larga Vida a las Mariposas<\/a><\/em>)<\/p>\n<ul style=\"text-align: justify;\">\n<li><em>DESOBEDIENCIA PAC\u00cdFICA PARA EXIGIR GESTOS DE PAZ (COMBITA)<\/em><\/li>\n<\/ul>\n<p style=\"text-align: justify;\">La paz es sin\u00f3nimo de humanidad. Esperamos que nuestra petici\u00f3n sea escuchada en la menor brevedad posible por el Gobierno Nacional. Igualmente esperamos el concurso de la comunidad internacional, en asocio con los organismos de DDHH y dem\u00e1s organizaciones y movimientos sociales interesados con la Paz de Colombia en el marco de este noble prop\u00f3sito.\u00a0(Continuar leyendo en <a href=\"http:\/\/solidaridadjuridica.org\/?p=3576\" target=\"_blank\" rel=\"noopener noreferrer\">Corporaci\u00f3n Solidaridad Jur\u00eddica<\/a>)<\/p>\n<ul style=\"text-align: justify;\">\n<li><em>C\u00c1RCEL DE ACACIAS EN HUELGA DE HAMBRE INDEFINIDA<\/em><\/li>\n<\/ul>\n<p style=\"text-align: justify;\">El motivo de comenzar la huelga de hambre indefinida hasta que el Gobierno colombiano y el ministerio de Justicia y el Derecho emitan decreto para la excarcelaci\u00f3n de los presos pol\u00edticos que se encuentran con enfermedades de tipo terminal y en condiciones graves, enfermos en situaci\u00f3n critica de la tercera edad, mutilados de guerra y dem\u00e1s.\u00a0(Continuar leyendo en\u00a0<em><a href=\"http:\/\/solidaridadjuridica.org\/?p=3590\" target=\"_blank\" rel=\"noopener noreferrer\">Corporaci\u00f3n Solidaridad Jur\u00eddica<\/a>)<\/em><\/p>\n<ul style=\"text-align: justify;\">\n<li><em>CNEMALIPAZ COMUNICADO # (PEDREGAL)<\/em><\/li>\n<\/ul>\n<p style=\"text-align: justify;\">El d\u00eda de hoy 9 de noviembre de 2015, ha iniciado en las c\u00e1rceles del pa\u00eds una jornada de desobediencia civil carcelaria liderada por prisioneros pol\u00edticos, apoyada en varios establecimientos por prisioneros sociales y comunes, exigiendo la libertad inmediata de m\u00e1s de 71 prisioneros y prisioneras pol\u00edticas en condiciones de salud incompatibles con la vida en reclusi\u00f3n.\u00a0(Continuar leyendo en <em><a href=\"http:\/\/solidaridadjuridica.org\/?p=3601\" target=\"_blank\" rel=\"noopener noreferrer\">Corporaci\u00f3n Solidaridad Jur\u00eddica<\/a><\/em>)<\/p>\n<ul style=\"text-align: justify;\">\n<li><em>C\u00c1RCEL DE ARAUCA EN DESOBEDIENCIA INDEFINIDA<\/em><\/li>\n<\/ul>\n<p style=\"text-align: justify;\">Que como gesto rec\u00edproco y humanitario, en el marco de las negociaciones de paz con nuestra organizaci\u00f3n, se decrete la excarcelaci\u00f3n inmediata de los prisioneros y prisioneras de guerra que estamos confinados en las c\u00e1rceles del pa\u00eds con problemas graves de salud (heridos, enfermos y ancianos). Consideramos la problem\u00e1tica de salud y la constante negligencia que sufren los prisioneros de guerra en las c\u00e1rceles colombianas, como verdaderos mecanismo de tortura que violan el derecho a la vida y a la dignidad humana.\u00a0(Continuar leyendo en\u00a0<em><a href=\"http:\/\/solidaridadjuridica.org\/?p=3584\" target=\"_blank\" rel=\"noopener noreferrer\">Corporaci\u00f3n Solidaridad Jur\u00eddica<\/a>)<\/em><\/p>\n<ul style=\"text-align: justify;\">\n<li><em>CARTA A LA MESA DE NEGOCIACI\u00d3N EN LA HABANA. DEL COLECTIVO DE PRISIONEROS POL\u00cdTICOS.<\/em><\/li>\n<\/ul>\n<p style=\"text-align: justify;\">Hacemos saber la dif\u00edcil situaci\u00f3n que atravesamos todos los prisioneros pol\u00edticos y sociales en los diferentes sectores carcelarios del pa\u00eds, donde se vulneran los Derechos Humanos en todas las esferas cotidianas.\u00a0(Continuar leyendo en <em><a href=\"http:\/\/largavidaalasmariposas-tolima.blogspot.com.co\/2015\/11\/carta-la-mesa-de-negociacion-en-la.html\" target=\"_blank\" rel=\"noopener noreferrer\">Larga vida a las Mariposas<\/a><\/em>)<\/p>\n<ul style=\"text-align: justify;\">\n<li><em>DENUNCIA P\u00daBLICA &#8211; EN EL MARCO DE LA JORNADA DE DESOBEDIENCIA DE LOS PRISIONEROS POL\u00cdTICOS<\/em><\/li>\n<\/ul>\n<p style=\"text-align: justify;\">El d\u00eda 9 de noviembre de 2015, prisioneros pol\u00edticos de todo el pa\u00eds iniciaron huelgas y desobediencias. Demandando del Estado la libertad inmediata a los prisioneros pol\u00edticos enfermos que se encuentran en las c\u00e1rceles.\u00a0(Continuar leyendo en <em><a href=\"http:\/\/semillaymemoria.blogspot.com.co\/2015\/11\/denuncia-publica-en-el-marco-de-la.html\" target=\"_blank\" rel=\"noopener noreferrer\">Semilla y Memoria Corporaci\u00f3n Jur\u00eddica y DDHH<\/a><\/em>)<\/p>\n<ul style=\"text-align: justify;\">\n<li>GARANT\u00cdAS DEL DERECHO A LA SALUD DE LOS PRISIONEROS POL\u00cdTICOS<\/li>\n<\/ul>\n<p style=\"text-align: justify;\">Durante la \u00faltima semana del mes de octubre, el interno EDILSON MART\u00cdNEZ LE\u00d3N es trasladado al Hospital Sim\u00f3n Bol\u00edvar donde es atendido por un m\u00e9dico especialista en cirug\u00eda y ortopedia que le sugiere al paciente la amputaci\u00f3n inmediata de su pierna.\u00a0(Continuar leyendo en\u00a0<em><a href=\"http:\/\/solidaridadjuridica.org\/?p=3596\" target=\"_blank\" rel=\"noopener noreferrer\">Corporaci\u00f3n Solidaridad Jur\u00eddica<\/a>)<\/em><\/p>\n<p>&nbsp;<\/p>\n","protected":false},"excerpt":{"rendered":"<p>Los prisioneros pol\u00edticos se encuentran en huelga de hambre desde el d\u00eda de ayer, 09 de noviembre y solicitan apoyo y difusi\u00f3n en medios de sus peticiones, que est\u00e1n directamente enfocadas en el respeto a su dignidad y sus derechos. Ayer lunes 9 de noviembre, los prisioneros pol\u00edticos y de guerra de las Farc-Ep de [&hellip;]<\/p>\n","protected":false},"author":51,"featured_media":18111,"comment_status":"closed","ping_status":"closed","sticky":false,"template":"","format":"standard","meta":{"_et_pb_use_builder":"","_et_pb_old_content":"","_et_gb_content_width":"","footnotes":""},"categories":[1,16,462,21,20,18],"tags":[],"class_list":["post-18110","post","type-post","status-publish","format-standard","has-post-thumbnail","hentry","category-uncategorized","category-conflicto-armado","category-destacado","category-justicia","category-seguridad","category-victimas"],"_links":{"self":[{"href":"https:\/\/arcoiris.com.co\/v3\/wp-json\/wp\/v2\/posts\/18110","targetHints":{"allow":["GET"]}}],"collection":[{"href":"https:\/\/arcoiris.com.co\/v3\/wp-json\/wp\/v2\/posts"}],"about":[{"href":"https:\/\/arcoiris.com.co\/v3\/wp-json\/wp\/v2\/types\/post"}],"author":[{"embeddable":true,"href":"https:\/\/arcoiris.com.co\/v3\/wp-json\/wp\/v2\/users\/51"}],"replies":[{"embeddable":true,"href":"https:\/\/arcoiris.com.co\/v3\/wp-json\/wp\/v2\/comments?post=18110"}],"version-history":[{"count":0,"href":"https:\/\/arcoiris.com.co\/v3\/wp-json\/wp\/v2\/posts\/18110\/revisions"}],"wp:featuredmedia":[{"embeddable":true,"href":"https:\/\/arcoiris.com.co\/v3\/wp-json\/wp\/v2\/media\/18111"}],"wp:attachment":[{"href":"https:\/\/arcoiris.com.co\/v3\/wp-json\/wp\/v2\/media?parent=18110"}],"wp:term":[{"taxonomy":"category","embeddable":true,"href":"https:\/\/arcoiris.com.co\/v3\/wp-json\/wp\/v2\/categories?post=18110"},{"taxonomy":"post_tag","embeddable":true,"href":"https:\/\/arcoiris.com.co\/v3\/wp-json\/wp\/v2\/tags?post=18110"}],"curies":[{"name":"wp","href":"https:\/\/api.w.org\/{rel}","templated":true}]}}