{"id":18119,"date":"2015-11-12T11:20:57","date_gmt":"2015-11-12T16:20:57","guid":{"rendered":"https:\/\/arcoiris.com.co\/v3\/?p=18119"},"modified":"2019-08-26T15:08:22","modified_gmt":"2019-08-26T20:08:22","slug":"la-firma-final-del-acuerdo-es-solo-el-comienzo","status":"publish","type":"post","link":"https:\/\/arcoiris.com.co\/v3\/2015\/11\/la-firma-final-del-acuerdo-es-solo-el-comienzo\/","title":{"rendered":"La firma final del acuerdo es solo el comienzo"},"content":{"rendered":"<div id=\"attachment_18121\" style=\"width: 630px\" class=\"wp-caption aligncenter\"><a href=\"https:\/\/arcoiris.com.co\/v3\/wp-content\/uploads\/2015\/11\/IMG_1787.jpg\"><img loading=\"lazy\" decoding=\"async\" aria-describedby=\"caption-attachment-18121\" class=\"wp-image-18121 size-large\" src=\"https:\/\/arcoiris.com.co\/v3\/wp-content\/uploads\/2015\/11\/IMG_1787-640x441.jpg\" alt=\"Foto: CNAI\/ Entrevista de teleSUR a Vicen\u00e7 Fisas en la presentaci\u00f3n del libro \u201cDiplomacias de paz: negociar en conflictos armados\u201d en la Universidad Javeriana\/ 09 nov 2015\" width=\"620\" height=\"427\" srcset=\"https:\/\/arcoiris.com.co\/v3\/wp-content\/uploads\/2015\/11\/IMG_1787-640x441.jpg 640w, https:\/\/arcoiris.com.co\/v3\/wp-content\/uploads\/2015\/11\/IMG_1787-300x207.jpg 300w, https:\/\/arcoiris.com.co\/v3\/wp-content\/uploads\/2015\/11\/IMG_1787.jpg 1115w\" sizes=\"(max-width: 620px) 100vw, 620px\" \/><\/a><p id=\"caption-attachment-18121\" class=\"wp-caption-text\">Foto: CNAI\/ Entrevista de teleSUR a Vicen\u00e7 Fisas en la presentaci\u00f3n del libro \u201cDiplomacias de paz: negociar en conflictos armados\u201d en la Universidad Javeriana\/ 09 nov 2015<\/p><\/div>\n<p style=\"text-align: justify;\">En el marco de la presentaci\u00f3n de su nuevo libro \u201cDiplomacias de paz: negociar en conflictos armados\u201d realizada en la Universidad Javeriana, Vincen\u00e7 Fisas, especialista en an\u00e1lisis de conflictos y procesos de Paz, dej\u00f3 varias consideraciones acerca del proceso de paz de Colombia.<\/p>\n<p style=\"text-align: justify;\">Vincen\u00e7 Fisas, director de la Escuela de Cultura de Paz de la Universidad Aut\u00f3noma de Barcelona y Doctor en Estudios sobre Paz de la Universidad de Bradford, basado en sus propias experiencias y conclusiones derivadas de las investigaciones propias de los \u00faltimos 20 a\u00f1os, empez\u00f3 destacando a la mesa de negociaci\u00f3n de la Habana: \u201cEl proceso de Paz con las FARC est\u00e1 muy bien dise\u00f1ado, es muy innovador y ha tenido la capacidad de superar momentos de crisis muy dif\u00edciles\u201d, y agreg\u00f3 que \u201cseguro ser\u00e1 objeto de estudio de las Universidades en el futuro\u201d afirm\u00f3.<\/p>\n<p style=\"text-align: justify;\">Fisas que ha escrito varios libros sobre conflictos y procesos de paz, elogi\u00f3 tambi\u00e9n a los pa\u00edses garantes, Cuba y Noruega, por su profesionalismo y por mantenerse \u201calejados de los micr\u00f3fonos\u201d. El acad\u00e9mico espa\u00f1ol cree que \u201cha sido fundamental negociar la agenda en forma confidencial para crear confianzas entre los interlocutores\u201d y resalt\u00f3 que \u201ces una decisi\u00f3n inteligente, pertinente y muy realista que las FARC hayan limitado los puntos de la agenda\u201d porque es imposible resolver todos los problemas del pa\u00eds en una mesa de negociaci\u00f3n.<\/p>\n<p style=\"text-align: justify;\">Siempre el proceso de paz ha sido blanco de cr\u00edticas, aunque muchas veces esas cr\u00edticas carecen de fundamentos y parten del mismo desconocimiento acerca de la complejidad del tema. Por eso Vincen\u00e7 Fisas se encarg\u00f3 de aportar datos concretos que deber\u00edan ayudar a la paciencia y la tolerancia: \u201clos tiempos que est\u00e1 durando esta negociaci\u00f3n son m\u00e1s que razonables, fue una barbaridad lo que dijo el presidente Santos que en un a\u00f1o se iba a resolver. En los \u00faltimos 20 a\u00f1os, la negociaci\u00f3n m\u00e1s corta dur\u00f3 4 a\u00f1os\u201d, expres\u00f3 el acad\u00e9mico, pero adem\u00e1s agreg\u00f3 un dato muy revelador, y es que de todas las negociaciones que hay en el mundo, la que se re\u00fane con m\u00e1s frecuencia, para acordar puntos decisivos, es la de Colombia.<\/p>\n<p style=\"text-align: justify;\">Para Fisas tambi\u00e9n \u201cha sido un acierto abrir las puertas de La Habana\u201d a toda la sociedad colombiana. \u201cLes aseguro que eso no pasa en otras partes del mundo. La negociaci\u00f3n en Colombia es un proceso transparente como ninguno en los \u00faltimos 30 a\u00f1os\u201d. Una novedad para destacar en este proceso, consiste en la voluntad de empezar a trabajar en los puntos ya acordados, como lo es en el caso de cultivos il\u00edcitos, sin necesidad de esperar la firma final del acuerdo.<\/p>\n<p style=\"text-align: justify;\">Una discusi\u00f3n que se presenta frecuentemente en la sociedad, y que varios medios de comunicaci\u00f3n ponen a disposici\u00f3n de la opini\u00f3n p\u00fablica, es acerca de si habr\u00e1 o no, c\u00e1rcel para los actores del conflicto. Vincen\u00e7 es muy claro al respecto: \u201cEn todas partes del mundo los procesos de paz acaban con una amnist\u00eda, en ninguno termin\u00f3 con los grupos armados en la c\u00e1rcel\u201d, pero as\u00ed como refleja ese aspecto de los acuerdos en el mundo, tambi\u00e9n resalta la importancia para Colombia de tener \u201cun ejercicio de verdad, de perd\u00f3n y de reconocer errores\u201d de parte de todos los sectores, para lograr as\u00ed la reconciliaci\u00f3n.<\/p>\n<p style=\"text-align: justify;\">Fisas pidi\u00f3 no \u201csacralizar\u201d la fecha del 23 de marzo, aunque se mostr\u00f3 muy optimista sobre la finalizaci\u00f3n del conflicto: \u201cme juego que me corten un brazo, que en la navidad del 2016, las FARC ya no van a existir\u201d, e hizo una observaci\u00f3n al respecto sobre la guerrilla: \u201cestamos ante unas FARC muy maduras, que act\u00faan con absoluta sinceridad y una clara determinaci\u00f3n de poner punto final al conflicto armado\u201d.<\/p>\n<p style=\"text-align: justify;\">Sobre el final de la presentaci\u00f3n toc\u00f3 un tema pol\u00e9mico y que genera opiniones repartidas, la consulta popular. \u201cNo recomiendo la votaci\u00f3n popular. Normalmente no se somete a consulta popular un proceso de Paz. Los procesos de paz son acuerdos pol\u00edticos que no se deben someter a consulta popular\u201d. Vincen\u00e7 Fisas no quiso pasar por anti democr\u00e1tico ni mucho menos, pero entiende que hay sectores que todav\u00eda se oponen a la firma de la Paz en Colombia y que \u00e9sta ser\u00eda una oportunidad en que \u201clos enemigos de la paz pueden echar todo el trabajo atr\u00e1s\u201d.<\/p>\n<p style=\"text-align: justify;\">Antes de finalizar, el catal\u00e1n pidi\u00f3 a la sociedad colombiana que se involucre m\u00e1s en lo que est\u00e1 pasando porque se avecina otra realidad y cree que a esta altura es casi irreversible el proceso. Por lo tanto dej\u00f3 una reflexi\u00f3n y advertencia a toda Colombia: \u201cEl fin del proceso no resuelve el conflicto de Colombia. El problema de Colombia es sist\u00e9mico, estructural y cultural, es un pa\u00eds con una tasa de homicidios alt\u00edsima y con enormes desigualdades\u201d. La firma final del acuerdo es solo el comienzo de un gran trabajo que le espera a la sociedad colombiana y es la oportunidad de construir un pa\u00eds con nuevos valores.<\/p>\n<p style=\"text-align: justify;\">Por: Mat\u00edas Galasso<\/p>\n","protected":false},"excerpt":{"rendered":"<p>En el marco de la presentaci\u00f3n de su nuevo libro \u201cDiplomacias de paz: negociar en conflictos armados\u201d realizada en la Universidad Javeriana, Vincen\u00e7 Fisas, especialista en an\u00e1lisis de conflictos y procesos de Paz, dej\u00f3 varias consideraciones acerca del proceso de paz de Colombia. Vincen\u00e7 Fisas, director de la Escuela de Cultura de Paz de la [&hellip;]<\/p>\n","protected":false},"author":51,"featured_media":18121,"comment_status":"closed","ping_status":"closed","sticky":false,"template":"","format":"standard","meta":{"_et_pb_use_builder":"","_et_pb_old_content":"","_et_gb_content_width":"","footnotes":""},"categories":[1,16,462,21,17,20,19,18],"tags":[],"class_list":["post-18119","post","type-post","status-publish","format-standard","has-post-thumbnail","hentry","category-uncategorized","category-conflicto-armado","category-destacado","category-justicia","category-paz","category-seguridad","category-tierras","category-victimas"],"_links":{"self":[{"href":"https:\/\/arcoiris.com.co\/v3\/wp-json\/wp\/v2\/posts\/18119","targetHints":{"allow":["GET"]}}],"collection":[{"href":"https:\/\/arcoiris.com.co\/v3\/wp-json\/wp\/v2\/posts"}],"about":[{"href":"https:\/\/arcoiris.com.co\/v3\/wp-json\/wp\/v2\/types\/post"}],"author":[{"embeddable":true,"href":"https:\/\/arcoiris.com.co\/v3\/wp-json\/wp\/v2\/users\/51"}],"replies":[{"embeddable":true,"href":"https:\/\/arcoiris.com.co\/v3\/wp-json\/wp\/v2\/comments?post=18119"}],"version-history":[{"count":0,"href":"https:\/\/arcoiris.com.co\/v3\/wp-json\/wp\/v2\/posts\/18119\/revisions"}],"wp:featuredmedia":[{"embeddable":true,"href":"https:\/\/arcoiris.com.co\/v3\/wp-json\/wp\/v2\/media\/18121"}],"wp:attachment":[{"href":"https:\/\/arcoiris.com.co\/v3\/wp-json\/wp\/v2\/media?parent=18119"}],"wp:term":[{"taxonomy":"category","embeddable":true,"href":"https:\/\/arcoiris.com.co\/v3\/wp-json\/wp\/v2\/categories?post=18119"},{"taxonomy":"post_tag","embeddable":true,"href":"https:\/\/arcoiris.com.co\/v3\/wp-json\/wp\/v2\/tags?post=18119"}],"curies":[{"name":"wp","href":"https:\/\/api.w.org\/{rel}","templated":true}]}}