{"id":18129,"date":"2015-11-12T16:14:35","date_gmt":"2015-11-12T21:14:35","guid":{"rendered":"https:\/\/arcoiris.com.co\/v3\/?p=18129"},"modified":"2019-08-26T15:08:21","modified_gmt":"2019-08-26T20:08:21","slug":"la-corporacion-nuevo-arco-iris-entre-las-cinco-organizaciones-mas-admiradas-del-pais","status":"publish","type":"post","link":"https:\/\/arcoiris.com.co\/v3\/2015\/11\/la-corporacion-nuevo-arco-iris-entre-las-cinco-organizaciones-mas-admiradas-del-pais\/","title":{"rendered":"La Corporaci\u00f3n Nuevo Arco iris entre las cinco organizaciones m\u00e1s admiradas del pa\u00eds"},"content":{"rendered":"<p style=\"text-align: justify;\"><a href=\"https:\/\/arcoiris.com.co\/v3\/wp-content\/uploads\/2015\/11\/Sin-t\u00edtulo10.png\"><img loading=\"lazy\" decoding=\"async\" class=\"aligncenter wp-image-18130 size-full\" src=\"https:\/\/arcoiris.com.co\/v3\/wp-content\/uploads\/2015\/11\/Sin-t\u00edtulo10.png\" alt=\"Sin t\u00edtulo\" width=\"643\" height=\"856\" srcset=\"https:\/\/arcoiris.com.co\/v3\/wp-content\/uploads\/2015\/11\/Sin-t\u00edtulo10.png 643w, https:\/\/arcoiris.com.co\/v3\/wp-content\/uploads\/2015\/11\/Sin-t\u00edtulo10-225x300.png 225w, https:\/\/arcoiris.com.co\/v3\/wp-content\/uploads\/2015\/11\/Sin-t\u00edtulo10-481x640.png 481w\" sizes=\"(max-width: 643px) 100vw, 643px\" \/><\/a><\/p>\n<p style=\"text-align: justify;\">Cifras &amp; Conceptos publica la s\u00e9ptima versi\u00f3n de Panel de Opini\u00f3n 2015.<\/p>\n<p style=\"text-align: justify;\">En esta ocasi\u00f3n, desde el 7 de julio al 25 de septiembre del a\u00f1o en curso, se recogieron 2.362 respuestas de 18 preguntas con temas, Nacionales (calificaci\u00f3n de ministerios, Presidente de la Rep\u00fablica, desaf\u00edos y paz), Medios de Comunicaci\u00f3n (impresos, radio, televisi\u00f3n, p\u00e1ginas web, columnistas, tuiteros y caricaturistas), Organizaciones y personajes (empresas, ONG\u00b4s, senadores y representantes) y finalmente regionales (calificaci\u00f3n del gobernador y alcalde).<br \/>\nL\u00edderes de opini\u00f3n mayores de 18 a\u00f1os, identificados en cinco redes, fueron la poblaci\u00f3n objetivo de este Panel de Opini\u00f3n, con el cubrimiento geogr\u00e1fico de Antioquia, Atl\u00e1ntico, Bogot\u00e1, Bol\u00edvar, Boyac\u00e1, Caldas, Cauca, Cesar, C\u00f3rdoba, Cundinamarca, Huila, Meta, Norte de Santander, Nari\u00f1o, Risaralda, Santander, Tolima y Valle del Cauca.<\/p>\n<p style=\"text-align: justify;\">Una de las preguntas, abierta y por menci\u00f3n espont\u00e1nea, de esta versi\u00f3n fue: \u00bfCu\u00e1les son las organizaciones de la sociedad civil que usted m\u00e1s admira? Y entre las primeras cinco, se encuentra la Corporaci\u00f3n Nuevo Arco Iris, precedida de la Cruz Roja, la Defensa Civil Colombiana, la Fundaci\u00f3n Pies Descalzos y Fundaci\u00f3n Corona.<\/p>\n<p style=\"text-align: justify;\">Por otro lado en cuanto al Proceso de paz, la pregunta que se formul\u00f3, fue la siguiente: Si el costo de la paz con las FARC es aceptar los siguientes temas, \u00bfcu\u00e1les de los siguientes aceptar\u00eda y cu\u00e1les no? Arrojando como resultado de mayor a menor aceptaci\u00f3n: Referendo popular para ratificar los acuerdos, Participaci\u00f3n electoral de los miembros del secretariado, Cero a\u00f1os de c\u00e1rcel para la tropa rasa y entre 5-8 a\u00f1os para los l\u00edderes (como a los paramilitares), Una asamblea constituyente y por \u00faltimo (de menor aprobaci\u00f3n) la Condena sin pago de c\u00e1rcel para los l\u00edderes.<\/p>\n<p style=\"text-align: justify;\">Ver completas, las preguntas y resultados en <strong><em><a href=\"http:\/\/cifrasyconceptos.com\/wp-content\/uploads\/2015\/11\/CARTILLA-FINAL-PANEL-DE-OPINI%C3%93N-2015-1.pdf?8ab3a8\" target=\"_blank\" rel=\"noopener noreferrer\">Cartilla Final, Panel de Opini\u00f3n Cifras &amp; Conceptos<\/a><\/em><\/strong><\/p>\n","protected":false},"excerpt":{"rendered":"<p>Cifras &amp; Conceptos publica la s\u00e9ptima versi\u00f3n de Panel de Opini\u00f3n 2015. En esta ocasi\u00f3n, desde el 7 de julio al 25 de septiembre del a\u00f1o en curso, se recogieron 2.362 respuestas de 18 preguntas con temas, Nacionales (calificaci\u00f3n de ministerios, Presidente de la Rep\u00fablica, desaf\u00edos y paz), Medios de Comunicaci\u00f3n (impresos, radio, televisi\u00f3n, p\u00e1ginas [&hellip;]<\/p>\n","protected":false},"author":51,"featured_media":18130,"comment_status":"closed","ping_status":"closed","sticky":false,"template":"","format":"standard","meta":{"_et_pb_use_builder":"","_et_pb_old_content":"","_et_gb_content_width":"","footnotes":""},"categories":[1,462],"tags":[],"class_list":["post-18129","post","type-post","status-publish","format-standard","has-post-thumbnail","hentry","category-uncategorized","category-destacado"],"_links":{"self":[{"href":"https:\/\/arcoiris.com.co\/v3\/wp-json\/wp\/v2\/posts\/18129","targetHints":{"allow":["GET"]}}],"collection":[{"href":"https:\/\/arcoiris.com.co\/v3\/wp-json\/wp\/v2\/posts"}],"about":[{"href":"https:\/\/arcoiris.com.co\/v3\/wp-json\/wp\/v2\/types\/post"}],"author":[{"embeddable":true,"href":"https:\/\/arcoiris.com.co\/v3\/wp-json\/wp\/v2\/users\/51"}],"replies":[{"embeddable":true,"href":"https:\/\/arcoiris.com.co\/v3\/wp-json\/wp\/v2\/comments?post=18129"}],"version-history":[{"count":0,"href":"https:\/\/arcoiris.com.co\/v3\/wp-json\/wp\/v2\/posts\/18129\/revisions"}],"wp:featuredmedia":[{"embeddable":true,"href":"https:\/\/arcoiris.com.co\/v3\/wp-json\/wp\/v2\/media\/18130"}],"wp:attachment":[{"href":"https:\/\/arcoiris.com.co\/v3\/wp-json\/wp\/v2\/media?parent=18129"}],"wp:term":[{"taxonomy":"category","embeddable":true,"href":"https:\/\/arcoiris.com.co\/v3\/wp-json\/wp\/v2\/categories?post=18129"},{"taxonomy":"post_tag","embeddable":true,"href":"https:\/\/arcoiris.com.co\/v3\/wp-json\/wp\/v2\/tags?post=18129"}],"curies":[{"name":"wp","href":"https:\/\/api.w.org\/{rel}","templated":true}]}}