{"id":18160,"date":"2015-11-19T16:38:56","date_gmt":"2015-11-19T21:38:56","guid":{"rendered":"https:\/\/arcoiris.com.co\/v3\/?p=18160"},"modified":"2019-08-26T15:08:21","modified_gmt":"2019-08-26T20:08:21","slug":"organizaciones-firman-carta-de-auxilio-por-la-paz-colombiana","status":"publish","type":"post","link":"https:\/\/arcoiris.com.co\/v3\/2015\/11\/organizaciones-firman-carta-de-auxilio-por-la-paz-colombiana\/","title":{"rendered":"Organizaciones firman carta de \u2018auxilio\u2019 por la paz colombiana"},"content":{"rendered":"<div id=\"attachment_18162\" style=\"width: 564px\" class=\"wp-caption aligncenter\"><a href=\"https:\/\/arcoiris.com.co\/v3\/wp-content\/uploads\/2015\/11\/ll.png\" target=\"_blank\" rel=\"noopener noreferrer\"><img loading=\"lazy\" decoding=\"async\" aria-describedby=\"caption-attachment-18162\" class=\"wp-image-18162 size-full\" src=\"https:\/\/arcoiris.com.co\/v3\/wp-content\/uploads\/2015\/11\/ll.png\" alt=\"Imagen tomada de la Rueda de prensa de Contagio radio\" width=\"554\" height=\"274\" srcset=\"https:\/\/arcoiris.com.co\/v3\/wp-content\/uploads\/2015\/11\/ll.png 554w, https:\/\/arcoiris.com.co\/v3\/wp-content\/uploads\/2015\/11\/ll-300x148.png 300w\" sizes=\"(max-width: 554px) 100vw, 554px\" \/><\/a><p id=\"caption-attachment-18162\" class=\"wp-caption-text\">Imagen tomada de la Rueda de prensa de Contagio radio en firma de la carta a favor de la paz<\/p><\/div>\n<p style=\"text-align: justify;\">M\u00e1s de mil Organizaciones de la Sociedad Civil, entre ellas las internacionales, que han estado comprometidas por d\u00e9cadas con el tema de acuerdos que ponen fin al conflicto armado en Colombia, firman la carta de \u201cS.O.S al proceso de paz\u201d.<\/p>\n<p style=\"text-align: justify;\">La carta va dirigida al Presidente de Colombia, Juan Manuel Santos Calder\u00f3n; Jefe Negociador del Gobierno, Humberto de la Calle Lombana; Alto Comisionado de Paz, Sergio Jaramillo Caro; Comandante de las FARC-EP, Rodrigo Londo\u00f1o Echeverry; Jefe Negociador de las FARC-EP, Luciano Mar\u00edn Arango y al comandante del ELN, Nicol\u00e1s Rodr\u00edguez Bautista.<\/p>\n<p style=\"text-align: justify;\">En esta carta las entidades plasman su compromiso con la terminaci\u00f3n de este acuerdo y tambi\u00e9n su clara preocupaci\u00f3n y af\u00e1n acerca de situaciones que, como ellos manifiestan, <em>\u201cpueden poner en riesgo lo logrado hasta el momento por las partes\u201d<\/em>. Las acciones militares en Cartagena, por parte del Ej\u00e9rcito contra las Farc \u2013EP y el incremento de paramilitares en m\u00e1s de quince municipios del pa\u00eds, son algunas de las situaciones mencionadas.<\/p>\n<p style=\"text-align: justify;\">Por otro lado las organizaciones hacen un llamado de atenci\u00f3n a los destinatarios para implementar medidas de desescalamiento de la confrontaci\u00f3n, avanzar r\u00e1pidamente en propuestas concretas para el esclarecimiento del fen\u00f3meno del paramilitarismo, en la finalizaci\u00f3n y difusi\u00f3n del acuerdo sobre el Sistema Integral de Verdad, Justicia y Reparaci\u00f3n y finalmente en la concreci\u00f3n de una Mesa de Conversaciones con el ELN que d\u00e9 inicio a la fase formal de di\u00e1logos.<\/p>\n<p style=\"text-align: justify;\"><strong><em>CARTA:<\/em><\/strong><\/p>\n<p style=\"text-align: justify;\">Las Organizaciones de la Sociedad Civil Internacional abajo firmantes, algunas de las cuales hemos estado comprometidas desde hace m\u00e1s de 30 a\u00f1os con la salida negociada al conflicto armado colombiano, recibimos con benepl\u00e1cito la informaci\u00f3n de la Veedur\u00eda Social hecha p\u00fablica el pasado 8 de noviembre, referida a los \u201cavances que en los \u00faltimos meses ha producido el cumplimiento del alto al fuego unilateral de las Farc\u2013EP y la suspensi\u00f3n de bombardeos por las Fuerzas Militares\u201d.<\/p>\n<p style=\"text-align: justify;\">Sin duda alguna ello ha tra\u00eddo efectos positivos en la vida de las personas que habitan este pa\u00eds. Pese a esta constataci\u00f3n, hemos sido informadas por las organizaciones que integran la Veedur\u00eda Social, as\u00ed como por nuestros socios en terreno, de algunas situaciones que pueden poner en riesgo lo logrado hasta el momento por las partes, en concreto nos referimos a:<\/p>\n<p style=\"padding-left: 30px; text-align: justify;\">1. Persisten acciones militares por parte del Ej\u00e9rcito contra la guerrilla de las FARC-EP, como la ocurrida en Cartagena del Chair\u00e1 en octubre del presente a\u00f1o. Creemos que ello no se corresponde con los anuncios hechos por las partes en el comunicado No.5 del 12 de julio de 2015, referido a \u201cagilizar en La Habana y desescalar en Colombia\u201d sobre protecci\u00f3n a la poblaci\u00f3n civil y pone en riesgo el cese al fuego unilateral y un eventual cese al fuego bilateral.<\/p>\n<p style=\"text-align: justify; padding-left: 30px;\">2. El incremento de estructuras paramilitares constituye un factor de riesgo en varios lugares del pa\u00eds para la poblaci\u00f3n civil y su participaci\u00f3n, para el proceso de paz y para la viabilidad de la implementaci\u00f3n de los acuerdos a los que pueda llegar el Gobierno con las FARC-EP. Seg\u00fan se cita en el s\u00e9ptimo informe de la Veedur\u00eda Social, este hecho se ha dado en zonas en donde existe capacidad operacional de la Fuerza P\u00fablica, entre ellos Bajo Atrato (Choc\u00f3), San Jos\u00e9 de Apartad\u00f3 (Antioquia), Mapirip\u00e1n (Meta), Villanueva, Tauramena y Monterrey (Casanare), El Zulia (Norte de Santander), Buenaventura y Tulu\u00e1 (Valle del Cauca), Corinto, Caloto, Santander de Quilichao, Buenos Aires y Su\u00e1rez (Cauca), Tumaco (Nari\u00f1o), Puerto Libertador (C\u00f3rdoba).<\/p>\n<p style=\"text-align: justify;\">Frente a esto les exhortamos:<\/p>\n<p style=\"padding-left: 30px; text-align: justify;\">1. A implementar medidas de desescalamiento de la confrontaci\u00f3n, y concretar los procedimientos de orden t\u00e9cnico y pol\u00edtico que faciliten el acuerdo de un cese bilateral al fuego y a las hostilidades. Mientras ello se da, les recordamos la obligaci\u00f3n que tienen las partes en conflictos internos no internacionales de respetar los principios y las reglas establecidas por el Derecho Internacional Humanitario \u2013DIH- como los principios de distinci\u00f3n y el del uso de la fuerza dentro de los l\u00edmites de protecci\u00f3n humanitaria, con el fin de minimizar el impacto del conflicto en la poblaci\u00f3n civil.<\/p>\n<p style=\"padding-left: 30px; text-align: justify;\">2. A avanzar r\u00e1pidamente en propuestas concretas para el esclarecimiento del fen\u00f3meno del paramilitarismo, de conformidad con el numeral 7 del punto 3 del Acuerdo General para la Terminaci\u00f3n del Conflicto.<\/p>\n<p style=\"padding-left: 30px; text-align: justify;\">3. A avanzar r\u00e1pidamente en la finalizaci\u00f3n y difusi\u00f3n del acuerdo sobre el Sistema Integral de Verdad, Justicia y Reparaci\u00f3n, que ha sido largamente considerado en beneficio de los derechos de las v\u00edctimas. De esta manera, ellas podr\u00e1n disponerse a participar y preparar sus casos para reclamar sus derechos.<\/p>\n<p style=\"padding-left: 30px; text-align: justify;\">4. A avanzar r\u00e1pidamente en la concreci\u00f3n de una Mesa de Conversaciones con el ELN que d\u00e9 inicio a la fase formal de di\u00e1logos, desescalamiento y posible cese al fuego.<\/p>\n<p style=\"text-align: justify;\">Ver\u00a0<a href=\"https:\/\/arcoiris.com.co\/v3\/wp-content\/uploads\/2015\/11\/Carta-SOS-proceso-de-paz-INTERNACIONALES-final-noviembre-18.pdf\" target=\"_blank\" rel=\"noopener noreferrer\"><strong><em>Carta SOS proceso de paz INTERNACIONALES<\/em><\/strong>\u00a0<\/a><\/p>\n<p style=\"text-align: justify;\">Ver tambi\u00e9n en <em><strong><a href=\"http:\/\/www.justapaz.org\/index.php?option=com_content&amp;view=article&amp;id=456:sos-por-la-paz-de-colombia&amp;catid=19:noticias-justapaz&amp;Itemid=276\" target=\"_blank\" rel=\"noopener noreferrer\">Justapaz<\/a><\/strong><\/em><\/p>\n<p style=\"text-align: justify;\">Ver la rueda de prensa de la firma de esta carta (Fuente: Contagio Radio)<\/p>\n<p><iframe loading=\"lazy\" src=\"https:\/\/www.youtube.com\/embed\/pW1GR6a_6gE\" width=\"560\" height=\"315\" frameborder=\"0\" allowfullscreen=\"allowfullscreen\"><\/iframe><\/p>\n","protected":false},"excerpt":{"rendered":"<p>M\u00e1s de mil Organizaciones de la Sociedad Civil, entre ellas las internacionales, que han estado comprometidas por d\u00e9cadas con el tema de acuerdos que ponen fin al conflicto armado en Colombia, firman la carta de \u201cS.O.S al proceso de paz\u201d. La carta va dirigida al Presidente de Colombia, Juan Manuel Santos Calder\u00f3n; Jefe Negociador del [&hellip;]<\/p>\n","protected":false},"author":51,"featured_media":18162,"comment_status":"closed","ping_status":"closed","sticky":false,"template":"","format":"standard","meta":{"_et_pb_use_builder":"","_et_pb_old_content":"","_et_gb_content_width":"","footnotes":""},"categories":[1,16,462,17,20,18],"tags":[],"class_list":["post-18160","post","type-post","status-publish","format-standard","has-post-thumbnail","hentry","category-uncategorized","category-conflicto-armado","category-destacado","category-paz","category-seguridad","category-victimas"],"_links":{"self":[{"href":"https:\/\/arcoiris.com.co\/v3\/wp-json\/wp\/v2\/posts\/18160","targetHints":{"allow":["GET"]}}],"collection":[{"href":"https:\/\/arcoiris.com.co\/v3\/wp-json\/wp\/v2\/posts"}],"about":[{"href":"https:\/\/arcoiris.com.co\/v3\/wp-json\/wp\/v2\/types\/post"}],"author":[{"embeddable":true,"href":"https:\/\/arcoiris.com.co\/v3\/wp-json\/wp\/v2\/users\/51"}],"replies":[{"embeddable":true,"href":"https:\/\/arcoiris.com.co\/v3\/wp-json\/wp\/v2\/comments?post=18160"}],"version-history":[{"count":0,"href":"https:\/\/arcoiris.com.co\/v3\/wp-json\/wp\/v2\/posts\/18160\/revisions"}],"wp:featuredmedia":[{"embeddable":true,"href":"https:\/\/arcoiris.com.co\/v3\/wp-json\/wp\/v2\/media\/18162"}],"wp:attachment":[{"href":"https:\/\/arcoiris.com.co\/v3\/wp-json\/wp\/v2\/media?parent=18160"}],"wp:term":[{"taxonomy":"category","embeddable":true,"href":"https:\/\/arcoiris.com.co\/v3\/wp-json\/wp\/v2\/categories?post=18160"},{"taxonomy":"post_tag","embeddable":true,"href":"https:\/\/arcoiris.com.co\/v3\/wp-json\/wp\/v2\/tags?post=18160"}],"curies":[{"name":"wp","href":"https:\/\/api.w.org\/{rel}","templated":true}]}}