{"id":18274,"date":"2015-12-15T10:00:02","date_gmt":"2015-12-15T15:00:02","guid":{"rendered":"https:\/\/arcoiris.com.co\/v3\/?p=18274"},"modified":"2019-08-26T15:08:18","modified_gmt":"2019-08-26T20:08:18","slug":"mas-de-190-paises-comprometidos-con-el-cambio-climatico","status":"publish","type":"post","link":"https:\/\/arcoiris.com.co\/v3\/2015\/12\/mas-de-190-paises-comprometidos-con-el-cambio-climatico\/","title":{"rendered":"M\u00e1s de 190 pa\u00edses comprometidos con el cambio clim\u00e1tico"},"content":{"rendered":"<div id=\"attachment_18275\" style=\"width: 861px\" class=\"wp-caption aligncenter\"><a href=\"https:\/\/arcoiris.com.co\/v3\/wp-content\/uploads\/2015\/12\/Logo-alargado.jpg\" rel=\"attachment wp-att-18275\"><img loading=\"lazy\" decoding=\"async\" aria-describedby=\"caption-attachment-18275\" class=\"size-full wp-image-18275\" src=\"https:\/\/arcoiris.com.co\/v3\/wp-content\/uploads\/2015\/12\/Logo-alargado.jpg\" alt=\"Logo COP21\" width=\"851\" height=\"315\" srcset=\"https:\/\/arcoiris.com.co\/v3\/wp-content\/uploads\/2015\/12\/Logo-alargado.jpg 851w, https:\/\/arcoiris.com.co\/v3\/wp-content\/uploads\/2015\/12\/Logo-alargado-300x111.jpg 300w, https:\/\/arcoiris.com.co\/v3\/wp-content\/uploads\/2015\/12\/Logo-alargado-768x284.jpg 768w, https:\/\/arcoiris.com.co\/v3\/wp-content\/uploads\/2015\/12\/Logo-alargado-640x237.jpg 640w\" sizes=\"(max-width: 851px) 100vw, 851px\" \/><\/a><p id=\"caption-attachment-18275\" class=\"wp-caption-text\">Logo COP21<\/p><\/div>\n<p style=\"text-align: justify;\">Este fin de semana se aprob\u00f3 el acuerdo en el que los pa\u00edses firmantes se comprometen a reducir la temperatura global, disminuyendo la emisi\u00f3n de gases del efecto invernadero.<\/p>\n<p style=\"text-align: justify;\">Durante dos semanas, desde el lunes 30 de noviembre hasta el viernes 11 de diciembre, representantes de 195 pa\u00edses asistieron a la Conferencia Internacional sobre Cambio Clim\u00e1tico n\u00famero 21 (Conferencia de las Partes -COP21-) en par\u00eds.<\/p>\n<p style=\"text-align: justify;\">Es necesario entender que el planeta est\u00e1 en peligro y por lo tanto todos tenemos la obligaci\u00f3n de protegerlo. El cambio clim\u00e1tico es lo que se est\u00e1 viviendo desde hace d\u00e9cadas, debido al aumento en la temperatura de la tierra y que tiene como origen, la Revoluci\u00f3n Industrial (que surge a mediados del siglo XVIII y principios del XIX), \u00e9poca en que la quema de petr\u00f3leo, gas y carb\u00f3n dejaba emisiones que quedaban atrapadas en la atm\u00f3sfera generando un efecto invernadero; situaci\u00f3n que al d\u00eda de hoy se sigue presentando y que es de suma Importancia combatir porque, de superar los 2\u00baC el aspecto econ\u00f3mico, social, pol\u00edtico, cultural y ambiental en todas las regiones del mundo, tendr\u00edan impactos peligrosos, por lo tanto de llegar a una temperatura de 4\u00baC la vida humana ser\u00eda m\u00e1s que bien, dif\u00edcil.<\/p>\n<p style=\"text-align: justify;\">\u201cSeg\u00fan la ONU, Colombia es el tercer pa\u00eds del mundo m\u00e1s vulnerable al cambio clim\u00e1tico. Su agricultura, sus ecosistemas, su seguridad alimentaria, sus fuentes de agua, sus ciudades van a enfrentar cambios cr\u00edticos\u201d. (Ver en <em><a href=\"http:\/\/library.fes.de\/pdf-files\/bueros\/la-energiayclima\/09155.pdf\" target=\"_blank\" rel=\"noopener noreferrer\">LAS CUMBRES DE LAS NACIONES UNIDAS SOBRE CAMBIO CLIM\u00c1TICO<\/a><\/em>)<\/p>\n<p style=\"text-align: justify;\">Aunque en a\u00f1os pasados se firmaron acuerdos, esos pactos no se cumplieron y es por ello que en esta ocasi\u00f3n varias caracter\u00edsticas de \u00e9ste son nuevas, de manera que los pa\u00edses comprometidos tengan el deber, s\u00ed o s\u00ed de cumplir con lo establecido en el acuerdo, acuerdo que se compone de: No permitir que la temperatura global se acerque a los dos grados cent\u00edgrados. El acuerdo es jur\u00eddicamente vinculante para los pa\u00edses firmantes, es decir, que el texto final firmado en Par\u00eds tiene efectos legales sobre los pa\u00edses que se comprometieron. Fondos cercanos a los US$100.000 millones para los pa\u00edses en desarrollo a partir de 2020 y por \u00faltimo se revisar\u00e1 cada cinco a\u00f1os, encuentros en los que fijar\u00e1n los objetivos nacionales (de cada pa\u00eds) para reducir la emisi\u00f3n de gases de efecto invernadero. 186 de los 195 pa\u00edses participantes en la cumbre ya lo han hecho. (Ver <em><a href=\"http:\/\/www.bbc.com\/mundo\/noticias\/2015\/12\/151211_cumbre_clima_paris_cop21_acuerdo_az\" target=\"_blank\" rel=\"noopener noreferrer\">COP21: aprueban hist\u00f3rico acuerdo contra el cambio clim\u00e1tico en la cumbre de Par\u00eds<\/a><\/em>)<\/p>\n<p style=\"text-align: justify;\">El acuerdo, seg\u00fan rese\u00f1\u00f3 un despacho de la Agencia EFE, entrar\u00eda en vigor en 2020, tiene vocaci\u00f3n de perdurar hasta 2050 y sustituir\u00eda la segunda fase del Protocolo de Kyoto, aunque a diferencia de \u00e9ste, que s\u00f3lo inclu\u00eda a un grupo de pa\u00edses industrializados que representan el 11 % de las emisiones, el nuevo acuerdo incluye responsabilidades para todos los pa\u00edses y cubrir\u00eda casi el 100 % de los gases. (Ver <em><a href=\"http:\/\/www.telam.com.ar\/notas\/201511\/128606-cumbre-mundial-cambio-climatico-calentamiento-global-francia.html\" target=\"_blank\" rel=\"noopener noreferrer\">La cumbre sobre cambio clim\u00e1tico busca soluciones al calentamiento global<\/a><\/em>)<\/p>\n<p style=\"text-align: justify;\">Para finalizar Colombia se comprometi\u00f3 a reducir las emisiones de gases efecto invernadero en un 20 % con respecto a las emisiones proyectadas para el a\u00f1o 2030 as\u00ed como tambi\u00e9n se comprometi\u00f3 a incluir en el 100 % del territorio nacional planes de cambio clim\u00e1tico, monitoreados mediante un Sistema Nacional de Indicadores de Adaptaci\u00f3n.<\/p>\n<p style=\"text-align: justify;\"><a href=\"https:\/\/arcoiris.com.co\/v3\/wp-content\/uploads\/2015\/12\/CumbreCambioClimatico-700x500.jpg\" rel=\"attachment wp-att-18276\"><img loading=\"lazy\" decoding=\"async\" class=\"aligncenter size-full wp-image-18276\" src=\"https:\/\/arcoiris.com.co\/v3\/wp-content\/uploads\/2015\/12\/CumbreCambioClimatico-700x500.jpg\" alt=\"CumbreCambioClimatico-700x500\" width=\"700\" height=\"500\" srcset=\"https:\/\/arcoiris.com.co\/v3\/wp-content\/uploads\/2015\/12\/CumbreCambioClimatico-700x500.jpg 700w, https:\/\/arcoiris.com.co\/v3\/wp-content\/uploads\/2015\/12\/CumbreCambioClimatico-700x500-300x214.jpg 300w, https:\/\/arcoiris.com.co\/v3\/wp-content\/uploads\/2015\/12\/CumbreCambioClimatico-700x500-640x457.jpg 640w\" sizes=\"(max-width: 700px) 100vw, 700px\" \/><\/a><\/p>\n","protected":false},"excerpt":{"rendered":"<p>Este fin de semana se aprob\u00f3 el acuerdo en el que los pa\u00edses firmantes se comprometen a reducir la temperatura global, disminuyendo la emisi\u00f3n de gases del efecto invernadero. Durante dos semanas, desde el lunes 30 de noviembre hasta el viernes 11 de diciembre, representantes de 195 pa\u00edses asistieron a la Conferencia Internacional sobre Cambio [&hellip;]<\/p>\n","protected":false},"author":51,"featured_media":18275,"comment_status":"closed","ping_status":"closed","sticky":false,"template":"","format":"standard","meta":{"_et_pb_use_builder":"","_et_pb_old_content":"","_et_gb_content_width":"","footnotes":""},"categories":[4,462,41,19],"tags":[],"class_list":["post-18274","post","type-post","status-publish","format-standard","has-post-thumbnail","hentry","category-a-profundidad","category-destacado","category-territorio-y-desarrollo","category-tierras"],"_links":{"self":[{"href":"https:\/\/arcoiris.com.co\/v3\/wp-json\/wp\/v2\/posts\/18274","targetHints":{"allow":["GET"]}}],"collection":[{"href":"https:\/\/arcoiris.com.co\/v3\/wp-json\/wp\/v2\/posts"}],"about":[{"href":"https:\/\/arcoiris.com.co\/v3\/wp-json\/wp\/v2\/types\/post"}],"author":[{"embeddable":true,"href":"https:\/\/arcoiris.com.co\/v3\/wp-json\/wp\/v2\/users\/51"}],"replies":[{"embeddable":true,"href":"https:\/\/arcoiris.com.co\/v3\/wp-json\/wp\/v2\/comments?post=18274"}],"version-history":[{"count":0,"href":"https:\/\/arcoiris.com.co\/v3\/wp-json\/wp\/v2\/posts\/18274\/revisions"}],"wp:featuredmedia":[{"embeddable":true,"href":"https:\/\/arcoiris.com.co\/v3\/wp-json\/wp\/v2\/media\/18275"}],"wp:attachment":[{"href":"https:\/\/arcoiris.com.co\/v3\/wp-json\/wp\/v2\/media?parent=18274"}],"wp:term":[{"taxonomy":"category","embeddable":true,"href":"https:\/\/arcoiris.com.co\/v3\/wp-json\/wp\/v2\/categories?post=18274"},{"taxonomy":"post_tag","embeddable":true,"href":"https:\/\/arcoiris.com.co\/v3\/wp-json\/wp\/v2\/tags?post=18274"}],"curies":[{"name":"wp","href":"https:\/\/api.w.org\/{rel}","templated":true}]}}